{"id":30349,"date":"2026-03-06T15:02:13","date_gmt":"2026-03-06T15:02:13","guid":{"rendered":"https:\/\/www.europesays.com\/be-fr\/30349\/"},"modified":"2026-03-06T15:02:13","modified_gmt":"2026-03-06T15:02:13","slug":"radio-intensite-la-maison-jaune-rouvre-a-pontgoin-avec-une-nouvelle-equipe","status":"publish","type":"post","link":"https:\/\/www.europesays.com\/be-fr\/30349\/","title":{"rendered":"RADIO INTENSITE | La Maison Jaune rouvre \u00e0 Pontgoin avec une nouvelle \u00e9quipe"},"content":{"rendered":"\n<p style=\"text-align: justify;\">La Maison Jaune rouvre ses portes ce samedi 7 mars 2026, avec une inauguration pr\u00e9vue de 11h \u00e0 18h. Un verre de l\u2019amiti\u00e9 sera propos\u00e9 \u00e0 13h, suivi d\u2019une animation dansante \u00e0 17h avec le groupe Fol\u2019koloc. La nouvelle \u00e9quipe souhaite poursuivre la mise \u00e0 l\u2019honneur des producteurs locaux et recherche activement des b\u00e9n\u00e9voles pour participer aux \u00e9v\u00e9nements \u00e0 venir. Les int\u00e9ress\u00e9s peuvent contacter le 09 71 55 28 70.<\/p>\n","protected":false},"excerpt":{"rendered":"La Maison Jaune rouvre ses portes ce samedi 7 mars 2026, avec une inauguration pr\u00e9vue de 11h \u00e0&hellip;\n","protected":false},"author":2,"featured_media":30350,"comment_status":"","ping_status":"","sticky":false,"template":"","format":"standard","meta":{"footnotes":"","_share_on_mastodon":"0"},"categories":[98],"tags":[12,13,18,17,96,95,2539,16176,107,108,16177,16178,16179],"class_list":["post-30349","post","type-post","status-publish","format-standard","has-post-thumbnail","category-musique","tag-be","tag-be-fr","tag-belgique","tag-belgium","tag-divertissement","tag-entertainment","tag-eure-et-loir","tag-la-maison-jaune","tag-music","tag-musique","tag-pontgoin","tag-reouverture","tag-resto-bistro-associatif"],"share_on_mastodon":{"url":"https:\/\/pubeurope.com\/@be_fr\/116182839941659875","error":""},"_links":{"self":[{"href":"https:\/\/www.europesays.com\/be-fr\/wp-json\/wp\/v2\/posts\/30349","targetHints":{"allow":["GET"]}}],"collection":[{"href":"https:\/\/www.europesays.com\/be-fr\/wp-json\/wp\/v2\/posts"}],"about":[{"href":"https:\/\/www.europesays.com\/be-fr\/wp-json\/wp\/v2\/types\/post"}],"author":[{"embeddable":true,"href":"https:\/\/www.europesays.com\/be-fr\/wp-json\/wp\/v2\/users\/2"}],"replies":[{"embeddable":true,"href":"https:\/\/www.europesays.com\/be-fr\/wp-json\/wp\/v2\/comments?post=30349"}],"version-history":[{"count":0,"href":"https:\/\/www.europesays.com\/be-fr\/wp-json\/wp\/v2\/posts\/30349\/revisions"}],"wp:featuredmedia":[{"embeddable":true,"href":"https:\/\/www.europesays.com\/be-fr\/wp-json\/wp\/v2\/media\/30350"}],"wp:attachment":[{"href":"https:\/\/www.europesays.com\/be-fr\/wp-json\/wp\/v2\/media?parent=30349"}],"wp:term":[{"taxonomy":"category","embeddable":true,"href":"https:\/\/www.europesays.com\/be-fr\/wp-json\/wp\/v2\/categories?post=30349"},{"taxonomy":"post_tag","embeddable":true,"href":"https:\/\/www.europesays.com\/be-fr\/wp-json\/wp\/v2\/tags?post=30349"}],"curies":[{"name":"wp","href":"https:\/\/api.w.org\/{rel}","templated":true}]}}