{"id":33411,"date":"2026-03-08T22:03:06","date_gmt":"2026-03-08T22:03:06","guid":{"rendered":"https:\/\/www.europesays.com\/be-fr\/33411\/"},"modified":"2026-03-08T22:03:06","modified_gmt":"2026-03-08T22:03:06","slug":"cest-un-bonheur-detre-ici-santa-a-offert-un-moment-suspendu-au-public-de-forest-national","status":"publish","type":"post","link":"https:\/\/www.europesays.com\/be-fr\/33411\/","title":{"rendered":"\u00ab\u00a0C&rsquo;est un bonheur d&rsquo;\u00eatre ici\u00a0\u00bb\u00a0: Santa a offert un moment suspendu au public de Forest National"},"content":{"rendered":"<p class=\"ap-StoryElement ap-StoryElement--mb ap-StoryText\">Santa ne se contente pas de chanter. Elle habite chaque morceau. Presque constamment suspendue dans les airs, parfois devant son piano, parfois seule dans le vide, elle transforme la sc\u00e8ne en v\u00e9ritable espace a\u00e9rien. Cette mise en sc\u00e8ne audacieuse souligne encore davantage l&rsquo;\u00e9l\u00e9ment central du spectacle : sa voix. Puissante, pr\u00e9cise, vibrante, elle traverse la salle avec une facilit\u00e9 d\u00e9concertante et provoque \u00e0 plusieurs reprises de longs frissons collectifs.<\/p>\n<p class=\"ap-StoryElement ap-StoryElement--mb ap-StoryText\">Entre deux titres, l&rsquo;artiste prend aussi le temps de rappeler le lien particulier qui l&rsquo;unit \u00e0 la capitale belge. \u00ab\u00a0C&rsquo;est un bonheur d&rsquo;\u00eatre ici \u00e0 Bruxelles\u00a0\u00bb, confie-t-elle sous les applaudissements. Puis elle ajoute, avec une \u00e9motion visible : \u00ab\u00a0Tout a commenc\u00e9 ici \u00e0 Bruxelles quand j&rsquo;ai eu l&rsquo;id\u00e9e de faire voler un piano Place de la Bourse.\u00a0\u00bb<\/p>\n<p class=\"ap-StoryElement ap-StoryElement--mb ap-StoryText\">Le concert encha\u00eene les moments forts. Le public reprend en ch\u0153ur les refrains de ses chansons les plus populaires comme Pop corn sal\u00e9 ou encore l&rsquo;entra\u00eenante Dis moi oui.<\/p>\n<p><a href=\"https:\/\/www.dhnet.be\/medias\/musique\/2026\/02\/08\/generation-celine-debarque-en-belgique-meme-si-celine-dion-etait-morte-il-ne-faudrait-jamais-faire-ca-WOE3NTPWJFC75I4VQBNYFTCTNY\/\" target=\"_self\" class=\"ap-StoryInterstitialLink ap-StoryElement ap-StoryElement--mb\" rel=\"nofollow noopener\">\u00ab\u00a0G\u00e9n\u00e9ration C\u00e9line\u00a0\u00bb d\u00e9barque en Belgique : \u00ab\u00a0M\u00eame si C\u00e9line Dion \u00e9tait morte, il ne faudrait jamais faire \u00e7a\u00a0\u00bb<\/a><\/p>\n<p class=\"ap-StoryElement ap-StoryElement--mb ap-StoryText\">Mais le moment le plus marquant arrive avec le final. Pour interpr\u00e9ter Recommence-moi, Santa quitte la sc\u00e8ne et descend dans la foule. Elle traverse la salle, serre des mains, chante \u00e0 quelques centim\u00e8tres de son public et poursuit son chemin jusque derri\u00e8re la r\u00e9gie. Une mani\u00e8re spectaculaire et sinc\u00e8re de cl\u00f4turer le concert : au milieu de celles et ceux qui la suivent depuis le d\u00e9but.<\/p>\n<p class=\"ap-StoryElement ap-StoryElement--mb ap-StoryText\">Entre prouesse vocale, mise en sc\u00e8ne vertigineuse et proximit\u00e9 rare avec son public, Santa a offert \u00e0 Forest National une soir\u00e9e aussi impressionnante qu&rsquo;\u00e9mouvante.<\/p>\n","protected":false},"excerpt":{"rendered":"Santa ne se contente pas de chanter. Elle habite chaque morceau. Presque constamment suspendue dans les airs, parfois&hellip;\n","protected":false},"author":2,"featured_media":33412,"comment_status":"","ping_status":"","sticky":false,"template":"","format":"standard","meta":{"footnotes":"","_share_on_mastodon":"0"},"categories":[83],"tags":[12,13,18,17,46,366,96,95,17745,108,17744],"class_list":["post-33411","post","type-post","status-publish","format-standard","has-post-thumbnail","category-divertissement","tag-be","tag-be-fr","tag-belgique","tag-belgium","tag-bruxelles","tag-concert","tag-divertissement","tag-entertainment","tag-forest-national","tag-musique","tag-santa"],"share_on_mastodon":{"url":"https:\/\/pubeurope.com\/@be_fr\/116195819775910128","error":""},"_links":{"self":[{"href":"https:\/\/www.europesays.com\/be-fr\/wp-json\/wp\/v2\/posts\/33411","targetHints":{"allow":["GET"]}}],"collection":[{"href":"https:\/\/www.europesays.com\/be-fr\/wp-json\/wp\/v2\/posts"}],"about":[{"href":"https:\/\/www.europesays.com\/be-fr\/wp-json\/wp\/v2\/types\/post"}],"author":[{"embeddable":true,"href":"https:\/\/www.europesays.com\/be-fr\/wp-json\/wp\/v2\/users\/2"}],"replies":[{"embeddable":true,"href":"https:\/\/www.europesays.com\/be-fr\/wp-json\/wp\/v2\/comments?post=33411"}],"version-history":[{"count":0,"href":"https:\/\/www.europesays.com\/be-fr\/wp-json\/wp\/v2\/posts\/33411\/revisions"}],"wp:featuredmedia":[{"embeddable":true,"href":"https:\/\/www.europesays.com\/be-fr\/wp-json\/wp\/v2\/media\/33412"}],"wp:attachment":[{"href":"https:\/\/www.europesays.com\/be-fr\/wp-json\/wp\/v2\/media?parent=33411"}],"wp:term":[{"taxonomy":"category","embeddable":true,"href":"https:\/\/www.europesays.com\/be-fr\/wp-json\/wp\/v2\/categories?post=33411"},{"taxonomy":"post_tag","embeddable":true,"href":"https:\/\/www.europesays.com\/be-fr\/wp-json\/wp\/v2\/tags?post=33411"}],"curies":[{"name":"wp","href":"https:\/\/api.w.org\/{rel}","templated":true}]}}