{"id":35953,"date":"2026-03-10T17:44:11","date_gmt":"2026-03-10T17:44:11","guid":{"rendered":"https:\/\/www.europesays.com\/be-fr\/35953\/"},"modified":"2026-03-10T17:44:11","modified_gmt":"2026-03-10T17:44:11","slug":"etre-a-ce-point-la-passoire-de-leurope-cest-une-catastrophe-philippe-close-fustige-linaction-des-anversois-de-larizona","status":"publish","type":"post","link":"https:\/\/www.europesays.com\/be-fr\/35953\/","title":{"rendered":"\u00ab\u00a0\u00catre \u00e0 ce point la passoire de l&rsquo;Europe, c&rsquo;est une catastrophe\u00a0\u00bb: Philippe Close fustige l&rsquo;inaction des \u00ab\u00a0Anversois\u00a0\u00bb de l&rsquo;Arizona"},"content":{"rendered":"<p class=\"ap-StoryElement ap-StoryElement--mb ap-StoryText\">Au lendemain de sa nomination, le nouveau ministre-pr\u00e9sident Boris Dilli\u00e8s a montr\u00e9 les muscles gare du Midi ; semaine pass\u00e9e, il a convoqu\u00e9 <a href=\"https:\/\/www.lalibre.be\/belgique\/societe\/2026\/03\/04\/a-bruxelles-la-menace-est-stable-mais-haute-et-extremement-elevee-a-certains-endroits-FHKCTS4FXFCVTB2C4QNJ3OBNPM\/\" target=\"_self\" rel=\"nofollow noopener\">un conseil r\u00e9gional de s\u00e9curit\u00e9<\/a>\u2026 Du show ?<\/p>\n<p class=\"ap-StoryElement ap-StoryElement--mb ap-StoryText\">\u00ab\u00a0Avec la loi sur la fusion des zones de police, le choix est fait : la s\u00e9curit\u00e9, ce sont les bourgmestres. Il restera un peu de coordination, mais la loi qui vient d&rsquo;\u00eatre vot\u00e9e dit une fois pour toutes que les affaires de police, \u00e7a se passe dans les communes, pas \u00e0 la R\u00e9gion. <a href=\"https:\/\/www.lalibre.be\/belgique\/politique-belge\/2026\/03\/04\/boris-dillies-rejoint-officiellement-le-gouvernement-de-la-federation-wallonie-bruxelles-Z23EQ5U7LRAINBUAJ4O7K4NQJM\/\" target=\"_self\" rel=\"nofollow noopener\">Le ministre-pr\u00e9sident<\/a>, le vice-gouverneur et la haute fonctionnaire sont invit\u00e9s et ont un r\u00f4le consultatif. Les partis n\u00e9erlandophones voulaient que la police devienne r\u00e9gionale. Le d\u00e9bat n&rsquo;est plus l\u00e0. On ne voulait pas la fusion mais ce qui est s\u00fbr, c&rsquo;est que notre pouvoir communal est renforc\u00e9. Nous, les bourgmestres, sommes la police. La R\u00e9gion joue un r\u00f4le d&rsquo;appui.\u00a0\u00bb<\/p>\n<p><a href=\"https:\/\/www.lalibre.be\/belgique\/politique-belge\/2026\/03\/05\/reunion-de-crise-sur-liran-boris-dillies-un-nouveau-sherif-aux-leviers-limites-SQANUCIXUJCKLIJZUWJRV5TZXU\/\" target=\"_self\" class=\"ap-StoryInterstitialLink ap-StoryElement ap-StoryElement--mb\" rel=\"nofollow noopener\">R\u00e9union de crise sur l&rsquo;Iran : Boris Dilli\u00e8s, un \u00ab\u00a0nouveau sh\u00e9rif\u00a0\u00bb aux leviers limit\u00e9s<\/a><\/p>\n<p class=\"ap-StoryElement ap-StoryElement--mb ap-StoryText\">Ce sont aussi les communes qui financent les zones en bonne partie\u2026<\/p>\n<p class=\"ap-StoryElement ap-StoryElement--mb ap-StoryText\">\u00ab\u00a0Le vrai enjeu maintenant, \u00e7a va \u00eatre de voir comment on fait pour ne pas s&rsquo;engueuler entre nous. Pour la simple et bonne raison qu&rsquo;on nous demande une norme de croissance budg\u00e9taire de 7,5 % sans financement suppl\u00e9mentaire. Autrement dit, si l&rsquo;on veut garder le m\u00eame nombre de policiers \u00e0 Bruxelles (environ 6 500), on doit pr\u00e9voir une augmentation de nos dotations communales de 7,5 % par an. C&rsquo;est intenable. On peut assumer une croissance de 1,5 ou 2 %, \u00e7a para\u00eet normal. 7,5 % ce n&rsquo;est pas possible. C&rsquo;est beaucoup trop.\u00a0\u00bb<\/p>\n<p class=\"ap-StoryElement ap-StoryElement--mb ap-StoryText\">Bernard Quintin pr\u00e9voit une r\u00e9forme de la norme KUL qui refinancera les grandes zones de police.<\/p>\n<p class=\"ap-StoryElement ap-StoryElement--mb ap-StoryText\">\u00ab\u00a0Oui. On l&rsquo;attend. Cette norme KUL n&rsquo;a jamais \u00e9t\u00e9 calcul\u00e9e pour Bruxelles. Il faut aujourd&rsquo;hui que Bruxelles ait son d\u00fb. Bernard Quintin a dit que la r\u00e9vision de cette norme et la fusion des zones bruxelloises (pr\u00e9vue pour le 1er janvier 2027, NdlR) seraient consubstantielles. Autrement dit, pas l&rsquo;une sans l&rsquo;autre. Il est revenu nous dire il y a trois semaines qu&rsquo;il n&rsquo;avait pas dit ce mot par hasard. On voit que la r\u00e9forme des zones avance. Cette mont\u00e9e en puissance pour Bruxelles \u2013 et les grandes villes du pays \u2013 serait d&rsquo;ailleurs une prime logique \u00e0 notre fusion. Il n&rsquo;est pas question qu&rsquo;\u00e0 un moment donn\u00e9, on ait moins de policiers \u00e0 Bruxelles. On ne veut pas perdre un homme.\u00a0\u00bb<\/p>\n<p><a href=\"https:\/\/www.lalibre.be\/belgique\/judiciaire\/2025\/04\/15\/voici-le-plan-fusion-des-zones-de-police-bruxelloises-on-nous-accuse-de-vouloir-tuer-la-police-de-proximite-au-contraire-nous-allons-la-renforcer-HHM5VK4BSFHPTKUFIIPRVT7QPM\/\" target=\"_self\" class=\"ap-StoryInterstitialLink ap-StoryElement ap-StoryElement--mb\" rel=\"nofollow noopener\">Voici le plan fusion des zones de police bruxelloises: \u00ab\u00a0On nous accuse de vouloir tuer la police de proximit\u00e9. Au contraire, nous allons la renforcer\u00a0\u00bb<\/a><\/p>\n<p class=\"ap-StoryElement ap-StoryElement--mb ap-StoryText\">Il faut combien ?<\/p>\n<p class=\"ap-StoryElement ap-StoryElement--mb ap-StoryText\">\u00ab\u00a0Une estimation financi\u00e8re a \u00e9t\u00e9 men\u00e9e par Bruxelles Pouvoirs Locaux. Cela va de 30 \u00e0 60 millions d&rsquo;euros en plus par an.\u00a0\u00bb<\/p>\n<p class=\"ap-StoryElement ap-StoryElement--mb ap-StoryText\">Tr\u00e8s offensifs contre cette r\u00e9forme pendant de longs mois, les bourgmestres bruxellois semblent aujourd&rsquo;hui r\u00e9sign\u00e9s.<\/p>\n<p class=\"ap-StoryElement ap-StoryElement--mb ap-StoryText\">\u00ab\u00a0On a vu que ce texte a \u00e9t\u00e9 vot\u00e9 extr\u00eamement rapidement. Je pense qu&rsquo;il reste des gros probl\u00e8mes sur la l\u00e9gitimit\u00e9 des bourgmestres \u00e0 porter des budgets pour la police sans le mandat de leur conseil communal. Il y a encore des choses dans la loi qui nous semblent bizarres. Ce n&rsquo;est pas ce que je souhaitais. Je pense qu&rsquo;il y avait moyen de faire autre chose sur la s\u00e9curit\u00e9. Mais je suis un l\u00e9galiste : la r\u00e9forme est l\u00e0, il faut pouvoir agir avec \u00e7a.\u00a0\u00bb<\/p>\n<p><a href=\"https:\/\/www.lalibre.be\/belgique\/politique-belge\/2026\/02\/02\/bernard-quintin-veut-fusionner-les-zones-de-police-de-176-a-60-la-fragmentation-actuelle-nest-pas-bonne-pour-la-securite-OGYFRLYOZVGLRJJF5NBUWQEJMY\/\" target=\"_self\" class=\"ap-StoryInterstitialLink ap-StoryElement ap-StoryElement--mb\" rel=\"nofollow noopener\">Fusion des zones de police : pour les bourgmestres bruxellois,le projet est discriminatoire<\/a><\/p>\n<p class=\"ap-StoryElement ap-StoryElement--mb ap-StoryText\">Olivier Maingain \u00e9tudie la possibilit\u00e9 d&rsquo;intenter un recours, notamment sur le fait que cette r\u00e9forme est impos\u00e9e \u00e0 Bruxelles, sugg\u00e9r\u00e9e ailleurs dans le pays.<\/p>\n<p class=\"ap-StoryElement ap-StoryElement--mb ap-StoryText\">\u00ab\u00a0En effet. \u00c7a reste quand m\u00eame un peu sp\u00e9cial. Pourquoi Bruxelles et pas d&rsquo;autres grandes m\u00e9tropoles ? Aussi, pourquoi juste les 19 communes ? Pourquoi pas Grimbergen, Kraainem, Wemmel, Drogenbos, Vilvorde ? Ces microzones du Brabant flamand n&rsquo;ont pas de capacit\u00e9. Pourquoi ne pas, si l&rsquo;on veut pousser la r\u00e9flexion jusqu&rsquo;au bout, les absorber \u00e0 Bruxelles ? \u00c0 titre d&rsquo;exemple, \u00e0 Vilvorde, il n&rsquo;y a pas de commissariat ouvert 24h\/24. Les gens viennent d\u00e9poser plainte \u00e0 Neder-over-Heembeek\u2026 Si les Flamands sont pr\u00eats \u00e0 d\u00e9passer leurs clivages et nous disent que cette r\u00e9forme n&rsquo;est pas id\u00e9ologique, que ces communes qui bordent la R\u00e9gion viennent dans la zone unique.\u00a0\u00bb<\/p>\n<p class=\"ap-StoryElement ap-StoryElement--mb ap-StoryText\">Sur le plan op\u00e9rationnel, que va changer cette fusion ?<\/p>\n<p class=\"ap-StoryElement ap-StoryElement--mb ap-StoryText\">\u00ab\u00a0Il va falloir s&rsquo;interroger sur le nombre de commissariats. Je peux comprendre que tout le monde veuille garder ses commissariats mais, \u00e0 mon avis, \u00e7a va \u00eatre compliqu\u00e9.\u00a0\u00bb<\/p>\n<p class=\"ap-StoryElement ap-StoryElement--mb ap-StoryText\">Pourquoi ?<\/p>\n<p class=\"ap-StoryElement ap-StoryElement--mb ap-StoryText\">\u00ab\u00a0Aujourd&rsquo;hui, on compte 14 commissariats ouverts 7 jours sur 7, 24h\/24 sur le territoire r\u00e9gional. C&rsquo;est beaucoup. Anvers en a un. Pour moi, c&rsquo;est la police qui doit aller chez les citoyens, pas l&rsquo;inverse. Si vous avez un probl\u00e8me de s\u00e9curit\u00e9, vous appelez le 101 et la police vient chez vous. Tout le monde a l&rsquo;impression que, quand on ferme un commissariat, on enl\u00e8ve la police. C&rsquo;est l&rsquo;inverse. Un commissariat ouvert, c&rsquo;est plusieurs policiers forc\u00e9s de rester \u00e0 l&rsquo;int\u00e9rieur plut\u00f4t que d&rsquo;\u00eatre sur le terrain. \u00c7a mange une capacit\u00e9 inutile. J&rsquo;ai une obsession : c&rsquo;est <a href=\"https:\/\/www.lalibre.be\/belgique\/judiciaire\/2026\/01\/26\/drogues-fusillades-vols-avec-violence-laugmentation-de-linsecurite-a-bruxelles-un-fantasme-ou-une-realite-XAD2AFFYVVFLLKOKPKVLF4CYU4\/\" target=\"_self\" rel=\"nofollow noopener\">plus de bleu en rue<\/a>. Les Bruxellois veulent des policiers dans la rue, pas dans les bureaux. Par contre, les patrouilles devront partir de diff\u00e9rents endroits. Pas d&rsquo;un commissariat unique o\u00f9 elles mettent 30 minutes pour aller \u00e0 Woluwe-Saint-Lambert ou \u00e0 Berchem-Sainte-Agathe. Il faut garder une police de proximit\u00e9 et il y aura une gestion par districts. Il ne faut pas qu&rsquo;un bourgmestre doive appeler une cascade de personnes avant de pouvoir agir. Il faut un r\u00e9f\u00e9rent. Ce n&rsquo;est pas le pr\u00e9sident du coll\u00e8ge de police qui pourra d\u00e9cider pour une autre commune.\u00a0\u00bb<\/p>\n<p><a href=\"https:\/\/www.lalibre.be\/debats\/opinions\/2026\/02\/18\/vous-avez-dit-police-de-proximite-P6DJCXYBNZE4ZK7NXJK3B7COOU\/\" target=\"_self\" class=\"ap-StoryInterstitialLink ap-StoryElement ap-StoryElement--mb\" rel=\"nofollow noopener\">Vous avez dit police de proximit\u00e9 ?<\/a><\/p>\n<p class=\"ap-StoryElement ap-StoryElement--mb ap-StoryText\">Qui va devoir se sacrifier ?<\/p>\n<p class=\"ap-StoryElement ap-StoryElement--mb ap-StoryText\">\u00ab\u00a0Tous les projets de grosse r\u00e9novation, de construction de commissariats ont \u00e9t\u00e9 mis en suspens par les bourgmestres, par loyaut\u00e9 vis-\u00e0-vis des uns et des autres. M\u00eame si cela aurait du sens que le projet de la rue de Ligne (futur commissariat central de la future ex-zone Bruxelles-Capitale-Ixelles, NdlR) soit d\u00e9sign\u00e9 commissariat central de la nouvelle zone unique. Tout est pr\u00eat.\u00a0\u00bb<\/p>\n<p><img loading=\"lazy\" decoding=\"async\" class=\"w-full lazyload lazyload--opacity object-contain\" style=\"aspect-ratio:150 \/ 100;opacity:1\" alt=\"Philippe Close Bourgmestre de Bruxelles\" width=\"768\" height=\"512\" fetchpriority=\"auto\" src=\"https:\/\/www.europesays.com\/be-fr\/wp-content\/uploads\/2026\/02\/1771922288_501_S5VKD3X55FFF3BW6V4SEHXNP7I.png\"  data- data-optimumx=\"1\"\/><img loading=\"lazy\" decoding=\"async\" src=\"https:\/\/www.europesays.com\/be-fr\/wp-content\/uploads\/2026\/03\/VZYG3VH55BA27F7CQG7TOJKBBI.jpg\" width=\"768\" height=\"512\" alt=\"Philippe Close Bourgmestre de Bruxelles\" class=\"absolute inset-0 w-full\"\/>Philippe Close Bourgmestre de Bruxelles \u00a9Bernard Demoulin<\/p>\n<p class=\"ap-StoryElement ap-StoryElement--mb ap-StoryText\">Il y a quelques semaines, le <a href=\"https:\/\/www.lalibre.be\/belgique\/judiciaire\/2025\/12\/29\/a-bruxelles-leffet-julien-moinil-se-fait-deja-ressentir-LXFSVABCWRHBVJJHPLCAS7DBFQ\/\" target=\"_self\" rel=\"nofollow noopener\">procureur du Roi Julien Moinil<\/a> a menac\u00e9 les bourgmestres de ne plus plus encoder certains proc\u00e8s verbaux ?<\/p>\n<p class=\"ap-StoryElement ap-StoryElement--mb ap-StoryText\">\u00ab\u00a0Disons qu&rsquo;il a demand\u00e9 de l&rsquo;aide aux zones de police pour encoder les proc\u00e8s-verbaux. C&rsquo;est surr\u00e9aliste mais, apparemment, ils doivent r\u00e9encoder chaque PV. Les documents produits par nos zones de police ne sont pas compatibles avec leurs logiciels. Donc il faut r\u00e9encoder\u2026 On parle d&rsquo;environ 50 000 PV en attente chez le procureur du Roi. Nous allons donc d\u00e9tacher des agents civils de nos zones de police au parquet pour l&rsquo;aider \u00e0 encoder les PV. On parle d&rsquo;une dizaine de personnes au total. Ce n&rsquo;est pas \u00e9norme. Il pourrait les avoir du F\u00e9d\u00e9ral. \u00c0 la Ville, nous lui en donnons trois. M\u00eame si ce n&rsquo;est pas nous de le faire, on soutient le procureur du Roi.\u00a0\u00bb<\/p>\n<p class=\"ap-StoryElement ap-StoryElement--mb ap-StoryText\">Depuis l&rsquo;entr\u00e9e en vigueur du nouveau gouvernement, on entend moins de fusillades \u00e0 Bruxelles\u2026<\/p>\n<p class=\"ap-StoryElement ap-StoryElement--mb ap-StoryText\">\u00ab\u00a0Peut-\u00eatre que la guerre des gangs est termin\u00e9e\u2026 Plus s\u00e9rieusement, je ne comprends pas pourquoi on contr\u00f4le toujours aussi peu de conteneurs \u00e0 Anvers. Je ne suis pas pour qu&rsquo;on arr\u00eate l&rsquo;activit\u00e9 \u00e9conomique du <a href=\"https:\/\/lalibre.be\/economie\/entreprises-startup\/2025\/01\/06\/jacques-vandermeiren-ceo-du-port-danvers-on-rentre-dans-une-periode-tout-a-fait-critique-pour-la-belgique-SN6OBTU2PFA73GJJLXUSP3YHQ4\/\" target=\"_self\" rel=\"nofollow noopener\">port d&rsquo;Anvers<\/a>, elle est fondamentale pour notre pays. Mais quand j&rsquo;entends le procureur f\u00e9d\u00e9ral Fr\u00e9d\u00e9ric Van Leeuw dire que seuls 0,5 % de conteneurs sont contr\u00f4l\u00e9s\u2026 Je trouve cela r\u00e9voltant. Je sais que la ministre de la Justice (Annelies Verlinden, CD &amp; V), que le ministre des Finances (Jan Jambon, N-VA) \u2013 en charge des Douanes, NDLR \u2013 et que le Premier ministre (Bart De Wever, N-VA) sont d&rsquo;Anvers. Mais \u00e0 un moment donn\u00e9, je leur dis : &lsquo;Vous \u00eates en train de salir votre propre ville. Je sais que vous voulez prot\u00e9ger votre industrie mais vous faites mal \u00e0 tout le monde&rsquo;. Ils doivent prendre la mesure de ce qui se passe dans leur ville. Nous sommes la ris\u00e9e de l&rsquo;Europe. <a href=\"https:\/\/www.lalibre.be\/belgique\/judiciaire\/2026\/01\/21\/un-marche-robuste-et-competitif-les-saisies-de-cocaine-repartent-a-la-hausse-a-anvers-FG7HZ3SIPZH4TBK6GLNAIHRNUQ\/\" target=\"_self\" rel=\"nofollow noopener\">60 % du trafic de coca\u00efne europ\u00e9en passe par Anvers<\/a>. C&rsquo;est compl\u00e8tement hallucinant. \u00catre \u00e0 ce point la passoire de l&rsquo;Europe, c&rsquo;est une catastrophe. D&rsquo;ailleurs, si demain Anvers a besoin de nous pour venir aider au Port, la police bruxelloise ira aider Anvers.\u00a0\u00bb<\/p>\n<p><a href=\"https:\/\/www.lalibre.be\/economie\/conjoncture\/2019\/11\/30\/dans-les-coulisses-du-port-danvers-ce-poumon-economique-A6DN4BIWRFH7NC2U3SRPRCMA5I\/\" target=\"_self\" class=\"ap-StoryInterstitialLink ap-StoryElement ap-StoryElement--mb\" rel=\"nofollow noopener\">Dans les coulisses du port d&rsquo;Anvers, ce poumon \u00e9conomique<\/a><\/p>\n<p class=\"ap-StoryElement ap-StoryElement--mb ap-StoryText\">Vous pr\u00f4nez une vision transversale de la lutte contre le narcotrafic.<\/p>\n<p class=\"ap-StoryElement ap-StoryElement--mb ap-StoryText\">\u00ab\u00a0Oui. L\u00e0 encore, je ne comprends pas que l&rsquo;on continue \u00e0 dire que c&rsquo;est uniquement la police et la justice qui r\u00e9ussiront \u00e0 r\u00e9soudre le probl\u00e8me de la consommation de drogue. On ne se pose pas la question : pourquoi les gens se droguent ? La sant\u00e9 publique, la pr\u00e9vention, les Communaut\u00e9s, le F\u00e9d\u00e9ral ne bougent pas sur ce plan-l\u00e0. Alors, \u00e0 la Ville, nous prenons l&rsquo;initiative. J&rsquo;ai r\u00e9uni une task-force rassemblant les associations et pouvoirs publics impliqu\u00e9s : Transit, les services de l&rsquo;enseignement, de la jeunesse, de pr\u00e9vention. Je suis pr\u00eat \u00e0 d\u00e9gager des budgets si l&rsquo;on nous propose des projets, des campagnes allant dans ce sens.\u00a0\u00bb<\/p>\n<p class=\"ap-StoryElement ap-StoryElement--mb ap-StoryText\">Toutes les consommations sont probl\u00e9matiques ?<\/p>\n<p class=\"ap-StoryElement ap-StoryElement--mb ap-StoryText\">\u00ab\u00a0Non. Mais toutes les familles sont touch\u00e9es, par toutes les drogues. Je n&rsquo;ai pas de temps \u00e0 perdre avec un type qui fume un joint le samedi soir chez lui. Mais comment parle-t-on \u00e0 un gamin qui prend de l&rsquo;ecstasy, du snus ou de la coca\u00efne ? Il va appeler son m\u00e9decin g\u00e9n\u00e9raliste, InforDrogue ? On peut avoir une politique tr\u00e8s dure envers les trafiquants, qui sont des vrais salopards, et en m\u00eame temps essayer de comprendre pourquoi les gens sont en d\u00e9tresse, sont sous assu\u00e9tude. Leur dire juste de ne pas se droguer, \u00e7a ne fonctionne pas. Il faut des prises en charge cibl\u00e9es. Aujourd&rsquo;hui, la coca\u00efne est devenue le carburant de beaucoup de gens. Il faut voir qui ach\u00e8te, souvent le matin avant d&rsquo;aller bosser : des gens qui tiennent gr\u00e2ce \u00e0 \u00e7a. Lors de l&rsquo;analyse des eaux us\u00e9es \u00e0 Bruxelles, c&rsquo;est plus le quartier Schuman qui affichait la plus \u00e0 haute teneur en coca\u00efne, pas Anneessens ou le quartier Versailles. Peut-on avoir une discussion soci\u00e9tale sans s&rsquo;insulter ni s&rsquo;injurier, sans consid\u00e9rer qu&rsquo;on est des bobo-hippies parce qu&rsquo;on demande d&rsquo;en parler ? Trouvons une voie au milieu avec l&rsquo;aide des professionnels de la sant\u00e9, les professeurs, les associations qui peuvent nous aider \u00e0 construire un r\u00e9cit politique autour de \u00e7a et mettre des projets en place.\u00a0\u00bb<\/p>\n<p><a href=\"https:\/\/www.lalibre.be\/belgique\/judiciaire\/2026\/01\/28\/un-dossier-emblematique-de-ce-qui-se-passe-a-bruxelles-epilogue-dun-mitraillage-sur-un-point-de-deal-CY6HE7BXSRA3VFDBG7AJXXKE4M\/\" target=\"_self\" class=\"ap-StoryInterstitialLink ap-StoryElement ap-StoryElement--mb\" rel=\"nofollow noopener\">\u00ab\u00a0Un dossier embl\u00e9matique de ce qui se passe \u00e0 Bruxelles\u00a0\u00bb: \u00e9pilogue d&rsquo;un mitraillage sur un point de deal<\/a><\/p>\n<p class=\"ap-StoryElement ap-StoryElement--mb ap-StoryText\">Ce n&rsquo;est pas une comp\u00e9tence communale\u2026<\/p>\n<p class=\"ap-StoryElement ap-StoryElement--mb ap-StoryText\">\u00ab\u00a0Je sais. Mais je veux bien \u00eatre commune pilote et je suis pr\u00eat \u00e0 mettre des moyens et soutenir des projets allant dans ce sens.\u00a0\u00bb<\/p>\n<p class=\"ap-StoryElement ap-StoryElement--mb ap-StoryText\">Vous \u00eates d\u00e9j\u00e0 commune pilote pour un autre projet de lutte contre le narcotrafic. Il s&rsquo;agit de bloquer le blanchiment d&rsquo;argent issu de la drogue par la voie administrative.<\/p>\n<p class=\"ap-StoryElement ap-StoryElement--mb ap-StoryText\">\u00ab\u00a0Oui. Ostende et Li\u00e8ge le sont aussi. Le m\u00e9canisme consiste en une approche administrative du trafic de drogue. On sait que, pour faire mal aux trafiquants, il faut toucher au portefeuille. Via une ordonnance qui sera bient\u00f4t vot\u00e9e en conseil communal, nous allons pouvoir contr\u00f4ler les commerces pour voir s&rsquo;ils blanchissent l&rsquo;argent de la drogue. Nous allons d&rsquo;abord cibler le <a href=\"https:\/\/www.lalibre.be\/economie\/entreprises-startup\/2025\/01\/08\/le-secteur-horeca-demande-une-baisse-de-la-tva-il-existe-une-injustice-fiscale-on-a-besoin-dun-electrochoc-UN55MS7JRRF5BIQNIV3AIHXTMQ\/\" target=\"_self\" rel=\"nofollow noopener\">secteur de l&rsquo;Horeca<\/a> : 180 commerces dans trois quartiers sp\u00e9cifiques seront inspect\u00e9s par nos services. Nous allons screener tout le monde m\u00eame des \u00e9tablissements tr\u00e8s respectables. Nous aurons ensuite la possibilit\u00e9 de suspendre l&rsquo;activit\u00e9, de la mettre sous conditions (demander des preuves de leur bonne foi, NDLR), voire de fermer d\u00e9finitivement l&rsquo;\u00e9tablissement. Nous commen\u00e7ons par l&rsquo;Horeca mais, par la suite, nous pourrons aller sur d&rsquo;autres secteurs tels que celui des ongleries, des barbiers, des magasins de coques de GSM, etc. Je ne dis pas qu&rsquo;ils font tous du blanchiment. Mais je dis aux trafiquants : &lsquo;si vous voulez blanchir votre argent sur la zone de Bruxelles, on va vous choper&rsquo;. Le projet d&rsquo;ordonnance est en cours d&rsquo;analyse au parquet de Bruxelles. L&rsquo;objectif est de d\u00e9marrer au mois de juin. Dans un second temps, nous pourrons mutualiser ce service au niveau r\u00e9gional, peut-\u00eatre dans le cadre de la zone unique. Si on contr\u00f4le les conteneurs d&rsquo;Anvers, si on travaille sur la pr\u00e9vention toxicomanie et que l&rsquo;on touche \u00e0 leur portefeuille, on va leur faire mal.\u00a0\u00bb<\/p>\n","protected":false},"excerpt":{"rendered":"Au lendemain de sa nomination, le nouveau ministre-pr\u00e9sident Boris Dilli\u00e8s a montr\u00e9 les muscles gare du Midi ;&hellip;\n","protected":false},"author":2,"featured_media":35954,"comment_status":"","ping_status":"","sticky":false,"template":"","format":"standard","meta":{"footnotes":"","_share_on_mastodon":"0"},"categories":[2],"tags":[12503,1381,334,12,13,18,17,7967,1440],"class_list":["post-35953","post","type-post","status-publish","format-standard","has-post-thumbnail","category-belgique","tag-annelies-verlinden","tag-anvers","tag-bart-de-wever","tag-be","tag-be-fr","tag-belgique","tag-belgium","tag-berchem-sainte-agathe","tag-province-danvers"],"share_on_mastodon":{"url":"https:\/\/pubeurope.com\/@be_fr\/116206125949440104","error":""},"_links":{"self":[{"href":"https:\/\/www.europesays.com\/be-fr\/wp-json\/wp\/v2\/posts\/35953","targetHints":{"allow":["GET"]}}],"collection":[{"href":"https:\/\/www.europesays.com\/be-fr\/wp-json\/wp\/v2\/posts"}],"about":[{"href":"https:\/\/www.europesays.com\/be-fr\/wp-json\/wp\/v2\/types\/post"}],"author":[{"embeddable":true,"href":"https:\/\/www.europesays.com\/be-fr\/wp-json\/wp\/v2\/users\/2"}],"replies":[{"embeddable":true,"href":"https:\/\/www.europesays.com\/be-fr\/wp-json\/wp\/v2\/comments?post=35953"}],"version-history":[{"count":0,"href":"https:\/\/www.europesays.com\/be-fr\/wp-json\/wp\/v2\/posts\/35953\/revisions"}],"wp:featuredmedia":[{"embeddable":true,"href":"https:\/\/www.europesays.com\/be-fr\/wp-json\/wp\/v2\/media\/35954"}],"wp:attachment":[{"href":"https:\/\/www.europesays.com\/be-fr\/wp-json\/wp\/v2\/media?parent=35953"}],"wp:term":[{"taxonomy":"category","embeddable":true,"href":"https:\/\/www.europesays.com\/be-fr\/wp-json\/wp\/v2\/categories?post=35953"},{"taxonomy":"post_tag","embeddable":true,"href":"https:\/\/www.europesays.com\/be-fr\/wp-json\/wp\/v2\/tags?post=35953"}],"curies":[{"name":"wp","href":"https:\/\/api.w.org\/{rel}","templated":true}]}}