{"id":36910,"date":"2026-03-11T11:11:09","date_gmt":"2026-03-11T11:11:09","guid":{"rendered":"https:\/\/www.europesays.com\/be-fr\/36910\/"},"modified":"2026-03-11T11:11:09","modified_gmt":"2026-03-11T11:11:09","slug":"jupe-crayon-slip-dress-ces-pieces-vintage-calvin-klein-qui-affolent-les-recherches-sur-google-depuis-la-serie-love-story","status":"publish","type":"post","link":"https:\/\/www.europesays.com\/be-fr\/36910\/","title":{"rendered":"Jupe crayon, slip dress\u2026 Ces pi\u00e8ces vintage Calvin Klein qui affolent les recherches sur Google depuis la s\u00e9rie \u00ab Love Story \u00bb"},"content":{"rendered":"<p class=\"mb-4 text-lg md:leading-8 break-words\">Depuis la diffusion, le 12 f\u00e9vrier, de la s\u00e9rie \u00ab Love Story \u00bb r\u00e9alis\u00e9e par Ryan Murphy, qui retrace l\u2019histoire tragique du couple <a href=\"https:\/\/www.elle.fr\/Personnalites\/Carolyn-Bessette#\" rel=\"nofollow noopener\" target=\"_blank\" data-ylk=\"slk:Carolyn Bessette;elm:context_link;itc:0;sec:content-canvas\" data-yga=\"{&quot;yLinkElement&quot;:&quot;context_link&quot;,&quot;yModuleName&quot;:&quot;content-canvas&quot;,&quot;yLinkText&quot;:&quot;Carolyn Bessette&quot;}\" class=\"link \">Carolyn Bessette<\/a> et <a href=\"https:\/\/www.elle.fr\/Personnalites\/John-F-Kennedy-Jr#\" rel=\"nofollow noopener\" target=\"_blank\" data-ylk=\"slk:John Fitzgerald Kennedy Jr.;elm:context_link;itc:0;sec:content-canvas\" data-yga=\"{&quot;yLinkElement&quot;:&quot;context_link&quot;,&quot;yModuleName&quot;:&quot;content-canvas&quot;,&quot;yLinkText&quot;:&quot;John Fitzgerald Kennedy Jr.&quot;}\" class=\"link \">John Fitzgerald Kennedy Jr.<\/a>, la garde-robe de la jeune femme suscite un v\u00e9ritable engouement mondial. Sur les r\u00e9seaux sociaux, <a href=\"https:\/\/fr.style.yahoo.com\/instagram-m%C3%A8re-fille-recr%C3%A9ent-looks-084500966.html\" data-ylk=\"slk:les internautes reproduisent ses looks iconiques;elm:context_link;itc:0;sec:content-canvas;outcm:mb_qualified_link;_E:mb_qualified_link;ct:story;\" data-yga=\"{&quot;yLinkElement&quot;:&quot;context_link&quot;,&quot;yModuleName&quot;:&quot;content-canvas&quot;,&quot;yLinkText&quot;:&quot;les internautes reproduisent ses looks iconiques&quot;}\" class=\"link  yahoo-link\" rel=\"nofollow noopener\" target=\"_blank\">les internautes reproduisent ses looks iconiques<\/a>, et <a href=\"https:\/\/www.elle.fr\/Mode\/Les-news-mode\/J-ai-16-ans-et-je-m-habille-comme-Carolyn-Bessette-Kennedy-pourquoi-les-ados-sont-fans-de-son-style-4454069#\" rel=\"nofollow noopener\" target=\"_blank\" data-ylk=\"slk:les jeunes filles s\u2019approprient son allure effortless-chic;elm:context_link;itc:0;sec:content-canvas\" data-yga=\"{&quot;yLinkElement&quot;:&quot;context_link&quot;,&quot;yModuleName&quot;:&quot;content-canvas&quot;,&quot;yLinkText&quot;:&quot;les jeunes filles s\u2019approprient son allure effortless-chic&quot;}\" class=\"link \">les jeunes filles s\u2019approprient son allure effortless-chic<\/a> avec brio. Le r\u00e9alisateur Ryan Murphy a veill\u00e9 \u00e0 rester fid\u00e8le \u00e0 son style minimaliste et \u00e9l\u00e9gant, embl\u00e9matique du New York des ann\u00e9es 90. La s\u00e9rie met ainsi en lumi\u00e8re l\u2019esth\u00e9tique \u00e9pur\u00e9e de <a href=\"https:\/\/www.elle.fr\/Mode\/Les-defiles-de-mode\/Calvin-Klein#\" rel=\"nofollow noopener\" target=\"_blank\" data-ylk=\"slk:Calvin Klein;elm:context_link;itc:0;sec:content-canvas\" data-yga=\"{&quot;yLinkElement&quot;:&quot;context_link&quot;,&quot;yModuleName&quot;:&quot;content-canvas&quot;,&quot;yLinkText&quot;:&quot;Calvin Klein&quot;}\" class=\"link \">Calvin Klein<\/a>, marque pour laquelle Carolyn Bessette a travaill\u00e9 comme responsable de la publicit\u00e9 puis directrice des relations publiques. R\u00e9sultat : dans les trois semaines suivant le lancement, les recherches mondiales sur Google pour Calvin Klein ont bondi de +140%, selon le \u00ab Journal du Luxe \u00bb.<\/p>\n<p>Les pi\u00e8ces vintage Calvin Klein en plein boom<\/p>\n<p class=\"mb-4 text-lg md:leading-8 break-words\">Pour respecter l\u2019esth\u00e9tique de Carolyn Bessette-Kennedy, la production a collabor\u00e9 avec un collectionneur qui a pr\u00eat\u00e9 une vingtaine de pi\u00e8ces vintage, dont de nombreux classiques Calvin Klein. \u00c0 l\u2019\u00e9cran, ces archives reprennent vie et suscitent alors un regain d\u2019int\u00e9r\u00eat. La slip dress, cette nuisette simple et sensuelle que portait Carolyn Bessette-Kennedy \u00e0 son mariage avec JFK Junior, ou bien l\u2019\u00e9t\u00e9 avec des mocassins, a vu ses recherches augmenter de +280%. Autre pi\u00e8ce embl\u00e9matique : <a href=\"https:\/\/www.elle.fr\/Mode\/Jupes\/Ces-jupes-de-grand-meres-envahissent-a-nouveau-nos-garde-robes#\" rel=\"nofollow noopener\" target=\"_blank\" data-ylk=\"slk:la jupe crayon;elm:context_link;itc:0;sec:content-canvas\" data-yga=\"{&quot;yLinkElement&quot;:&quot;context_link&quot;,&quot;yModuleName&quot;:&quot;content-canvas&quot;,&quot;yLinkText&quot;:&quot;la jupe crayon&quot;}\" class=\"link \">la jupe crayon<\/a>, longtemps jug\u00e9e aust\u00e8re, dont les recherches ont bondi de +190%, faisant d\u2019elle un incontournable des tendances 2026.<\/p>\n<p><img alt=\" The ImageDirect : Bestimage\" loading=\"lazy\" width=\"430\" height=\"600\" decoding=\"async\" data-nimg=\"1\" class=\"rounded-lg\" style=\"color:transparent\" src=\"https:\/\/www.europesays.com\/be-fr\/wp-content\/uploads\/2026\/03\/3e676be2639a9f6726837dcad90c6efe.jpeg\"\/><\/p>\n<p> The ImageDirect : Bestimage<\/p>\n<p class=\"mb-4 text-lg md:leading-8 break-words\">Sarah Pidgeon porte une slip dress sur le tournage de \u00ab Love Story \u00bb \u00a9Backgrid USA \/ Bestimage<\/p>\n<p class=\"mb-4 text-lg md:leading-8 break-words\">Lire aussi :\u00a0 <a href=\"https:\/\/www.elle.fr\/Mode\/Les-news-mode\/Carolyn-Bessette-Kennedy-ces-pieces-qu-on-a-cherchees-sur-Vinted-apres-avoir-vu-la-serie-Love-Story-4449081#\" rel=\"nofollow noopener\" target=\"_blank\" data-ylk=\"slk:Carolyn Bessette-Kennedy : ces pi\u00e8ces qu\u2019on a cherch\u00e9es sur Vinted apr\u00e8s avoir vu la s\u00e9rie \u00ab Love Story \u00bb;elm:context_link;itc:0;sec:content-canvas\" data-yga=\"{&quot;yLinkElement&quot;:&quot;context_link&quot;,&quot;yModuleName&quot;:&quot;content-canvas&quot;,&quot;yLinkText&quot;:&quot;Carolyn Bessette-Kennedy &quot;}\" class=\"link \">Carolyn Bessette-Kennedy : ces pi\u00e8ces qu\u2019on a cherch\u00e9es sur Vinted apr\u00e8s avoir vu la s\u00e9rie \u00ab Love Story \u00bb<\/a><\/p>\n<p>2026 : le minimalisme revient en force<\/p>\n<p class=\"mb-4 text-lg md:leading-8 break-words\">L\u2019engouement pour le style de Carolyn Bessette-Kennedy s\u2019accompagne d\u2019un regain d\u2019int\u00e9r\u00eat pour l\u2019esth\u00e9tique minimaliste, dont les recherches ont explos\u00e9 de +350%. Alors que beaucoup pr\u00e9disaient la fin du quiet luxury au profit d\u2019une mode maximaliste, sa garde-robe red\u00e9finit les tendances : chemises blanches, jeans droits, manteaux impeccables, petites robes noires, jupes crayons, mocassins et slingbacks, dans des teintes sobres comme le noir, le blanc, le beige, le camel ou le gris. Une collection de basiques sans artifice pleine d\u2019\u00e9l\u00e9gance qui pr\u00f4ne une garde-robe simple et confortable.<\/p>\n<p class=\"mb-4 text-lg md:leading-8 break-words\">D\u00e9couvrez les indispensables de la r\u00e9daction de ELLE dans\u00a0 <a href=\"https:\/\/box.elle.fr\/toutes-nos-box\/250-box-by-elle-x-des-petits-hauts.html\" rel=\"nofollow noopener\" target=\"_blank\" data-ylk=\"slk:une box beaut\u00e9;elm:context_link;itc:0;sec:content-canvas\" data-yga=\"{&quot;yLinkElement&quot;:&quot;context_link&quot;,&quot;yModuleName&quot;:&quot;content-canvas&quot;,&quot;yLinkText&quot;:&quot;une box beaut\u00e9&quot;}\" class=\"link \">une box beaut\u00e9<\/a>\u00a0en \u00e9dition limit\u00e9e, et sans engagement \u00e0 partir de 44\u20ac.<\/p>\n<p class=\"mb-4 text-lg md:leading-8 break-words\"><a href=\"https:\/\/www.elle.fr\/Mode\/Les-news-mode\/Jupe-crayon-slip-dress-Ces-pieces-vintage-Calvin-Klein-qui-affolent-les-recherches-sur-Google-depuis-la-serie-Love-Story-4458081\" rel=\"nofollow noopener\" target=\"_blank\" data-ylk=\"slk:Voir l&#039;article original sur ELLE;elm:context_link;itc:0;sec:content-canvas\" data-yga=\"{&quot;yLinkElement&quot;:&quot;context_link&quot;,&quot;yModuleName&quot;:&quot;content-canvas&quot;,&quot;yLinkText&quot;:&quot;Voir l&#039;article original sur ELLE&quot;}\" class=\"link \">Voir l&rsquo;article original sur ELLE<\/a><\/p>\n","protected":false},"excerpt":{"rendered":"Depuis la diffusion, le 12 f\u00e9vrier, de la s\u00e9rie \u00ab Love Story \u00bb r\u00e9alis\u00e9e par Ryan Murphy, qui&hellip;\n","protected":false},"author":2,"featured_media":36911,"comment_status":"","ping_status":"","sticky":false,"template":"","format":"standard","meta":{"footnotes":"","_share_on_mastodon":"0"},"categories":[102],"tags":[12,13,18,17,18706,18586,13614,129,128,96,95,19214,18588,109,18585,19215],"class_list":["post-36910","post","type-post","status-publish","format-standard","has-post-thumbnail","category-people","tag-be","tag-be-fr","tag-belgique","tag-belgium","tag-calvin-klein","tag-carolyn-bessette","tag-carolyn-bessette-kennedy","tag-celebrities","tag-celebrity","tag-divertissement","tag-entertainment","tag-john-fitzgerald-kennedy-jr","tag-love-story","tag-people","tag-ryan-murphy","tag-slip-dress"],"share_on_mastodon":{"url":"https:\/\/pubeurope.com\/@be_fr\/116210242873182173","error":""},"_links":{"self":[{"href":"https:\/\/www.europesays.com\/be-fr\/wp-json\/wp\/v2\/posts\/36910","targetHints":{"allow":["GET"]}}],"collection":[{"href":"https:\/\/www.europesays.com\/be-fr\/wp-json\/wp\/v2\/posts"}],"about":[{"href":"https:\/\/www.europesays.com\/be-fr\/wp-json\/wp\/v2\/types\/post"}],"author":[{"embeddable":true,"href":"https:\/\/www.europesays.com\/be-fr\/wp-json\/wp\/v2\/users\/2"}],"replies":[{"embeddable":true,"href":"https:\/\/www.europesays.com\/be-fr\/wp-json\/wp\/v2\/comments?post=36910"}],"version-history":[{"count":0,"href":"https:\/\/www.europesays.com\/be-fr\/wp-json\/wp\/v2\/posts\/36910\/revisions"}],"wp:featuredmedia":[{"embeddable":true,"href":"https:\/\/www.europesays.com\/be-fr\/wp-json\/wp\/v2\/media\/36911"}],"wp:attachment":[{"href":"https:\/\/www.europesays.com\/be-fr\/wp-json\/wp\/v2\/media?parent=36910"}],"wp:term":[{"taxonomy":"category","embeddable":true,"href":"https:\/\/www.europesays.com\/be-fr\/wp-json\/wp\/v2\/categories?post=36910"},{"taxonomy":"post_tag","embeddable":true,"href":"https:\/\/www.europesays.com\/be-fr\/wp-json\/wp\/v2\/tags?post=36910"}],"curies":[{"name":"wp","href":"https:\/\/api.w.org\/{rel}","templated":true}]}}