{"id":39709,"date":"2026-03-13T12:29:13","date_gmt":"2026-03-13T12:29:13","guid":{"rendered":"https:\/\/www.europesays.com\/be-fr\/39709\/"},"modified":"2026-03-13T12:29:13","modified_gmt":"2026-03-13T12:29:13","slug":"apnees-du-sommeil-la-has-precise-les-conditions-de-remboursement-des-dispositifs-medicaux","status":"publish","type":"post","link":"https:\/\/www.europesays.com\/be-fr\/39709\/","title":{"rendered":"Apn\u00e9es du sommeil : la HAS pr\u00e9cise les conditions de remboursement des dispositifs m\u00e9dicaux"},"content":{"rendered":"<p class=\"mb-4 text-lg md:leading-8 break-words\">Dans le langage courant, on parle d\u2019apn\u00e9e du sommeil, tandis que le terme m\u00e9dical est celui de syndrome d\u2019apn\u00e9es-hypopn\u00e9es obstructives du sommeil (SAHOS). Il se caract\u00e9rise par des pauses respiratoires (apn\u00e9es) ou des r\u00e9ductions significatives du flux respiratoire (hypopn\u00e9es), et est associ\u00e9 \u00e0 des complications au niveau cardiovasculaire, mais aussi m\u00e9tabolique et cognitif. Tandis que la fatigue engendr\u00e9e peut causer des accidents domestiques ou routiers. C\u2019est pourquoi il est crucial de diagnostiquer une apn\u00e9e du sommeil, mais aussi de mettre en place un traitement.<\/p>\n<p class=\"mb-4 text-lg md:leading-8 break-words\">Le traitement de r\u00e9f\u00e9rence est, selon la Haute Autorit\u00e9 de Sant\u00e9 (HAS), la ventilation par pression positive continue (PPC), \u00e0 l\u2019aide de dispositifs m\u00e9dicaux. Ces derniers sont rembours\u00e9s par l\u2019Assurance maladie, mais le minist\u00e8re de la Sant\u00e9 a r\u00e9cemment saisi la HAS pour r\u00e9\u00e9valuer leurs conditions de prise en charge. Un \u00ab enjeu de clarification \u00bb, selon la HAS (Source 1).<\/p>\n<p class=\"mb-4 text-lg md:leading-8 break-words\">D\u00e9j\u00e0 publi\u00e9 en juillet dernier, un premier volet de cette saisine indiquait que la Commission nationale d\u2019\u00e9valuation des dispositifs m\u00e9dicaux et des technologies de sant\u00e9 (ou CNEDiMTS) pr\u00e9conise la cr\u00e9ation de lignes g\u00e9n\u00e9riques pour les dispositifs et les accessoires n\u00e9cessaires au traitement du SAHOS par PPC, distinctes de la description des prestations n\u00e9cessaires au traitement du SAHOS par PPC.<\/p>\n<p>Des \u00e9volutions pour un meilleur suivi<\/p>\n<p class=\"mb-4 text-lg md:leading-8 break-words\">Le second volet, publi\u00e9 ce 12 mars 2026, porte davantage sur les modalit\u00e9s de&#8230;<\/p>\n<p class=\"mb-4 text-lg md:leading-8 break-words\"><a href=\"https:\/\/www.santemagazine.fr\/actualites\/actualites-traitement\/apnees-du-sommeil-la-has-precise-les-conditions-de-remboursement-des-dispositifs-medicaux-1149220#at_medium=affiliate&amp;at_campaign=flux_rss&amp;at_type=Yahoo\" rel=\"nofollow noopener\" target=\"_blank\" data-ylk=\"slk:Lire la suite;elm:context_link;itc:0;sec:content-canvas\" data-yga=\"{&quot;yLinkElement&quot;:&quot;context_link&quot;,&quot;yModuleName&quot;:&quot;content-canvas&quot;,&quot;yLinkText&quot;:&quot;Lire la suite&quot;}\" class=\"link \">Lire la suite<\/a><\/p>\n","protected":false},"excerpt":{"rendered":"Dans le langage courant, on parle d\u2019apn\u00e9e du sommeil, tandis que le terme m\u00e9dical est celui de syndrome&hellip;\n","protected":false},"author":2,"featured_media":39710,"comment_status":"","ping_status":"","sticky":false,"template":"","format":"standard","meta":{"footnotes":"","_share_on_mastodon":"0"},"categories":[82],"tags":[12,13,18,17,20089,86,20093,20090,87,20092,20091],"class_list":["post-39709","post","type-post","status-publish","format-standard","has-post-thumbnail","category-sante","tag-be","tag-be-fr","tag-belgique","tag-belgium","tag-dispositifs-medicaux","tag-health","tag-ppc","tag-sahos","tag-sante","tag-tandis","tag-terme-medical"],"share_on_mastodon":{"url":"https:\/\/pubeurope.com\/@be_fr\/116221874289838724","error":""},"_links":{"self":[{"href":"https:\/\/www.europesays.com\/be-fr\/wp-json\/wp\/v2\/posts\/39709","targetHints":{"allow":["GET"]}}],"collection":[{"href":"https:\/\/www.europesays.com\/be-fr\/wp-json\/wp\/v2\/posts"}],"about":[{"href":"https:\/\/www.europesays.com\/be-fr\/wp-json\/wp\/v2\/types\/post"}],"author":[{"embeddable":true,"href":"https:\/\/www.europesays.com\/be-fr\/wp-json\/wp\/v2\/users\/2"}],"replies":[{"embeddable":true,"href":"https:\/\/www.europesays.com\/be-fr\/wp-json\/wp\/v2\/comments?post=39709"}],"version-history":[{"count":0,"href":"https:\/\/www.europesays.com\/be-fr\/wp-json\/wp\/v2\/posts\/39709\/revisions"}],"wp:featuredmedia":[{"embeddable":true,"href":"https:\/\/www.europesays.com\/be-fr\/wp-json\/wp\/v2\/media\/39710"}],"wp:attachment":[{"href":"https:\/\/www.europesays.com\/be-fr\/wp-json\/wp\/v2\/media?parent=39709"}],"wp:term":[{"taxonomy":"category","embeddable":true,"href":"https:\/\/www.europesays.com\/be-fr\/wp-json\/wp\/v2\/categories?post=39709"},{"taxonomy":"post_tag","embeddable":true,"href":"https:\/\/www.europesays.com\/be-fr\/wp-json\/wp\/v2\/tags?post=39709"}],"curies":[{"name":"wp","href":"https:\/\/api.w.org\/{rel}","templated":true}]}}