{"id":44161,"date":"2026-03-17T09:24:08","date_gmt":"2026-03-17T09:24:08","guid":{"rendered":"https:\/\/www.europesays.com\/be-fr\/44161\/"},"modified":"2026-03-17T09:24:08","modified_gmt":"2026-03-17T09:24:08","slug":"endurant-et-bourre-de-fonctions-originales-ce-smartphone-a-de-quoi-convaincre-frandroid","status":"publish","type":"post","link":"https:\/\/www.europesays.com\/be-fr\/44161\/","title":{"rendered":"endurant et bourr\u00e9 de fonctions originales, ce smartphone a de quoi convaincre\u2014 Frandroid"},"content":{"rendered":"<p><a href=\"https:\/\/images.frandroid.com\/wp-content\/uploads\/2026\/03\/photo-18.jpg\" target=\"_blank\" class=\"article-content__figure\" rel=\"nofollow noopener\"><img fetchpriority=\"high\" loading=\"eager\" decoding=\"async\" width=\"1200\" height=\"802\" src=\"https:\/\/www.europesays.com\/be-fr\/wp-content\/uploads\/2026\/03\/photo-18-1200x802.jpg\" alt=\"\" class=\"wp-image-3004435 wp-image\"  \/><\/a>Realme 16 Pro \/\/ Source : Chlo\u00e9 Pertuis pour Frandroid<\/p>\n<p>Outre ses mod\u00e8les de la s\u00e9rie C, d\u2019entr\u00e9e de gamme, et ceux de la gamme GT, haut de gamme (comme le r\u00e9cent <a href=\"https:\/\/www.frandroid.com\/marques\/realme\/2874139_nos-premiers-tests-du-realme-gt-8-pro\" data-type=\"link\" data-id=\"https:\/\/www.frandroid.com\/marques\/realme\/2874139_nos-premiers-tests-du-realme-gt-8-pro\" rel=\"nofollow noopener\" target=\"_blank\">Realme GT 8 Pro<\/a>), le constructeur Realme propose des smartphones de milieu de gamme, offrant donc un rapport \u00e9quipement \/ prix susceptible de s\u00e9duire un grand nombre d\u2019acheteurs potentiels.<\/p>\n<p>Il s\u2019agit, pour cette ann\u00e9e, des Realme 16 Pro et Realme 16 Pro+. Si ce dernier est propos\u00e9 entre 480 et 550 euros, le Realme 16 Pro, qui est l\u2019objet de ce test, est un peu plus accessible (aux environs de 400 euros).<\/p>\n<p>On note que le constructeur a fait l\u2019impasse, en France, sur le <a href=\"https:\/\/www.frandroid.com\/marques\/realme\/2824229_jai-pris-en-main-le-smartphone-game-of-thrones-de-realme-voici-son-look-atypique\" rel=\"nofollow noopener\" target=\"_blank\">Realme 15 Pro, lanc\u00e9 l\u2019\u00e9t\u00e9 dernier avec une \u00e9dition Game of Thrones qu\u2019on a pu prendre en main<\/a>. C\u2019est le choix que Realme a fait : se limiter aux g\u00e9n\u00e9rations paires pour le vieux continent.<\/p>\n<p><a href=\"https:\/\/images.frandroid.com\/wp-content\/uploads\/2026\/03\/photo-14.jpg\" target=\"_blank\" class=\"article-content__figure\" rel=\"nofollow noopener\"><img loading=\"lazy\" decoding=\"async\" width=\"1200\" height=\"802\" src=\"https:\/\/www.europesays.com\/be-fr\/wp-content\/uploads\/2026\/03\/photo-14-1200x802.jpg\" alt=\"\" class=\"wp-image-3028179 wp-image\"  \/><\/a>Realme 16 Pro \/\/ Source : Chlo\u00e9 Pertuis pour Frandroid<\/p>\n<p>Avec ce nouveau smartphone, le constructeur se frotte donc \u00e0 une concurrence farouche, mat\u00e9rialis\u00e9e par les mod\u00e8les r\u00e9cents de chez Honor, OnePlus, Nothing, Xiaomi ou encore Samsung.<\/p>\n<p>Voyons ce que propose le Realme 16 Pro pour prendre l\u2019ascendant sur les diff\u00e9rents appareils qui ont \u00e9t\u00e9 lanc\u00e9s ces derniers mois, sur ce segment \u00ab\u00a0bas de gamme du milieu de gamme\u00a0\u00bb du march\u00e9.<\/p>\n<p class=\"shortcode-container see-more\">\n    Pour aller plus loin<br \/><a href=\"https:\/\/www.frandroid.com\/guide-dachat\/smartphones\/290380_smartphone-choisir-a-de-400-euros\" rel=\"nofollow noopener\" target=\"_blank\">Quels sont les meilleurs smartphones \u00e0 moins de 400\u00a0euros en 2026\u00a0?<\/a>\n            <\/p>\n<p>&#13;<\/p>\n<p>Fiche technique<\/p>\n<p>        Mod\u00e8le<br \/>\n                <a href=\"https:\/\/www.frandroid.com\/produits\/smartphones\/realme\/2977199-realme-16-pro\" rel=\"nofollow noopener\" target=\"_blank\">Realme 16 Pro<\/a><\/p>\n<p>            Version de l\u2019OS<\/p>\n<p>                                    Android 16                            <\/p>\n<p>            Interface constructeur<\/p>\n<p>                                    Realme UI                            <\/p>\n<p>            Taille de l\u2019\u00e9cran<\/p>\n<p>                                    6,78 pouces                            <\/p>\n<p>            D\u00e9finition<\/p>\n<p>                                    2780 x 1264 pixels                            <\/p>\n<p>            Densit\u00e9 de pixels<\/p>\n<p>                                    450 ppp                            <\/p>\n<p>            Technologie<\/p>\n<p>                                    AMOLED                            <\/p>\n<p>            SoC<\/p>\n<p>                                    Mediatek Dimensity 7300-Max                            <\/p>\n<p>            Stockage interne<\/p>\n<p>                                    256 Go                            <\/p>\n<p>            Appareil photo (dorsal)<\/p>\n<p>                                    Capteur 1 : 200<br \/>Capteur 2 : 8 Mp                            <\/p>\n<p>            Capteur photo frontal<\/p>\n<p>                                    50 Mp                            <\/p>\n<p>            Wi-fi<\/p>\n<p>                                    Wi-Fi 6 (ax)                            <\/p>\n<p>            Bluetooth<\/p>\n<p>                                    5.4                            <\/p>\n<p>            5G<\/p>\n<p>                                    Oui                            <\/p>\n<p>            NFC<\/p>\n<p>                                    Inconnu                            <\/p>\n<p>            Type de connecteur<\/p>\n<p>                                    USB Type-C                            <\/p>\n<p>            Capacit\u00e9 de la batterie<\/p>\n<p>                                    6500 mAh                            <\/p>\n<p>            Couleurs<\/p>\n<p>                                    Or, Violet, Gris                            <\/p>\n<p>                                <a class=\"button fr-button fr-button--pink fr-button--fullwidth has-text-centered\" href=\"https:\/\/www.frandroid.com\/produits\/smartphones\/realme\/2977199-realme-16-pro\" rel=\"nofollow noopener\" target=\"_blank\">Fiche produit<\/a><\/p>\n<p>&#13;<\/p>\n<p>Design<\/p>\n<p>Disponible en gris (fonc\u00e9), dor\u00e9 ou violet, le Realme 16 Pro arbore un design r\u00e9solument moderne, ou tout du moins dans l\u2019air du temps, avec un \u00e9cran, des bords et un dos plats. Ce dernier est recouvert d\u2019une surface mate salissante, sur laquelle les traces de doigts s\u2019accumulent rapidement. <\/p>\n<p><a href=\"https:\/\/images.frandroid.com\/wp-content\/uploads\/2026\/03\/photo-7.jpg\" target=\"_blank\" class=\"article-content__figure\" rel=\"nofollow noopener\"><img loading=\"lazy\" decoding=\"async\" width=\"1200\" height=\"802\" src=\"https:\/\/www.europesays.com\/be-fr\/wp-content\/uploads\/2026\/03\/photo-7-1200x802.jpg\" alt=\"\" class=\"wp-image-3004443 wp-image\"  \/><\/a>Realme 16 Pro \/\/ Source : Chlo\u00e9 Pertuis pour Frandroid<\/p>\n<p>Le bloc optique est assez original. \u00c0 l\u2019instar de celui du Realme 15 Pro, il est carr\u00e9. La nouveaut\u00e9, c\u2019est qu\u2019il comporte d\u00e9sormais un compartiment, o\u00f9 se trouvent les deux objectifs photo, sous lequel figurent le flash ainsi qu\u2019un faux objectif (ce dernier correspond au t\u00e9l\u00e9objectif qui \u00e9quipe le grand fr\u00e8re du Realme 16 Pro, le Realme 16 Pro+).<\/p>\n<p>Pour le reste, le smartphone mesure 7,8 mm d\u2019\u00e9paisseur, pour un poids de 195 grammes. Il est \u00e9galement totalement \u00e9tanche \u00e0 l\u2019eau et \u00e0 la poussi\u00e8re (il est certifi\u00e9 IP68 et IP69K). Et le lecteur d\u2019empreintes digitales est plac\u00e9 au bas de l\u2019\u00e9cran.<\/p>\n<p>Enfin, l\u2019\u00e9cran n\u2019est pas prot\u00e9g\u00e9 par un verre de type <a href=\"https:\/\/www.frandroid.com\/produits-android\/smartphone\/2039002_cette-protection-va-blinder-les-ecrans-des-smartphones-pas-chers\" rel=\"nofollow noopener\" target=\"_blank\">Gorilla Glass 7i<\/a> de Corning, comme le <a href=\"https:\/\/www.frandroid.com\/marques\/nothing\/2998037_test-nothing-phone-4a-zoom-periscopique-top-smartphone-milieu-gamme\" rel=\"nofollow noopener\" target=\"_blank\">Nothing Phone (4a)<\/a>, ou Gorilla Glass Victus 2, comme le <a href=\"https:\/\/www.frandroid.com\/marques\/xiaomi\/2918179_test-xiaomi-redmi-note-15-pro-design-revu-performances-ameliorees-mais-du-surplace-cote-logiciel\" rel=\"nofollow noopener\" target=\"_blank\">Xiaomi Redmi Note 15 Pro 5G<\/a>. Seule la mention AGC DT star D+ est indiqu\u00e9e, sans plus de pr\u00e9cision (verre renforc\u00e9 DragonTrail du fabricant AGC).<\/p>\n<p><a href=\"https:\/\/images.frandroid.com\/wp-content\/uploads\/2026\/03\/photo-15.jpg\" target=\"_blank\" class=\"article-content__figure\" rel=\"nofollow noopener\"><img loading=\"lazy\" decoding=\"async\" width=\"1200\" height=\"802\" src=\"https:\/\/www.europesays.com\/be-fr\/wp-content\/uploads\/2026\/03\/photo-15-1200x802.jpg\" alt=\"\" class=\"wp-image-3004441 wp-image\"  \/><\/a>Realme 16 Pro \/\/ Source : Chlo\u00e9 Pertuis pour Frandroid<\/p>\n<p>&#13;<\/p>\n<p>\u00c9cran<\/p>\n<p>Le Realme 16 Pro est \u00e9quip\u00e9 d\u2019un \u00e9cran qui exploite une dalle OLED LTPS de 6,78 pouces. Si celle-ci est en mesure d\u2019afficher des images tr\u00e8s pr\u00e9cises (2772 x 1272 pixels), elles sont \u2013 par d\u00e9faut \u2013 affich\u00e9es en mode Standard (2354 x 1080 pixels).<\/p>\n<p><a href=\"https:\/\/images.frandroid.com\/wp-content\/uploads\/2026\/03\/photo-8.jpg\" target=\"_blank\" class=\"article-content__figure\" rel=\"nofollow noopener\"><img loading=\"lazy\" decoding=\"async\" width=\"1200\" height=\"802\" src=\"https:\/\/www.europesays.com\/be-fr\/wp-content\/uploads\/2026\/03\/photo-8-1200x802.jpg\" alt=\"\" class=\"wp-image-3004447 wp-image\"  \/><\/a>Realme 16 Pro \/\/ Source : Chlo\u00e9 Pertuis pour Frandroid<\/p>\n<p>Pour ce qui est du taux de rafraichissement, le smartphone propose une gestion quelque peu \u00e9trange. En th\u00e9orie, celui-ci peut atteindre 144 Hz (ce qui \u2013 selon nous \u2013 n\u2019apporte pas grand-chose par rapport au mode 120 Hz, surtout sur un smartphone).<\/p>\n<p>En pratique, dans les param\u00e8tres d\u2019affichage, on a le choix entre les modes Standard (60 Hz), Elev\u00e9 (144 Hz) et S\u00e9lection automatique. Le probl\u00e8me r\u00e9side dans le fait que lorsque le mode Elev\u00e9 est utilis\u00e9, on a la possibilit\u00e9 de d\u00e9finir, application par application, le taux de rafra\u00eechissement utilis\u00e9 (60 Hz, 90 Hz, 120 Hz et 144 Hz).<\/p>\n<p>Or, lors de notre test, le mode 144 Hz ne pouvait pas \u00eatre activ\u00e9 avec les jeux install\u00e9s (Fortnite, Genshin Impact, Call Of Duty, PUBG), alors qu\u2019il \u00e9tait attribu\u00e9, par d\u00e9faut, \u00e0 quelques accessoires sans int\u00e9r\u00eat, comme la boussole (!!).<\/p>\n<p><a href=\"https:\/\/images.frandroid.com\/wp-content\/uploads\/2026\/03\/img-20260316-192217.jpg\" target=\"_blank\" class=\"article-content__figure\" rel=\"nofollow noopener\"><img loading=\"lazy\" decoding=\"async\" width=\"1200\" height=\"894\" src=\"https:\/\/www.europesays.com\/be-fr\/wp-content\/uploads\/2026\/03\/img-20260316-192217-1200x894.jpg\" alt=\"\" class=\"wp-image-3028177 wp-image\"  \/><\/a>Realme 16 Pro \/\/ Source : Xavier Regord pour Frandroid<\/p>\n<p>En ce qui concerne la qualit\u00e9 d\u2019affichage, le Realme 16 Pro propose plusieurs profils colorim\u00e9triques : Vif, Naturel, Cin\u00e9matique, Eclatant et Avanc\u00e9 (DCI-P3 ou sRGB). D\u2019autre part, le constructeur communique sur les niveaux de luminosit\u00e9 maximum suivants :<\/p>\n<p>1000 nits (mode standard)<\/p>\n<p>1400 nits (luminosit\u00e9 adaptative)<\/p>\n<p>6500 nits en pic HDR<\/p>\n<p>Ces derniers sont-ils v\u00e9rifi\u00e9s, en pratique, et que peut-on dire de la pr\u00e9cision de la colorim\u00e9trie de l\u2019\u00e9cran ? Nous avons contr\u00f4l\u00e9 cela gr\u00e2ce \u00e0 notre sonde et au logiciel\u00a0<a href=\"https:\/\/www.frandroid.com\/produits-android\/smartphone\/614122_comment-sont-testes-les-smartphones-chez-frandroid\" rel=\"nofollow noopener\" target=\"_blank\">CalMAN Ultimate<\/a>\u00a0de\u00a0<a href=\"https:\/\/www.portrait.com\/\" target=\"_blank\" rel=\"noreferrer noopener nofollow\">Portrait Displays<\/a>.<\/p>\n<p>Et force est de constater que les r\u00e9sultats sont \u00e9logieux. Tout d\u2019abord, la luminosit\u00e9 effective correspond parfaitement \u00e0 ce qui est annonc\u00e9 par le constructeur : 591 nits mesur\u00e9s en mode d\u2019affichage standard, 999 nits en activant l\u2019option Luminosit\u00e9 suppl\u00e9mentaire et 1398 nits, au maximum, dans le mode Luminosit\u00e9 adaptative.<\/p>\n<p><a href=\"https:\/\/images.frandroid.com\/wp-content\/uploads\/2026\/03\/photo-20.jpg\" target=\"_blank\" class=\"article-content__figure\" rel=\"nofollow noopener\"><img loading=\"lazy\" decoding=\"async\" width=\"1200\" height=\"802\" src=\"https:\/\/www.europesays.com\/be-fr\/wp-content\/uploads\/2026\/03\/photo-20-1200x802.jpg\" alt=\"\" class=\"wp-image-3004445 wp-image\"  \/><\/a>Realme 16 Pro \/\/ Source : Chlo\u00e9 Pertuis pour Frandroid<\/p>\n<p>Ensuite, si on utilise le profil d\u2019affichage Cin\u00e9matique, la temp\u00e9rature moyenne des couleurs est de 6544 K (colorim\u00e9trie parfaitement neutre). Le Delta E moyen, quant \u00e0 lui, n\u2019est que de 1,79 (la fid\u00e9lit\u00e9 des couleurs est exemplaire) et l\u2019espace colorim\u00e9trique DCI-P3 est presque reproduit int\u00e9gralement (\u00e0 95 %). Bien !<\/p>\n<p>&#13;<\/p>\n<p>Performances<\/p>\n<p>Contrairement au Realme 14 Pro qui exploite un processeur Mediatek Dimensity 7300 Energy, et au Realme 15 Pro, qui embarque le Snapdragon 7 Gen 4 de Qualcomm, le Realme 16 Pro fait appel au\u2026 Mediatek Dimensity 7300 Max.<\/p>\n<p>Il int\u00e8gre huit c\u0153urs, r\u00e9partis en deux blocs : un comprenant quatre c\u0153urs qui ont une fr\u00e9quence de 2,5 GHz, et un autre, de quatre c\u0153urs \u00e9galement, qui fonctionnent \u00e0 2,0 GHz (comme toutes les autres versions du Dimensity 7300).<\/p>\n<p><a href=\"https:\/\/images.frandroid.com\/wp-content\/uploads\/2026\/03\/image-45.png\" target=\"_blank\" class=\"article-content__figure\" rel=\"nofollow noopener\"><img loading=\"lazy\" decoding=\"async\" width=\"1200\" height=\"270\" src=\"https:\/\/www.europesays.com\/be-fr\/wp-content\/uploads\/2026\/03\/image-45-1200x270.png\" alt=\"\" class=\"wp-image-3028751 wp-image\"  \/><\/a>Moyennes normalis\u00e9es de diff\u00e9rents benchmarks.<\/p>\n<p>Le processeur est 8 Go de m\u00e9moire et un espace de stockage de 256 Go ou 512 Go. Signalons que le constructeur propose un mode de fonctionnement appel\u00e9 \u00ab\u00a0GT Boost\u00a0\u00bb, qui permet d\u2019obtenir des performances sensiblement meilleures qu\u2019en mode par d\u00e9faut.<\/p>\n<p>En termes de performances brutes, telles que mesur\u00e9es par les diff\u00e9rents benchmarks, la puce Dimensity 7300 Max s\u2019av\u00e8re l\u00e9g\u00e8rement moins v\u00e9loce que le Dimensity 7400 Ultra du <a href=\"https:\/\/www.frandroid.com\/marques\/xiaomi\/2918179_test-xiaomi-redmi-note-15-pro-design-revu-performances-ameliorees-mais-du-surplace-cote-logiciel\" data-type=\"link\" data-id=\"https:\/\/www.frandroid.com\/marques\/xiaomi\/2918179_test-xiaomi-redmi-note-15-pro-design-revu-performances-ameliorees-mais-du-surplace-cote-logiciel\" rel=\"nofollow noopener\" target=\"_blank\">Xiaomi Redmi Note 15 Pro<\/a> (\u00e7a para\u00eet normal !), mais aussi que le Snapdragon 6 Gen 3, pr\u00e9sent au sein du <a href=\"https:\/\/www.frandroid.com\/marques\/samsung\/2544311_test-samsung-galaxy-a36-une-evolution-en-petites-foulees-satisfaisante-mais-sans-audace\" data-type=\"link\" data-id=\"https:\/\/www.frandroid.com\/marques\/samsung\/2544311_test-samsung-galaxy-a36-une-evolution-en-petites-foulees-satisfaisante-mais-sans-audace\" rel=\"nofollow noopener\" target=\"_blank\">Samsung Galaxy A36<\/a>, ou encore que le Snapdragon 6 Gen 4, qui \u00e9quipe le <a href=\"https:\/\/www.frandroid.com\/marques\/honor\/2913735_test-honor-magic-8-lite-le-smartphone-increvable-qui-ne-craint-ni-leau-ni-les-chutes\" data-type=\"link\" data-id=\"https:\/\/www.frandroid.com\/marques\/honor\/2913735_test-honor-magic-8-lite-le-smartphone-increvable-qui-ne-craint-ni-leau-ni-les-chutes\" rel=\"nofollow noopener\" target=\"_blank\">Honor Magic8 Lite<\/a>.<\/p>\n<p><a href=\"https:\/\/images.frandroid.com\/wp-content\/uploads\/2026\/03\/img-20260313-145740.jpg\" target=\"_blank\" class=\"article-content__figure\" rel=\"nofollow noopener\"><img loading=\"lazy\" decoding=\"async\" width=\"1200\" height=\"900\" src=\"https:\/\/www.europesays.com\/be-fr\/wp-content\/uploads\/2026\/03\/img-20260313-145740-1200x900.jpg\" alt=\"\" class=\"wp-image-3014051 wp-image\"  \/><\/a>Realme 16 Pro \/\/ Source : Xavier Regord pour Frandroid<\/p>\n<p>Le Snapdragon 7s Gen 3 du <a href=\"https:\/\/www.frandroid.com\/marques\/nothing\/2998037_test-nothing-phone-4a-zoom-periscopique-top-smartphone-milieu-gamme\" data-type=\"link\" data-id=\"https:\/\/www.frandroid.com\/marques\/nothing\/2998037_test-nothing-phone-4a-zoom-periscopique-top-smartphone-milieu-gamme\" rel=\"nofollow noopener\" target=\"_blank\">Nothing Phone (4a)<\/a> est encore un peu plus performant, mais moins que le Snapdragon 8s Gen 3 du <a href=\"https:\/\/www.frandroid.com\/marques\/oneplus\/2748149_test-du-oneplus-nord-5-un-milieu-de-gamme-solide-sur-ses-appuis-mais-sans-surprise\" data-type=\"link\" data-id=\"https:\/\/www.frandroid.com\/marques\/oneplus\/2748149_test-du-oneplus-nord-5-un-milieu-de-gamme-solide-sur-ses-appuis-mais-sans-surprise\" rel=\"nofollow noopener\" target=\"_blank\">OnePlus Nord 5<\/a>.<\/p>\n<p>Dans une gamme de prix \u00e9quivalent \u00e0 celle du Realme 16 Pro, les smartphones Xiaomi <a href=\"https:\/\/www.frandroid.com\/test\/2482314_test-xiaomi-poco-x7-pro-un-champion-du-gaming-mais-pas-de-la-photographie\" data-type=\"link\" data-id=\"https:\/\/www.frandroid.com\/test\/2482314_test-xiaomi-poco-x7-pro-un-champion-du-gaming-mais-pas-de-la-photographie\" rel=\"nofollow noopener\" target=\"_blank\">Poco X7 Pro<\/a> et Poco X8 Pro sont ceux qui affichent les plus hautes performances, gr\u00e2ce \u00e0 leurs puces Dimensity 8400 Ultra et Dimensity 8500 Ultra.<\/p>\n<p><a href=\"https:\/\/images.frandroid.com\/wp-content\/uploads\/2026\/03\/photo-2.jpg\" target=\"_blank\" class=\"article-content__figure\" rel=\"nofollow noopener\"><img loading=\"lazy\" decoding=\"async\" width=\"1200\" height=\"802\" src=\"https:\/\/www.europesays.com\/be-fr\/wp-content\/uploads\/2026\/03\/photo-2-1200x802.jpg\" alt=\"\" class=\"wp-image-3028225 wp-image\"  \/><\/a><\/p>\n<p>Bref, le Realme 16 Pro n\u2019est clairement pas un foudre de guerre. Toutefois, il suffit dans le cadre d\u2019une utilisation bureautique \/ multim\u00e9dia de tous les jours. Le niveau de performance est m\u00eame suffisant, si on d\u00e9sire jouer, pour b\u00e9n\u00e9ficier d\u2019animations fluides (jusqu\u2019\u00e0 60 images par seconde), malgr\u00e9 l\u2019utilisation du meilleur niveau graphique, dans Fortnite par exemple.<\/p>\n<p>Les deux bons points, \u00e0 mettre au cr\u00e9dit du processeur Mediatek Dimensity 7300 Max, r\u00e9sident dans sa mont\u00e9e en temp\u00e9rature tr\u00e8s raisonnable (50 degr\u00e9s apr\u00e8s une heure de calculs intensifs) et \u2013 par cons\u00e9quent \u2013 un throttling (bridage des performances) minimal, puisque la puce a toujours \u00e9t\u00e9 en mesure de d\u00e9livrer au moins 89 % de son plein potentiel.<\/p>\n<p>&#13;<\/p>\n<p>Logiciel<\/p>\n<p>Le Realme 16 Pro fonctionne sous Android 16, compl\u00e9t\u00e9 par l\u2019interface utilisateur Realme UI 7.<\/p>\n<p>D\u2019apr\u00e8s le constructeur, les mises \u00e0 jour d\u2019Android sont assur\u00e9es pour les cinq prochaines ann\u00e9es, et pendant 6 ans pour les mises \u00e0 jour de s\u00e9curit\u00e9. Certes, on n\u2019est pas encore au niveau de ce proposent Samsung ou Google, c\u2019est-\u00e0-dire 7 ans de mises \u00e0 jour. Mais c\u2019est d\u00e9j\u00e0 pas mal (et mieux que d\u2019autres, comme Nothing qui n\u2019assure que 3 ann\u00e9es de mises \u00e0 jour majeures).<\/p>\n<p><a href=\"https:\/\/images.frandroid.com\/wp-content\/uploads\/2026\/03\/photo-19.jpg\" target=\"_blank\" class=\"article-content__figure\" rel=\"nofollow noopener\"><img loading=\"lazy\" decoding=\"async\" width=\"1200\" height=\"802\" src=\"https:\/\/www.europesays.com\/be-fr\/wp-content\/uploads\/2026\/03\/photo-19-1200x802.jpg\" alt=\"\" class=\"wp-image-3004457 wp-image\"  \/><\/a>Realme 16 Pro \/\/ Source : Chlo\u00e9 Pertuis pour Frandroid<\/p>\n<p>Bon point, l\u2019environnement logiciel offert par le Realme 16 Pro s\u2019av\u00e8re complet et original. Ainsi, outre Gemini Live, on dispose des fonctions d\u2019aide \u00e0 la r\u00e9daction (R\u00e9dacteur IA) et \u00e0 la traduction (Traduction IA).<\/p>\n<p>Passons rapidement sur la nouvelle fonction appel\u00e9e Entraineur jeu IA, qui vise \u00e0 fournir des informations en jeu, cens\u00e9es aider le joueur (pour peu qu\u2019il utilise la poign\u00e9e de jeu qui supporte cette fonction), et qui nous semble tenir plus du discours marketing qu\u2019autre chose (quand laissera-t-on l\u2019IA jouer et gagner \u00e0 notre place ?).<\/p>\n<p>La boucle intelligente IA est plus int\u00e9ressante. Elle permet de copier texte (ou une image), puis de le faire glisser vers le bord de l\u2019\u00e9cran, pour faire appara\u00eetre les applications susceptibles d\u2019exploiter ce type de contenu.<\/p>\n<p>On retrouve \u00e9galement de nombreuses fonctions IA, qui permettent de retoucher les photos :<\/p>\n<p>Recomposition IA (recadrage auto)<\/p>\n<p>AI Eraser (gomme magique)<\/p>\n<p>R\u00e9\u00e9clairage IA (pour les portraits)<\/p>\n<p>Ultra nettet\u00e9<\/p>\n<p>Supprimer le flou<\/p>\n<p>Prise de vue parfaite par IA (pour les photos de groupe)<\/p>\n<p> Supprimer les reflets<\/p>\n<p>Paysage IA (optimisation)<\/p>\n<p>Plus d\u2019autres fonctions photos originales et ludiques (voir plus bas).<\/p>\n<p>&#13;<\/p>\n<p>Photo <\/p>\n<p>Deux objectif sont pr\u00e9sents au dos du Realme 16 Pro :<\/p>\n<p>Un grand-angle, avec un capteur de 200 m\u00e9gapixels<\/p>\n<p>Un ultra grand-angle, associ\u00e9 \u00e0 un capteur de 8 m\u00e9gapixels.<\/p>\n<p><a href=\"https:\/\/images.frandroid.com\/wp-content\/uploads\/2026\/03\/photo-4.jpg\" target=\"_blank\" class=\"article-content__figure\" rel=\"nofollow noopener\"><img loading=\"lazy\" decoding=\"async\" width=\"1200\" height=\"802\" src=\"https:\/\/www.europesays.com\/be-fr\/wp-content\/uploads\/2026\/03\/photo-4-1200x802.jpg\" alt=\"\" class=\"wp-image-3004437 wp-image\"  \/><\/a>Realme 16 Pro \/\/ Source : Chlo\u00e9 Pertuis pour Frandroid<\/p>\n<p>Un capteur selfie de 50 MP vient compl\u00e9ter cette configuration.<\/p>\n<p>\t\t\t\t\t\t<a href=\"https:\/\/images.frandroid.com\/wp-content\/uploads\/2026\/03\/realme-16-pro-composition-ia-2.jpg\" itemprop=\"url\" rel=\"nofollow noopener\" target=\"_blank\"><\/p>\n<p>\t\t\t\t\t\t\t<img decoding=\"async\" class=\"wp-image\" src=\"https:\/\/www.europesays.com\/be-fr\/wp-content\/uploads\/2026\/03\/realme-16-pro-composition-ia-2.jpg\"  width=\"460\" height=\"211\" loading=\"lazy\" data-original-width=\"460\" data-original-height=\"211\" itemprop=\"http:\/\/schema.org\/image\" title=\"Realme 16 Pro - Composition IA (2)\" alt=\"Realme 16 Pro - Composition IA (2)\" style=\"width: 460px; height: 211px;\"\/><br \/>\n\t\t\t\t\t\t<\/a><\/p>\n<p>\t\t\t\t\t\t<a href=\"https:\/\/images.frandroid.com\/wp-content\/uploads\/2026\/03\/realme-16-pro-composition-ia.jpg\" itemprop=\"url\" rel=\"nofollow noopener\" target=\"_blank\"><\/p>\n<p>\t\t\t\t\t\t\t<img decoding=\"async\" class=\"wp-image\" src=\"https:\/\/www.europesays.com\/be-fr\/wp-content\/uploads\/2026\/03\/realme-16-pro-composition-ia.jpg\"  width=\"460\" height=\"211\" loading=\"lazy\" data-original-width=\"460\" data-original-height=\"211\" itemprop=\"http:\/\/schema.org\/image\" title=\"Realme 16 Pro - Composition IA\" alt=\"Realme 16 Pro - Composition IA\" style=\"width: 460px; height: 211px;\"\/><br \/>\n\t\t\t\t\t\t<\/a><\/p>\n<p>Comme nous l\u2019avons d\u00e9j\u00e0 signal\u00e9, le smartphone offre des services originaux, d\u00e8s la prise de vue :<\/p>\n<p>Composition IA : des conseils sont prodigu\u00e9s en temps r\u00e9els, afin d\u2019obtenir LA photo parfaite.<\/p>\n<p>Effets lumineux : utilisation de filtres qui ajoutent des effets de lentille aux sources lumineuses pr\u00e9sentes dans la sc\u00e8ne photographi\u00e9e.<\/p>\n<p>Une fois les photos faites, il est possible de les modifier en faisant appel au G\u00e9nie de la modification IA.<\/p>\n<p>Ce dernier propose les fonctions suivantes :<\/p>\n<p>AI LightMe : g\u00e9n\u00e8re des effets lumineux originaux (projecteur, n\u00e9on, ombre de fen\u00eatre, etc.).<\/p>\n<p>AI StyleMe : plusieurs effets de transformations d\u2019images (Emoji, modeling photoshoot, Cartoon shot).<\/p>\n<p>Inspiration par l\u2019IA : modifications automatiques, apr\u00e8s analyse de la photo.<\/p>\n<p>Grand-angle<\/p>\n<p>L\u2019objectif grand-angle est \u00e9quivalent \u00e0 un 23 mm, avec une ouverture de f\/1.8. Il est associ\u00e9 \u00e0 un capteur Samsung (avec stabilisation optique).<\/p>\n<p>Par d\u00e9faut, les photos sont captur\u00e9es en 12 m\u00e9gapixels. Il est toutefois possible de g\u00e9n\u00e9rer des clich\u00e9s en 50 m\u00e9gapixels, voire 200 m\u00e9gapixels.<\/p>\n<p>Et, comme souvent, les photos prises en plein jour s\u2019av\u00e8rent d\u2019excellente qualit\u00e9, pr\u00e9cises \u00e0 souhait.<\/p>\n<p><a href=\"https:\/\/images.frandroid.com\/wp-content\/uploads\/2026\/03\/realme-16-pro-23-mm-1.jpg\" target=\"_blank\" class=\"article-content__figure\" rel=\"nofollow noopener\"><img loading=\"lazy\" decoding=\"async\" width=\"1200\" height=\"900\" src=\"https:\/\/www.europesays.com\/be-fr\/wp-content\/uploads\/2026\/03\/realme-16-pro-23-mm-1-1200x900.jpg\" alt=\"\" class=\"wp-image-3014053 wp-image\"  \/><\/a><\/p>\n<p>\t\t\t\t\t\t<a href=\"https:\/\/images.frandroid.com\/wp-content\/uploads\/2026\/03\/realme-16-pro-23-mm-7.jpg\" itemprop=\"url\" rel=\"nofollow noopener\" target=\"_blank\"><\/p>\n<p>\t\t\t\t\t\t\t<img decoding=\"async\" class=\"wp-image\" src=\"https:\/\/www.europesays.com\/be-fr\/wp-content\/uploads\/2026\/03\/realme-16-pro-23-mm-7.jpg\"  width=\"924\" height=\"693\" loading=\"lazy\" data-original-width=\"924\" data-original-height=\"693\" itemprop=\"http:\/\/schema.org\/image\" title=\"Realme 16 Pro - 23 mm (7)\" alt=\"Realme 16 Pro - 23 mm (7)\" style=\"width: 924px; height: 693px;\"\/><br \/>\n\t\t\t\t\t\t<\/a><\/p>\n<p>De nuit, le piqu\u00e9 des images r\u00e9alis\u00e9es s\u2019av\u00e8re satisfaisant, si les sources lumineuses environnantes ne sont pas trop \u00e9loign\u00e9es.<\/p>\n<p><a href=\"https:\/\/images.frandroid.com\/wp-content\/uploads\/2026\/03\/realme-16-pro-ga-nuit-8-1.jpg\" target=\"_blank\" class=\"article-content__figure\" rel=\"nofollow noopener\"><img loading=\"lazy\" decoding=\"async\" width=\"1200\" height=\"900\" src=\"https:\/\/www.europesays.com\/be-fr\/wp-content\/uploads\/2026\/03\/realme-16-pro-ga-nuit-8-1-1200x900.jpg\" alt=\"\" class=\"wp-image-3025979 wp-image\"  \/><\/a><\/p>\n<p>\t\t\t\t\t\t<a href=\"https:\/\/images.frandroid.com\/wp-content\/uploads\/2026\/03\/realme-16-pro-ga-nuit-5.jpg\" itemprop=\"url\" rel=\"nofollow noopener\" target=\"_blank\"><\/p>\n<p>\t\t\t\t\t\t\t<img decoding=\"async\" class=\"wp-image\" src=\"https:\/\/www.europesays.com\/be-fr\/wp-content\/uploads\/2026\/03\/realme-16-pro-ga-nuit-5.jpg\"  width=\"580\" height=\"773\" loading=\"lazy\" data-original-width=\"580\" data-original-height=\"773\" itemprop=\"http:\/\/schema.org\/image\" title=\"Realme 16 Pro - GA Nuit (5)\" alt=\"Realme 16 Pro - GA Nuit (5)\" style=\"width: 580px; height: 773px;\"\/><br \/>\n\t\t\t\t\t\t<\/a><\/p>\n<p>Ultra grand-angle<\/p>\n<p>L\u2019objectif ultra grand-angle a une focale \u00e9quivalente \u00e0 16 mm et ouvre \u00e0 f\/2.2.<\/p>\n<p>Les images qu\u2019il r\u00e9alise sont de bonne qualit\u00e9, m\u00eame si la pr\u00e9cision n\u2019est pas bouleversante globalement.<\/p>\n<p><a href=\"https:\/\/images.frandroid.com\/wp-content\/uploads\/2026\/03\/realme-16-pro-16-mm-2.jpg\" target=\"_blank\" class=\"article-content__figure\" rel=\"nofollow noopener\"><img loading=\"lazy\" decoding=\"async\" width=\"1200\" height=\"900\" src=\"https:\/\/www.europesays.com\/be-fr\/wp-content\/uploads\/2026\/03\/realme-16-pro-16-mm-2-1200x900.jpg\" alt=\"\" class=\"wp-image-3013941 wp-image\"  \/><\/a><\/p>\n<p>\t\t\t\t\t\t<a href=\"https:\/\/images.frandroid.com\/wp-content\/uploads\/2026\/03\/realme-16-pro-16-mm-2.jpg\" itemprop=\"url\" rel=\"nofollow noopener\" target=\"_blank\"><\/p>\n<p>\t\t\t\t\t\t\t<img decoding=\"async\" class=\"wp-image\" src=\"https:\/\/www.europesays.com\/be-fr\/wp-content\/uploads\/2026\/03\/realme-16-pro-16-mm-2.jpg\"  width=\"460\" height=\"345\" loading=\"lazy\" data-original-width=\"460\" data-original-height=\"345\" itemprop=\"http:\/\/schema.org\/image\" title=\"Realme 16 Pro - 16 mm (2)\" alt=\"Realme 16 Pro - 16 mm (2)\" style=\"width: 460px; height: 345px;\"\/><br \/>\n\t\t\t\t\t\t<\/a><\/p>\n<p>\t\t\t\t\t\t<a href=\"https:\/\/images.frandroid.com\/wp-content\/uploads\/2026\/03\/realme-16-pro-16-mm.jpg\" itemprop=\"url\" rel=\"nofollow noopener\" target=\"_blank\"><\/p>\n<p>\t\t\t\t\t\t\t<img decoding=\"async\" class=\"wp-image\" src=\"https:\/\/www.europesays.com\/be-fr\/wp-content\/uploads\/2026\/03\/realme-16-pro-16-mm.jpg\"  width=\"460\" height=\"345\" loading=\"lazy\" data-original-width=\"460\" data-original-height=\"345\" itemprop=\"http:\/\/schema.org\/image\" title=\"Realme 16 Pro - 16 mm\" alt=\"Realme 16 Pro - 16 mm\" style=\"width: 460px; height: 345px;\"\/><br \/>\n\t\t\t\t\t\t<\/a><\/p>\n<p>De nuit, les r\u00e9sultats en mode ultra grand-angle sont variables, allant de pas trop mauvais \u00e0 pas du tout satisfaisants (bref, c\u2019est un peu moins pire que ce qu\u2019on peut souvent constater).<\/p>\n<p>Dans le meilleur des cas, l\u2019image est globalement satisfaisante, si on ne la regarde pas de trop pr\u00e8s. Dans le pire des cas, la photo est floue.<\/p>\n<p>\t\t\t\t\t\t<a href=\"https:\/\/images.frandroid.com\/wp-content\/uploads\/2026\/03\/realme-16-pro-uga-nuit.jpg\" itemprop=\"url\" rel=\"nofollow noopener\" target=\"_blank\"><\/p>\n<p>\t\t\t\t\t\t\t<img decoding=\"async\" class=\"wp-image\" src=\"https:\/\/www.europesays.com\/be-fr\/wp-content\/uploads\/2026\/03\/realme-16-pro-uga-nuit.jpg\"  width=\"924\" height=\"693\" loading=\"lazy\" data-original-width=\"924\" data-original-height=\"693\" itemprop=\"http:\/\/schema.org\/image\" title=\"Realme 16 Pro - UGA Nuit\" alt=\"Realme 16 Pro - UGA Nuit\" style=\"width: 924px; height: 693px;\"\/><br \/>\n\t\t\t\t\t\t<\/a><\/p>\n<p>Zoom<\/p>\n<p>Le Realme 16 Pro n\u2019est pas \u00e9quip\u00e9 d\u2019un t\u00e9l\u00e9objectif. Dans ce domaine, seul le constructeur anglais Nothing fait figure d\u2019exception, en proposant des smartphones vendus entre 350 et 450 euros, et pourtant \u00e9quip\u00e9s d\u2019un t\u00e9l\u00e9objectif, avec zoom optique 3,5 sur le r\u00e9cent <a href=\"https:\/\/www.frandroid.com\/marques\/nothing\/2998037_test-nothing-phone-4a-zoom-periscopique-top-smartphone-milieu-gamme\" data-type=\"link\" data-id=\"https:\/\/www.frandroid.com\/marques\/nothing\/2998037_test-nothing-phone-4a-zoom-periscopique-top-smartphone-milieu-gamme\" rel=\"nofollow noopener\" target=\"_blank\">Nothing Phone (4a)<\/a>, par exemple.<\/p>\n<p>Aussi, si on se contente d\u2019un petit facteur de grossissement, 2x par exemple, les r\u00e9sultats sont plut\u00f4t bons.<\/p>\n<p><a href=\"https:\/\/images.frandroid.com\/wp-content\/uploads\/2026\/03\/realme-16-pro-46-mm-3.jpg\" target=\"_blank\" class=\"article-content__figure\" rel=\"nofollow noopener\"><img loading=\"lazy\" decoding=\"async\" width=\"1200\" height=\"900\" src=\"https:\/\/www.europesays.com\/be-fr\/wp-content\/uploads\/2026\/03\/realme-16-pro-46-mm-3-1200x900.jpg\" alt=\"\" class=\"wp-image-3013949 wp-image\"  \/><\/a><\/p>\n<p>\t\t\t\t\t\t<a href=\"https:\/\/images.frandroid.com\/wp-content\/uploads\/2026\/03\/realme-16-pro-46-mm-2.jpg\" itemprop=\"url\" rel=\"nofollow noopener\" target=\"_blank\"><\/p>\n<p>\t\t\t\t\t\t\t<img decoding=\"async\" class=\"wp-image\" src=\"https:\/\/www.europesays.com\/be-fr\/wp-content\/uploads\/2026\/03\/realme-16-pro-46-mm-2.jpg\"  width=\"460\" height=\"345\" loading=\"lazy\" data-original-width=\"460\" data-original-height=\"345\" itemprop=\"http:\/\/schema.org\/image\" title=\"Realme 16 Pro - 46 mm (2)\" alt=\"Realme 16 Pro - 46 mm (2)\" style=\"width: 460px; height: 345px;\"\/><br \/>\n\t\t\t\t\t\t<\/a><\/p>\n<p>\t\t\t\t\t\t<a href=\"https:\/\/images.frandroid.com\/wp-content\/uploads\/2026\/03\/realme-16-pro-46-mm.jpg\" itemprop=\"url\" rel=\"nofollow noopener\" target=\"_blank\"><\/p>\n<p>\t\t\t\t\t\t\t<img decoding=\"async\" class=\"wp-image\" src=\"https:\/\/www.europesays.com\/be-fr\/wp-content\/uploads\/2026\/03\/realme-16-pro-46-mm.jpg\"  width=\"460\" height=\"345\" loading=\"lazy\" data-original-width=\"460\" data-original-height=\"345\" itemprop=\"http:\/\/schema.org\/image\" title=\"Realme 16 Pro - 46 mm\" alt=\"Realme 16 Pro - 46 mm\" style=\"width: 460px; height: 345px;\"\/><br \/>\n\t\t\t\t\t\t<\/a><\/p>\n<p>M\u00eame avec un zoom num\u00e9rique 4x, les images peuvent \u00eatre partag\u00e9es avec ses proches ou sur les r\u00e9seaux sociaux.<\/p>\n<p><a href=\"https:\/\/images.frandroid.com\/wp-content\/uploads\/2026\/03\/realme-16-pro-92-mm-5.jpg\" target=\"_blank\" class=\"article-content__figure\" rel=\"nofollow noopener\"><img loading=\"lazy\" decoding=\"async\" width=\"1200\" height=\"900\" src=\"https:\/\/www.europesays.com\/be-fr\/wp-content\/uploads\/2026\/03\/realme-16-pro-92-mm-5-1200x900.jpg\" alt=\"\" class=\"wp-image-3013963 wp-image\"  \/><\/a><\/p>\n<p><a href=\"https:\/\/images.frandroid.com\/wp-content\/uploads\/2026\/03\/img20260314094224.jpg\" target=\"_blank\" class=\"article-content__figure\" rel=\"nofollow noopener\"><img loading=\"lazy\" decoding=\"async\" width=\"1200\" height=\"900\" src=\"https:\/\/www.europesays.com\/be-fr\/wp-content\/uploads\/2026\/03\/img20260314094224-1200x900.jpg\" alt=\"\" class=\"wp-image-3025915 wp-image\"  \/><\/a><\/p>\n<p>En revanche, \u00e0 partir d\u2019un zoom num\u00e9rique 10x, la qualit\u00e9 des clich\u00e9s se d\u00e9grade progressivement (et c\u2019est parfaitement normal !). <\/p>\n<p>\t\t\t\t\t\t<a href=\"https:\/\/images.frandroid.com\/wp-content\/uploads\/2026\/03\/realme-16-pro-30x.jpg\" itemprop=\"url\" rel=\"nofollow noopener\" target=\"_blank\"><\/p>\n<p>\t\t\t\t\t\t\t<img decoding=\"async\" class=\"wp-image\" src=\"https:\/\/www.europesays.com\/be-fr\/wp-content\/uploads\/2026\/03\/realme-16-pro-30x.jpg\"  width=\"924\" height=\"693\" loading=\"lazy\" data-original-width=\"924\" data-original-height=\"693\" itemprop=\"http:\/\/schema.org\/image\" title=\"Realme 16 Pro - 30x\" alt=\"Realme 16 Pro - 30x\" style=\"width: 924px; height: 693px;\"\/><br \/>\n\t\t\t\t\t\t<\/a><\/p>\n<p>\t\t\t\t\t\t<a href=\"https:\/\/images.frandroid.com\/wp-content\/uploads\/2026\/03\/realme-16-pro-20x-2.jpg\" itemprop=\"url\" rel=\"nofollow noopener\" target=\"_blank\"><\/p>\n<p>\t\t\t\t\t\t\t<img decoding=\"async\" class=\"wp-image\" src=\"https:\/\/www.europesays.com\/be-fr\/wp-content\/uploads\/2026\/03\/realme-16-pro-20x-2.jpg\"  width=\"460\" height=\"345\" loading=\"lazy\" data-original-width=\"460\" data-original-height=\"345\" itemprop=\"http:\/\/schema.org\/image\" title=\"Realme 16 Pro - 20x (2)\" alt=\"Realme 16 Pro - 20x (2)\" style=\"width: 460px; height: 345px;\"\/><br \/>\n\t\t\t\t\t\t<\/a><\/p>\n<p>\t\t\t\t\t\t<a href=\"https:\/\/images.frandroid.com\/wp-content\/uploads\/2026\/03\/realme-16-pro-30x-2.jpg\" itemprop=\"url\" rel=\"nofollow noopener\" target=\"_blank\"><\/p>\n<p>\t\t\t\t\t\t\t<img decoding=\"async\" class=\"wp-image\" src=\"https:\/\/www.europesays.com\/be-fr\/wp-content\/uploads\/2026\/03\/realme-16-pro-30x-2.jpg\"  width=\"460\" height=\"345\" loading=\"lazy\" data-original-width=\"460\" data-original-height=\"345\" itemprop=\"http:\/\/schema.org\/image\" title=\"Realme 16 Pro - 30x (2)\" alt=\"Realme 16 Pro - 30x (2)\" style=\"width: 460px; height: 345px;\"\/><br \/>\n\t\t\t\t\t\t<\/a><\/p>\n<p>De nuit, le zoom num\u00e9rique 2x ne d\u00e9m\u00e9rite pas. La plupart du temps, on b\u00e9n\u00e9ficie d\u2019images assez pr\u00e9cises, si les conditions d\u2019\u00e9clairage ne sont pas trop d\u00e9favorables.<\/p>\n<p>\t\t\t\t\t\t<a href=\"https:\/\/images.frandroid.com\/wp-content\/uploads\/2026\/03\/realme-16-pro-zoom-4x-nuit-2.jpg\" itemprop=\"url\" rel=\"nofollow noopener\" target=\"_blank\"><\/p>\n<p>\t\t\t\t\t\t\t<img decoding=\"async\" class=\"wp-image\" src=\"https:\/\/www.europesays.com\/be-fr\/wp-content\/uploads\/2026\/03\/realme-16-pro-zoom-4x-nuit-2.jpg\"  width=\"580\" height=\"773\" loading=\"lazy\" data-original-width=\"580\" data-original-height=\"773\" itemprop=\"http:\/\/schema.org\/image\" title=\"Realme 16 Pro - zoom 4x Nuit (2)\" alt=\"Realme 16 Pro - zoom 4x Nuit (2)\" style=\"width: 580px; height: 773px;\"\/><br \/>\n\t\t\t\t\t\t<\/a><\/p>\n<p>M\u00eame les photos prises avec le zoom num\u00e9rique 4x peuvent parfois se r\u00e9v\u00e9ler satisfaisantes. Pas de quoi rougir face \u00e0 des mod\u00e8les plus on\u00e9reux !<\/p>\n<p><a href=\"https:\/\/images.frandroid.com\/wp-content\/uploads\/2026\/03\/realme-16-pro-zoom-4x-nuit-4.jpg\" target=\"_blank\" class=\"article-content__figure\" rel=\"nofollow noopener\"><img loading=\"lazy\" decoding=\"async\" width=\"1200\" height=\"900\" src=\"https:\/\/www.europesays.com\/be-fr\/wp-content\/uploads\/2026\/03\/realme-16-pro-zoom-4x-nuit-4-1200x900.jpg\" alt=\"\" class=\"wp-image-3026003 wp-image\"  \/><\/a><\/p>\n<p>\t\t\t\t\t\t<a href=\"https:\/\/images.frandroid.com\/wp-content\/uploads\/2026\/03\/realme-16-pro-zoom-4x-nuit-3.jpg\" itemprop=\"url\" rel=\"nofollow noopener\" target=\"_blank\"><\/p>\n<p>\t\t\t\t\t\t\t<img decoding=\"async\" class=\"wp-image\" src=\"https:\/\/www.europesays.com\/be-fr\/wp-content\/uploads\/2026\/03\/realme-16-pro-zoom-4x-nuit-3.jpg\"  width=\"460\" height=\"345\" loading=\"lazy\" data-original-width=\"460\" data-original-height=\"345\" itemprop=\"http:\/\/schema.org\/image\" title=\"Realme 16 Pro - zoom 4x Nuit (3)\" alt=\"Realme 16 Pro - zoom 4x Nuit (3)\" style=\"width: 460px; height: 345px;\"\/><br \/>\n\t\t\t\t\t\t<\/a><\/p>\n<p>\t\t\t\t\t\t<a href=\"https:\/\/images.frandroid.com\/wp-content\/uploads\/2026\/03\/realme-16-pro-zoom-4x-nuit.jpg\" itemprop=\"url\" rel=\"nofollow noopener\" target=\"_blank\"><\/p>\n<p>\t\t\t\t\t\t\t<img decoding=\"async\" class=\"wp-image\" src=\"https:\/\/www.europesays.com\/be-fr\/wp-content\/uploads\/2026\/03\/realme-16-pro-zoom-4x-nuit.jpg\"  width=\"460\" height=\"345\" loading=\"lazy\" data-original-width=\"460\" data-original-height=\"345\" itemprop=\"http:\/\/schema.org\/image\" title=\"Realme 16 Pro - zoom 4x Nuit\" alt=\"Realme 16 Pro - zoom 4x Nuit\" style=\"width: 460px; height: 345px;\"\/><br \/>\n\t\t\t\t\t\t<\/a><\/p>\n<p>Selfie<\/p>\n<p>Bon point, les selfies b\u00e9n\u00e9ficient d\u2019une bonne pr\u00e9cision. Les d\u00e9tails de la peau sont finement reproduits. En revanche, le smartphone ne s\u2019embarrasse pas des cheveux isol\u00e9s qui d\u00e9passent ici et la lorsqu\u2019il s\u2019agit d\u2019effectuer le d\u00e9tourage du visage, afin d\u2019appliquer l\u2019effet Bokeh. En effet, ceux-ci disparaissent purement et simplement (c\u2019est un ph\u00e9nom\u00e8ne courant, mais pas excusable pour autant).<\/p>\n<p>\n            Realme 16 Pro \u2013 Selfie\n        <\/p>\n<p>\n            Realme 16 Pro \u2013 Selfie mode Portrait\n        <\/p>\n<p>\n            Realme 16 Pro \u2013 Selfie\n        <\/p>\n<p>\n            Realme 16 Pro \u2013 Selfie mode Portrait\n        <\/p>\n<p>Vid\u00e9o<\/p>\n<p>Le Realme 16 Pro devrait plaire aux cin\u00e9astes, amateurs ou confirm\u00e9s. En effet, il peut filmer en 4K, avec 30 images par seconde, en pouvant faire varier la focale entre 23 mm et 46 mm, et directement en mode HDR (avec le capteur dorsal).<\/p>\n<p>Le smartphone propose \u00e9galement la fonction AI Instant Clip, qui permet d\u2019assembler une s\u00e9lection de photos et de vid\u00e9os pour obtenir une s\u00e9quence vid\u00e9o, en utilisant divers profils pr\u00e9d\u00e9finis.<\/p>\n<p><a href=\"https:\/\/images.frandroid.com\/wp-content\/uploads\/2026\/03\/photo-12.jpg\" target=\"_blank\" class=\"article-content__figure\" rel=\"nofollow noopener\"><img loading=\"lazy\" decoding=\"async\" width=\"1200\" height=\"802\" src=\"https:\/\/www.europesays.com\/be-fr\/wp-content\/uploads\/2026\/03\/photo-12-1200x802.jpg\" alt=\"\" class=\"wp-image-3004449 wp-image\"  \/><\/a>Realme 16 Pro \/\/ Source : Chlo\u00e9 Pertuis pour Frandroid<\/p>\n<p>&#13;<\/p>\n<p>R\u00e9seau et communication<\/p>\n<p>Le Realme 16 Pro peut g\u00e9rer deux cartes nano SIM 5G, ou une seule et une <a href=\"https:\/\/www.frandroid.com\/produits-android\/smartphone\/1311679_esim-definition-operateurs-et-smartphones-compatibles-tout-savoir-sur-la-carte-sim-virtuelle\" rel=\"nofollow noopener\" target=\"_blank\">eSIM<\/a> (mais les cartes microSD ne sont pas support\u00e9es).<\/p>\n<p>Pour le reste, le smartphone est compatible Wi-Fi 6 et Bluetooth 5.4.<\/p>\n<p>Nous n\u2019avons rencontr\u00e9 aucun souci de r\u00e9seau en r\u00e9gion parisienne. Les communications sont bonnes avec une r\u00e9duction de bruit efficace.<\/p>\n<p><a href=\"https:\/\/images.frandroid.com\/wp-content\/uploads\/2026\/03\/photo-13.jpg\" target=\"_blank\" class=\"article-content__figure\" rel=\"nofollow noopener\"><img loading=\"lazy\" decoding=\"async\" width=\"1200\" height=\"802\" src=\"https:\/\/www.europesays.com\/be-fr\/wp-content\/uploads\/2026\/03\/photo-13-1200x802.jpg\" alt=\"\" class=\"wp-image-3004451 wp-image\"  \/><\/a>Realme 16 Pro \/\/ Source : Chlo\u00e9 Pertuis pour Frandroid<\/p>\n<p>&#13;<\/p>\n<p>Batterie<\/p>\n<p>La batterie du Realme 16 Pro a une capacit\u00e9 (6500 mAh) sup\u00e9rieure \u00e0 celle du Realme 14 Pro (6000 mAh), certes, mais inf\u00e9rieure \u00e0 celle du Realme 15 Pro (7000 mAh), ce qui est quelque peu d\u00e9routant.<\/p>\n<p>Ainsi \u00e9quip\u00e9, le smartphone offre une bonne autonomie satisfaisante, quel que soit le type d\u2019utilisation. Par exemple, le constructeur annonce presque 21 heures d\u2019autonomie en lecture vid\u00e9o (sans pr\u00e9ciser les conditions exactes).<\/p>\n<p>Selon notre m\u00e9thodologie (60 Hz, 250 nits), cela se confirme en effet, puisque nous avons mesur\u00e9 une autonomie d\u2019un peu plus de 22 heures en streaming Wi-Fi (22 h 13 min pr\u00e9cis\u00e9ment).<\/p>\n<p><a href=\"https:\/\/images.frandroid.com\/wp-content\/uploads\/2026\/03\/realme-16-pro-autonomies.jpg\" target=\"_blank\" class=\"article-content__figure\" rel=\"nofollow noopener\"><img loading=\"lazy\" decoding=\"async\" width=\"1200\" height=\"1167\" src=\"https:\/\/www.europesays.com\/be-fr\/wp-content\/uploads\/2026\/03\/realme-16-pro-autonomies-1200x1167.jpg\" alt=\"\" class=\"wp-image-3006295 wp-image\"  \/><\/a><\/p>\n<p>Dans le cadre d\u2019une utilisation bureautique ou multim\u00e9dia, le Realme 16 Pro s\u2019av\u00e8re \u00e9galement tr\u00e8s endurant, puisqu\u2019il a fait tourner le test d\u2019autonomie de l\u2019application PC Mark pendant pas moins de 17 heures et 57 minutes, avec un taux de rafra\u00eechissement dynamique (mode par d\u00e9faut).<\/p>\n<p>Et on gagne encore 90 minutes environ, si on fixe le taux de rafraichissement \u00e0 60 Hz (19 heures et 30 minutes).<\/p>\n<p>En revanche, la charge filaire \u00ab\u00a0rapide\u00a0\u00bb s\u2019effectue \u00e0 l\u2019aide d\u2019un adaptateur secteur (de pr\u00e9f\u00e9rence compatible avec la technologie SuperVooc) d\u2019une puissance maximale de (seulement) 45 W (rappelons que le Realme 15 Pro peut \u00eatre recharg\u00e9 avec un adaptateur de 80 W).<\/p>\n<p>Avec un adaptateur Samsung de 45 W, nous avons pu observer les niveaux de recharge suivants :<\/p>\n<p>30 minutes : 50 %<\/p>\n<p>45 minutes : 70 %<\/p>\n<p>60 minutes : 85 %<\/p>\n<p>75 minutes : 97 %<\/p>\n<p><a href=\"https:\/\/images.frandroid.com\/wp-content\/uploads\/2026\/03\/photo-16.jpg\" target=\"_blank\" class=\"article-content__figure\" rel=\"nofollow noopener\"><img loading=\"lazy\" decoding=\"async\" width=\"1200\" height=\"802\" src=\"https:\/\/www.europesays.com\/be-fr\/wp-content\/uploads\/2026\/03\/photo-16-1200x802.jpg\" alt=\"\" class=\"wp-image-3004455 wp-image\"  \/><\/a>Realme 16 Pro \/\/ Source : Chlo\u00e9 Pertuis pour Frandroid<\/p>\n<p>On note que le smartphone supporte le \u00ab\u00a0bypass charging\u00a0\u00bb, ou charge de contournement. Du coup, quand la batterie est pleine et que le smartphone est reli\u00e9 au secteur, l\u2019\u00e9nergie est dirig\u00e9e exclusivement vers les composants et l\u2019\u00e9cran, ce qui \u00e9vite \u00e0 la batterie d\u2019\u00eatre utilis\u00e9e inutilement.<\/p>\n<p>Enfin, si la charge sans fil n\u2019est pas support\u00e9e, le Realme 16 Pro propose un mode de charge invers\u00e9e (6 W). Ce n\u2019est pas tr\u00e8s rapide, mais \u00e7a peut d\u00e9panner !<\/p>\n<p>&#13;<\/p>\n<p>Prix et disponibilit\u00e9<\/p>\n<p>Le Realme 16 Pro est disponible avec 8 Go de m\u00e9moire et un espace de stockage de 256 Go, pour 430 euros.<\/p>\n<p>Un second mod\u00e8le, \u00e9quip\u00e9 de 512 Go de stockage (et toujours 8 Go de m\u00e9moire) devrait \u00eatre disponible prochainement.<\/p>\n<p>Bon point, le constructeur propose une (petite) offre de lancement, qui permet de b\u00e9n\u00e9ficier \u2013 jusqu\u2019au 31 mars \u2013 d\u2019une r\u00e9duction de 30 \u20ac. La facture finale peut donc \u00eatre de seulement 400 \u20ac.<\/p>\n<p><a href=\"https:\/\/images.frandroid.com\/wp-content\/uploads\/2026\/03\/photo-5.jpg\" target=\"_blank\" class=\"article-content__figure\" rel=\"nofollow noopener\"><img loading=\"lazy\" decoding=\"async\" width=\"1200\" height=\"802\" src=\"https:\/\/www.europesays.com\/be-fr\/wp-content\/uploads\/2026\/03\/photo-5-1200x802.jpg\" alt=\"\" class=\"wp-image-3004453 wp-image\"  \/><\/a>Realme 16 Pro \/\/ Source : Chlo\u00e9 Pertuis pour Frandroid<\/p>\n<p>\u00c0 ce prix, le smartphone se frotte \u00e0 de nombreux concurrents, commercialis\u00e9s entre 350 et 400 euros :<\/p>\n<p><a href=\"https:\/\/www.frandroid.com\/produits\/smartphones\/samsung\/2527179-samsung-galaxy-a36\" rel=\"nofollow noopener\" target=\"_blank\">Samsung Galaxy A36<\/a> : 369 euros, avec 8 Go \/ 256 Go<\/p>\n<p><a href=\"https:\/\/www.frandroid.com\/produits\/smartphones\/samsung\/2525699-samsung-galaxy-a56\" rel=\"nofollow noopener\" target=\"_blank\">Samsung Galaxy A56<\/a> : 429 euros, avec 8 Go \/ 128 Go, ou 449 euros, avec 8 Go \/ 256 Go<\/p>\n<p>Xiaomi Redmi Note 15 Pro : 400 euros, avec 12 \/ 512 Go<\/p>\n<p>OnePlus Nord 5 : 369 euros<\/p>\n<p><a href=\"https:\/\/www.frandroid.com\/produits\/smartphones\/honor\/2919517-honor-magic-8-lite\" rel=\"nofollow noopener\" target=\"_blank\">Honor Magic8 Lite<\/a> : 400 euros, avec 8 Go \/ 256 Go (350 euros apr\u00e8s remise)<\/p>\n<p>Nothing Phone (4a) : 369 euros, avec 8 Go \/ 128 Go, ou 409 euros, avec 8 Go \/ 256 Go<\/p>\n<p><a href=\"https:\/\/www.frandroid.com\/produits\/smartphones\/xiaomi\/2465280-xiaomi-poco-x7-pro\" rel=\"nofollow noopener\" target=\"_blank\">Xiaomi Poco X7 Pro<\/a> : 349 euros, avec 8 Go \/ 256 Go ou 403 \u20ac, avec 12 \/ 256 Go<\/p>\n<p>    <a href=\"https:\/\/www.frandroid.com\/produits\/smartphones\/realme\/2977199-realme-16-pro\" class=\"product-resume__prices-title__product-name has-text-weight-bold\" rel=\"nofollow noopener\" target=\"_blank\"><br \/>\n    Realme 16 Pro    <\/a><br \/>\n        au meilleur prix<\/p>\n<p>                Voir plus d\u2019offres \u00e0 partir de 427\u00a0\u20ac<br \/>\n                Voir moins d\u2019offres<\/p>\n","protected":false},"excerpt":{"rendered":"Realme 16 Pro \/\/ Source : Chlo\u00e9 Pertuis pour Frandroid Outre ses mod\u00e8les de la s\u00e9rie C, d\u2019entr\u00e9e&hellip;\n","protected":false},"author":2,"featured_media":44162,"comment_status":"","ping_status":"","sticky":false,"template":"","format":"standard","meta":{"footnotes":"","_share_on_mastodon":"0"},"categories":[70],"tags":[12,13,18,17,21619,73,71,75,72,76,74],"class_list":["post-44161","post","type-post","status-publish","format-standard","has-post-thumbnail","category-sciences-et-technologies","tag-be","tag-be-fr","tag-belgique","tag-belgium","tag-realme-16-pro","tag-science","tag-science-and-technology","tag-sciences","tag-sciences-et-technologies","tag-technologies","tag-technology"],"share_on_mastodon":{"url":"https:\/\/pubeurope.com\/@be_fr\/116243796169295186","error":""},"_links":{"self":[{"href":"https:\/\/www.europesays.com\/be-fr\/wp-json\/wp\/v2\/posts\/44161","targetHints":{"allow":["GET"]}}],"collection":[{"href":"https:\/\/www.europesays.com\/be-fr\/wp-json\/wp\/v2\/posts"}],"about":[{"href":"https:\/\/www.europesays.com\/be-fr\/wp-json\/wp\/v2\/types\/post"}],"author":[{"embeddable":true,"href":"https:\/\/www.europesays.com\/be-fr\/wp-json\/wp\/v2\/users\/2"}],"replies":[{"embeddable":true,"href":"https:\/\/www.europesays.com\/be-fr\/wp-json\/wp\/v2\/comments?post=44161"}],"version-history":[{"count":0,"href":"https:\/\/www.europesays.com\/be-fr\/wp-json\/wp\/v2\/posts\/44161\/revisions"}],"wp:featuredmedia":[{"embeddable":true,"href":"https:\/\/www.europesays.com\/be-fr\/wp-json\/wp\/v2\/media\/44162"}],"wp:attachment":[{"href":"https:\/\/www.europesays.com\/be-fr\/wp-json\/wp\/v2\/media?parent=44161"}],"wp:term":[{"taxonomy":"category","embeddable":true,"href":"https:\/\/www.europesays.com\/be-fr\/wp-json\/wp\/v2\/categories?post=44161"},{"taxonomy":"post_tag","embeddable":true,"href":"https:\/\/www.europesays.com\/be-fr\/wp-json\/wp\/v2\/tags?post=44161"}],"curies":[{"name":"wp","href":"https:\/\/api.w.org\/{rel}","templated":true}]}}