{"id":52168,"date":"2026-03-23T22:46:23","date_gmt":"2026-03-23T22:46:23","guid":{"rendered":"https:\/\/www.europesays.com\/be-fr\/52168\/"},"modified":"2026-03-23T22:46:23","modified_gmt":"2026-03-23T22:46:23","slug":"maxime-chattam-la-facon-de-raconter-une-histoire-dans-les-series-est-tres-disruptive-et-inspirante","status":"publish","type":"post","link":"https:\/\/www.europesays.com\/be-fr\/52168\/","title":{"rendered":"Maxime Chattam\u00a0: \u00ab\u00a0La fa\u00e7on de raconter une histoire dans les s\u00e9ries est tr\u00e8s disruptive et inspirante\u00a0\u00bb"},"content":{"rendered":"<p class=\"ap-StoryElement ap-StoryElement--mb ap-StoryText\">Dans l&rsquo;apr\u00e8s-midi, nous avons retrouv\u00e9 Maxime Chattam dans les coulisses de l&rsquo;expo pour y parler d&rsquo;\u00e9criture, de peur et de s\u00e9ries. <a href=\"https:\/\/www.lalibre.be\/culture\/livres-bd\/2015\/02\/22\/maxime-chattam-comprendre-lorigine-du-mal-DRNEDWH2GRF75LSGPBHWOFTADY\/\" target=\"_blank\" rel=\"noopener noreferrer nofollow\">Son questionnement sur le Mal<\/a> et les \u00eatres d\u00e9viants s&rsquo;est construit au fil de l&rsquo;enfance. \u00ab\u00a0C&rsquo;\u00e9tait un sentiment global, diffus, de curiosit\u00e9 autour de l&rsquo;\u00eatre humain. Il y a beaucoup de choses qui sont merveilleuses chez l&rsquo;\u00eatre humain, mais beaucoup de choses effrayantes aussi, j&rsquo;avais envie de comprendre. C&rsquo;\u00e9tait aussi un moyen de me rassurer. C&rsquo;est ce que j&rsquo;ai essay\u00e9 de faire, de livre en livre : mettre de la lumi\u00e8re, avec mes mots, sur le pire chez l&rsquo;\u00eatre humain. Mettre de la clart\u00e9 dans l&rsquo;ombre, c&rsquo;est rassurant.\u00a0\u00bb<\/p>\n<p><a href=\"https:\/\/laloidesseries.lalibre.be\/2025\/03\/27\/series-mania-ravive-la-passion-pour-le-series-des-annees-90-de-david-lynch-aux-soprano\/\" target=\"_blank\" rel=\"noopener noreferrer nofollow\" class=\"ap-StoryInterstitialLink ap-StoryElement ap-StoryElement--mb\">S\u00e9ries Mania ravive la passion des s\u00e9ries des ann\u00e9es 90<\/a><\/p>\n<p class=\"ap-StoryElement ap-StoryElement--mb ap-StoryText\">L&rsquo;auteur a contract\u00e9 le virus de l&rsquo;\u00e9criture gr\u00e2ce \u00e0 sa grand-m\u00e8re, comme \u00ab\u00a0moyen de communiquer avec moi-m\u00eame et de me reconnecter au monde avec le recul que permet l&rsquo;\u00e9criture\u00a0\u00bb. Elle a aussi une autre fonction cruciale : \u00ab\u00a0J&rsquo;ai \u00e9crit des fictions uniquement pour me divertir et me rassurer. Pour inventer des histoires que je ne trouvais pas dans la r\u00e9alit\u00e9, morne et tr\u00e8s d\u00e9cevante. Je pouvais y vivre des grandes aventures, des trucs un peu fr\u00e9n\u00e9tiques, un peu dingues. Petit \u00e0 petit, c&rsquo;est devenu un rituel. Soit je lisais, soit je regardais des films ou des s\u00e9ries, soit j&rsquo;\u00e9crivais et je faisais des jeux de r\u00f4le aussi.\u00a0\u00bb<\/p>\n<p>Et si Maxime Chattam n&rsquo;\u00e9tait pas devenu \u00e9crivain ?<\/p>\n<p class=\"ap-StoryElement ap-StoryElement--mb ap-StoryText\">Il a toutefois fallu plusieurs ann\u00e9es pour qu&rsquo;il comprenne que ce loisir \u00e9tait un besoin. \u00ab\u00a0Comme certains ont besoin de faire du sport, moi, j&rsquo;avais besoin d&rsquo;\u00e9crire. Il m&rsquo;a fallu du temps pour me dire que \u00e7a pouvait \u00eatre un m\u00e9tier et que c&rsquo;\u00e9tait peut-\u00eatre ce dont j&rsquo;avais besoin pour \u00eatre bien dans la vie. Pas juste \u00e9crire de temps en temps, \u00e9crire toute la journ\u00e9e.\u00a0\u00bb<\/p>\n<p><img loading=\"lazy\" decoding=\"async\" class=\"w-full lazyload lazyload--opacity object-contain\" style=\"aspect-ratio:150 \/ 100;opacity:1\" alt=\"Maxime Chattam  auteur de thrillers romans litt\u00e9rature \u00a9 Jacques Duchateau\" width=\"768\" height=\"512\" fetchpriority=\"auto\" src=\"https:\/\/www.europesays.com\/be-fr\/wp-content\/uploads\/2026\/03\/1774089849_389_S5VKD3X55FFF3BW6V4SEHXNP7I.png\"  data- data-optimumx=\"1\"\/><img loading=\"lazy\" decoding=\"async\" src=\"https:\/\/www.europesays.com\/be-fr\/wp-content\/uploads\/2026\/03\/NVRDJTASD5E25NA3ZFCHIGHIDE.jpg\" width=\"768\" height=\"512\" alt=\"Maxime Chattam  auteur de thrillers romans litt\u00e9rature \u00a9 Jacques Duchateau\" class=\"absolute inset-0 w-full\"\/>Maxime Chattam, auteur fran\u00e7ais de thrillers, est le parrain de l&rsquo;expo \u00ab\u00a0M\u00eame pas peur\u00a0\u00bb au Festival Series Mania. \u00a9 Jacques Duchateau<\/p>\n<p class=\"ap-StoryElement ap-StoryElement--mb ap-StoryText\">Mais pour \u00e9crire des thrillers, Maxime Chattam estime qu&rsquo;il lui faut une \u00ab\u00a0connaissance assez pointue dans des domaines pr\u00e9cis. Je lisais des livres sur la criminologie, mais \u00e7a ne suffisait pas.\u00a0\u00bb<\/p>\n<p class=\"ap-StoryElement ap-StoryElement--mb ap-StoryText\">Il a donc repris des \u00e9tudes : une formation d&rsquo;un an m\u00ealant police technique et scientifique, m\u00e9decine l\u00e9gale, psychiatrie criminelle, criminologie. \u00ab\u00a0On devrait appeler cela criminalistique, \u00e7a serait plus juste. \u00c7a m&rsquo;a permis de rencontrer des sommit\u00e9s dans diff\u00e9rentes mati\u00e8res pour leur poser plein de questions et me faire une liste bibliographique la plus exhaustive possible, pour m&rsquo;enrichir et comprendre.\u00a0\u00bb L&rsquo;objectif \u00e9tait de pouvoir asseoir les histoires qu&rsquo;il avait en t\u00eate \u00ab\u00a0sur une base tr\u00e8s concr\u00e8te\u00a0\u00bb.<\/p>\n<p>guillement<\/p>\n<p class=\"ap-StoryQuote-text\">Je ne suis pas s\u00fbr que je serais devenu le romancier que je suis sans le jeu de r\u00f4le.<\/p>\n<p class=\"ap-StoryElement ap-StoryElement--mb ap-StoryText\">Et si cette carri\u00e8re n&rsquo;avait pas fonctionn\u00e9 ? \u00ab\u00a0Sc\u00e9nariste, vous allez me dire que cela ne compte pas, c&rsquo;est trop proche.\u00a0\u00bb Il r\u00e9fl\u00e9chit. \u00ab\u00a0J&rsquo;aurais probablement \u00e9crit toute ma vie, pour moi. Je ne vois pas comment il pourrait en \u00eatre autrement\u2026\u00a0\u00bb Peut-\u00eatre que son go\u00fbt de la recherche et sa volont\u00e9 de comprendre l&rsquo;auraient entra\u00een\u00e9 \u00e0 devenir enqu\u00eateur\u2026<\/p>\n<p>Sa s\u00e9rie pr\u00e9f\u00e9r\u00e9e : \u00ab\u00a0The Shield\u00a0\u00bb<\/p>\n<p class=\"ap-StoryElement ap-StoryElement--mb ap-StoryText\">\u00ab\u00a0L&rsquo;id\u00e9e de se mettre au service de la justice et de l&rsquo;\u00eatre humain pour essayer de r\u00e9soudre des enqu\u00eates criminelles est assez plaisante. Mais je ne sais pas si j&rsquo;aurais \u00e9t\u00e9 un bon enqu\u00eateur, c&rsquo;est la vraie question.\u00a0\u00bb Pas \u00e9tonnant que l&rsquo;une de ses s\u00e9ries pr\u00e9f\u00e9r\u00e9es, <a href=\"https:\/\/laloidesseries.lalibre.be\/2012\/09\/24\/un-nouveau-sherif-pour-vegas\/\" target=\"_blank\" rel=\"noopener noreferrer nofollow\">The Shield<\/a>, aux h\u00e9ros complexes et caboss\u00e9s, se d\u00e9roule dans l&rsquo;univers policier.<\/p>\n<p class=\"ap-StoryElement ap-StoryElement--mb ap-StoryText\">Ou alors journaliste. \u00ab\u00a0Pour savoir si une id\u00e9e suffira \u00e0 faire un livre, il faut une \u00e9vidence : qu&rsquo;est-ce que cette histoire permet de raconter. Au-del\u00e0 de l&rsquo;histoire, quel est le sous-texte ? Si je trouve quelque chose qui me para\u00eet coh\u00e9rent, solide et motivant, j&rsquo;essaie de voir ce qui va \u00eatre au service de l&rsquo;histoire : profession, univers, pays\u2026 Je me documente. C&rsquo;est une partie tr\u00e8s plaisante, parce que \u00e7a veut dire s&rsquo;approprier un sujet, lire des articles, des revues scientifiques ou des essais sur un m\u00e9tier ou un univers particulier, prendre des notes, synth\u00e9tiser tout \u00e7a et rencontrer des gens, aller sur les lieux. Il y a une phase journalistique passionnante.\u00a0\u00bb<\/p>\n<p><a href=\"https:\/\/laloidesseries.lalibre.be\/2025\/07\/16\/linstitut-lantre-ou-stephen-king-entrevoit-la-guerre-des-cerveaux\/\" target=\"_blank\" rel=\"noopener noreferrer nofollow\" class=\"ap-StoryInterstitialLink ap-StoryElement ap-StoryElement--mb\">\u00ab\u00a0L&rsquo;Institut\u00a0\u00bb, s\u00e9rie adapt\u00e9e de Stephen King<\/a><\/p>\n<p class=\"ap-StoryElement ap-StoryElement--mb ap-StoryText\">Si Maxime Chattam a \u00e9voqu\u00e9 les voyages, les films et les s\u00e9ries qui l&rsquo;ont inspir\u00e9, il lui serait difficile d&rsquo;\u00e9tablir un podium. \u00ab\u00a0Mes voyages m&rsquo;ont ouvert \u00e0 beaucoup de choses. Mais, aujourd&rsquo;hui, je pense que les s\u00e9ries sont une vraie source d&rsquo;influence. Les histoires me viennent de la vie, d&rsquo;observation, de r\u00e9flexion. Mais les s\u00e9ries sont une forme d&rsquo;inspiration pour la narration. La fa\u00e7on de raconter une histoire dans les s\u00e9ries, aujourd&rsquo;hui encore, est parfois tr\u00e8s innovante ou disruptive. Quand \u00e7a marche bien, je me dis : il y a un point de vue in\u00e9dit qui m&rsquo;int\u00e9resse. Et je me demande comment, dans un roman, on peut obtenir ce genre de remise en question de la narration. Je suis tr\u00e8s friand, en tant que spectateur de s\u00e9ries, mais aussi en tant qu&rsquo;auteur, de ce qu&rsquo;il y a \u00e0 puiser l\u00e0 en termes de cr\u00e9ativit\u00e9.\u00a0\u00bb En la mati\u00e8re, Stephen King, c\u00f4t\u00e9 livres, et <a href=\"https:\/\/www.lalibre.be\/culture\/cinema\/films\/2022\/12\/10\/avatar-les-odyssees-de-james-cameron-IZI2TWDEQRDJTFPEWXMZX3JXUM\/\" target=\"_blank\" rel=\"noopener noreferrer nofollow\">James Cameron<\/a>, c\u00f4t\u00e9 cin\u00e9ma, restent des ma\u00eetres \u00e0 ses yeux. C\u00f4t\u00e9 s\u00e9ries, son coeur penche en cemoment vers <a href=\"https:\/\/www.lalibre.be\/culture\/cinema\/2025\/08\/12\/alien-earth-etend-la-saga-au-petit-ecran-RSHZII3EKBBCZPLKVM6PD5ZGII\/\" target=\"_blank\" rel=\"noopener noreferrer nofollow\">Alien: Earth<\/a> et <a href=\"https:\/\/www.lalibre.be\/culture\/medias-tele\/2022\/09\/21\/andor-pourquoi-la-nouvelle-mini-serie-star-wars-est-un-pari-audacieux-QJIBRJ62NBFFTP3INAGGD42ELM\/\" target=\"_blank\" rel=\"noopener noreferrer nofollow\">Andor<\/a>, toutes les deux visibles sur Disney+.<\/p>\n<p>guillement<\/p>\n<p class=\"ap-StoryQuote-text\">Construire une histoire \u00e0 plusieurs, en direct et faire en sorte qu&rsquo;elle soit coh\u00e9rente, c&rsquo;est une \u00e9cole incroyable pour un apprenti romancier.<\/p>\n<p class=\"ap-StoryElement ap-StoryElement--mb ap-StoryText\">Une autre passion l&rsquo;a men\u00e9 \u00e0 devenir \u00e9crivain : les jeux de r\u00f4le d\u00e9couverts \u00e0 l&rsquo;adolescence. \u00ab\u00a0J&rsquo;ai trouv\u00e9 \u00e7a tellement incroyable, cet univers dans lequel il n&rsquo;y a aucune limite. C&rsquo;est un jeu collaboratif, cr\u00e9atif, dans lequel on doit communiquer. On a cr\u00e9\u00e9 des personnages et v\u00e9cu des aventures folles avec des copains. Construire une histoire \u00e0 plusieurs, en direct et faire en sorte qu&rsquo;elle soit coh\u00e9rente, c&rsquo;est une \u00e9cole incroyable pour un apprenti romancier. \u00c7a m&rsquo;a ouvert des perspectives folles. Les premiers jeux de r\u00f4les \u00e9taient inspir\u00e9s de l&rsquo;univers de romanciers : Tolkien, Lovecraft, Michael Moorcock\u2026 \u00c7a m&rsquo;a montr\u00e9 que la cr\u00e9ativit\u00e9 pouvait \u00eatre partag\u00e9e, alors que je pensais que l&rsquo;imagination \u00e9tait un truc solitaire. Je ne suis pas s\u00fbr que je serais devenu le romancier que je suis sans le jeu de r\u00f4le. J&rsquo;aurais peut-\u00eatre \u00e9crit, mais mon imagination s&rsquo;est vraiment d\u00e9velopp\u00e9e \u00e0 l&rsquo;\u00e9cole du jeu de r\u00f4le.\u00a0\u00bb<\/p>\n<p><img decoding=\"async\" src=\"https:\/\/www.europesays.com\/be-fr\/wp-content\/uploads\/2026\/03\/1774305983_488_hqdefault.webp.webp\" alt=\"Le Signal - 149Khz - Bande-annonce - YouTube thumbnail\" class=\"lty-thumbnail\" loading=\"lazy\"\/>Watch<\/p>\n<p class=\"ap-StoryElement ap-StoryElement--mb ap-StoryText\">S&rsquo;il a laiss\u00e9 faire quelques adaptations de ces romans sans s&rsquo;en m\u00ealer, Maxime Chattam est aujourd&rsquo;hui coproducteur de <a href=\"https:\/\/www.gaumont.com\/fr\/actualites\/le-signal-149-khz-une-nouvelle-serie-adaptee-de-maxime-chattam\" target=\"_blank\" rel=\"noopener noreferrer nofollow\">la s\u00e9rie Le Signal \u2013 149 kHz<\/a> et de deux autres projets \u00ab\u00a0tenus secrets\u00a0\u00bb, en cours de production. Mais si un jour Autre-Monde, sa s\u00e9rie de huit romans fantastiques, devait \u00eatre port\u00e9e \u00e0 l&rsquo;\u00e9cran, le projet recevrait toute son attention. \u00ab\u00a0Parce que \u00e7a touche \u00e0 l&rsquo;enfant et que la th\u00e9matique est sacr\u00e9e. Donc je serais intransigeant sur la fid\u00e9lit\u00e9.\u00a0\u00bb<\/p>\n<p>La cha\u00eene Novo19 qui va diffuser la mini-s\u00e9rie \u00ab\u00a0Le Signal \u2013 149 kHz\u00a0\u00bb n&rsquo;est pas disponible en Belgique.<\/p>\n","protected":false},"excerpt":{"rendered":"Dans l&rsquo;apr\u00e8s-midi, nous avons retrouv\u00e9 Maxime Chattam dans les coulisses de l&rsquo;expo pour y parler d&rsquo;\u00e9criture, de peur&hellip;\n","protected":false},"author":2,"featured_media":52169,"comment_status":"","ping_status":"","sticky":false,"template":"","format":"standard","meta":{"footnotes":"","_share_on_mastodon":"0"},"categories":[83],"tags":[12,13,18,17,24255,96,95,24254],"class_list":["post-52168","post","type-post","status-publish","format-standard","has-post-thumbnail","category-divertissement","tag-be","tag-be-fr","tag-belgique","tag-belgium","tag-chattam","tag-divertissement","tag-entertainment","tag-maxime-chattam"],"share_on_mastodon":{"url":"https:\/\/pubeurope.com\/@be_fr\/116280923485634209","error":""},"_links":{"self":[{"href":"https:\/\/www.europesays.com\/be-fr\/wp-json\/wp\/v2\/posts\/52168","targetHints":{"allow":["GET"]}}],"collection":[{"href":"https:\/\/www.europesays.com\/be-fr\/wp-json\/wp\/v2\/posts"}],"about":[{"href":"https:\/\/www.europesays.com\/be-fr\/wp-json\/wp\/v2\/types\/post"}],"author":[{"embeddable":true,"href":"https:\/\/www.europesays.com\/be-fr\/wp-json\/wp\/v2\/users\/2"}],"replies":[{"embeddable":true,"href":"https:\/\/www.europesays.com\/be-fr\/wp-json\/wp\/v2\/comments?post=52168"}],"version-history":[{"count":0,"href":"https:\/\/www.europesays.com\/be-fr\/wp-json\/wp\/v2\/posts\/52168\/revisions"}],"wp:featuredmedia":[{"embeddable":true,"href":"https:\/\/www.europesays.com\/be-fr\/wp-json\/wp\/v2\/media\/52169"}],"wp:attachment":[{"href":"https:\/\/www.europesays.com\/be-fr\/wp-json\/wp\/v2\/media?parent=52168"}],"wp:term":[{"taxonomy":"category","embeddable":true,"href":"https:\/\/www.europesays.com\/be-fr\/wp-json\/wp\/v2\/categories?post=52168"},{"taxonomy":"post_tag","embeddable":true,"href":"https:\/\/www.europesays.com\/be-fr\/wp-json\/wp\/v2\/tags?post=52168"}],"curies":[{"name":"wp","href":"https:\/\/api.w.org\/{rel}","templated":true}]}}