{"id":60137,"date":"2026-03-30T12:29:07","date_gmt":"2026-03-30T12:29:07","guid":{"rendered":"https:\/\/www.europesays.com\/be-fr\/60137\/"},"modified":"2026-03-30T12:29:07","modified_gmt":"2026-03-30T12:29:07","slug":"alexandra-lamy-et-francois-cluzet-dans-pour-le-plaisir-bande-annonce","status":"publish","type":"post","link":"https:\/\/www.europesays.com\/be-fr\/60137\/","title":{"rendered":"Alexandra Lamy et Fran\u00e7ois Cluzet dans Pour le Plaisir : bande-annonce"},"content":{"rendered":"<p class=\"lead\">            Reem Kherici se penche sur l&rsquo;orgasme f\u00e9minin.\n    <\/p>\n<p>Apr\u00e8s le succ\u00e8s de sa com\u00e9die loufoque et familiale Chien et Chat, qui avait r\u00e9uni 1,7 million de spectateurs en 2024, <a href=\"https:\/\/www.premiere.fr\/Star\/Reem-Kherici\" rel=\"nofollow noopener\" target=\"_blank\">Reem Kherici<\/a> signe un quatri\u00e8me film plus adulte, autour du couple <a href=\"https:\/\/www.premiere.fr\/Star\/Alexandra-Lamy\" rel=\"nofollow noopener\" target=\"_blank\">Alexandra Lamy<\/a> &#8211; <a href=\"https:\/\/www.premiere.fr\/Star\/Francois-Cluzet\" rel=\"nofollow noopener\" target=\"_blank\">Fran\u00e7ois Cluzet<\/a>.<\/p>\n<p>Pour le plaisir sera une\u00a0chronique romantique et soci\u00e9tale qui parlera du plaisir f\u00e9minin sous tous les angles et de la mani\u00e8re d\u2019offrir un orgasme \u00e0 sa moiti\u00e9, comme en t\u00e9moigne la bande-annonce ci-dessous.<\/p>\n<p>                         <img loading=\"lazy\" decoding=\"async\" src=\"https:\/\/www.europesays.com\/be-fr\/wp-content\/uploads\/2026\/03\/03. \u00a9 Marie-Camille Orlando.jpg\" width=\"810\" height=\"435\" alt=\"Pour le Plaisir\" typeof=\"foaf:Image\"\/><\/p>\n<p>                                              Vend\u00f4me Films, Baxtor &#8211; Marie-Camille Orlando<\/p>\n<p>Le synopsis d\u00e9taille : \u00ab\u00a0Et si on vous racontait l\u2019invention du si\u00e8cle ? Un couple, une v\u00e9rit\u00e9 qui explose. Fanny et Tom sont mari\u00e9s et heureux depuis 20 ans. Mais un jour, un secret \u00e9clate : Fanny n\u2019a jamais eu d\u2019orgasme. Tom, ing\u00e9nieur, d\u00e9cide alors de relever un d\u00e9fi audacieux : cr\u00e9er l\u2019objet qui r\u00e9volutionnera le plaisir f\u00e9minin. Ensemble, ils se lancent dans cette qu\u00eate aussi d\u00e9jant\u00e9e qu\u2019\u00e9mouvante qui va transformer leur couple. Jusqu\u2019o\u00f9 iront-ils ? Loin, tr\u00e8s loin.\u00a0\u00bb<\/p>\n<p>Mitty Hazanavicius, Reem Kherici, Delphine Baril, Camille Aumont Carnel, Kyan Khojandi et Fran\u00e7ois-Xavier Demaison compl\u00e8tent le casting.<\/p>\n<p>Produit par Vend\u00f4me Films, Baxtory et en coproduction avec TF1 Films Production, Pour le plaisir sortira le 6 mai prochain au cin\u00e9ma en France.<\/p>\n","protected":false},"excerpt":{"rendered":"Reem Kherici se penche sur l&rsquo;orgasme f\u00e9minin. Apr\u00e8s le succ\u00e8s de sa com\u00e9die loufoque et familiale Chien et&hellip;\n","protected":false},"author":2,"featured_media":60138,"comment_status":"","ping_status":"","sticky":false,"template":"","format":"standard","meta":{"footnotes":"","_share_on_mastodon":"0"},"categories":[97],"tags":[12354,116,12,13,18,17,133,96,95,442,106,14200,995,105,26717],"class_list":["post-60137","post","type-post","status-publish","format-standard","has-post-thumbnail","category-films","tag-alexandra-lamy","tag-bande-annonce","tag-be","tag-be-fr","tag-belgique","tag-belgium","tag-cinema","tag-divertissement","tag-entertainment","tag-film","tag-films","tag-francois-cluzet","tag-la-une","tag-movies","tag-reem-kherici"],"share_on_mastodon":{"url":"https:\/\/pubeurope.com\/@be_fr\/116318133747114491","error":""},"_links":{"self":[{"href":"https:\/\/www.europesays.com\/be-fr\/wp-json\/wp\/v2\/posts\/60137","targetHints":{"allow":["GET"]}}],"collection":[{"href":"https:\/\/www.europesays.com\/be-fr\/wp-json\/wp\/v2\/posts"}],"about":[{"href":"https:\/\/www.europesays.com\/be-fr\/wp-json\/wp\/v2\/types\/post"}],"author":[{"embeddable":true,"href":"https:\/\/www.europesays.com\/be-fr\/wp-json\/wp\/v2\/users\/2"}],"replies":[{"embeddable":true,"href":"https:\/\/www.europesays.com\/be-fr\/wp-json\/wp\/v2\/comments?post=60137"}],"version-history":[{"count":0,"href":"https:\/\/www.europesays.com\/be-fr\/wp-json\/wp\/v2\/posts\/60137\/revisions"}],"wp:featuredmedia":[{"embeddable":true,"href":"https:\/\/www.europesays.com\/be-fr\/wp-json\/wp\/v2\/media\/60138"}],"wp:attachment":[{"href":"https:\/\/www.europesays.com\/be-fr\/wp-json\/wp\/v2\/media?parent=60137"}],"wp:term":[{"taxonomy":"category","embeddable":true,"href":"https:\/\/www.europesays.com\/be-fr\/wp-json\/wp\/v2\/categories?post=60137"},{"taxonomy":"post_tag","embeddable":true,"href":"https:\/\/www.europesays.com\/be-fr\/wp-json\/wp\/v2\/tags?post=60137"}],"curies":[{"name":"wp","href":"https:\/\/api.w.org\/{rel}","templated":true}]}}