{"id":63870,"date":"2026-04-02T12:46:08","date_gmt":"2026-04-02T12:46:08","guid":{"rendered":"https:\/\/www.europesays.com\/be-fr\/63870\/"},"modified":"2026-04-02T12:46:08","modified_gmt":"2026-04-02T12:46:08","slug":"macron-reagit-aux-propos-de-trump-sur-son-couple-ni-elegants-ni-a-la-hauteur","status":"publish","type":"post","link":"https:\/\/www.europesays.com\/be-fr\/63870\/","title":{"rendered":"Macron r\u00e9agit aux propos de Trump sur son couple : \u00ab\u00a0ni \u00e9l\u00e9gants ni \u00e0 la hauteur\u00a0\u00bb"},"content":{"rendered":"<p class=\"ap-StoryElement ap-StoryElement--mb ap-StoryText\">La classe politique fran\u00e7aise s&rsquo;est indign\u00e9e jeudi de cette nouvelle d\u00e9claration irrespectueuse de <a href=\"https:\/\/www.lalibre.be\/international\/moyen-orient\/iran\/2026\/04\/01\/trump-envisage-darreter-la-guerre-en-iran-et-de-sortir-de-lotan-FQGVTRXRMJCTNM3TC6LNOLR2XY\/\" target=\"_self\" rel=\"nofollow noopener\">Donald Trump.<\/a><\/p>\n<p><a href=\"https:\/\/www.lalibre.be\/international\/2026\/04\/02\/macron-dont-la-femme-le-traite-extremement-mal-trump-se-moque-du-du-president-francais-TZP5ZELWFRDI3BFCWHBPIGZF3A\/\" target=\"_self\" class=\"ap-StoryInterstitialLink ap-StoryElement ap-StoryElement--mb\" rel=\"nofollow noopener\">\u00ab\u00a0Macron, dont la femme le traite extr\u00eamement mal\u00a0\u00bb : Trump se moque du pr\u00e9sident fran\u00e7ais<\/a><\/p>\n<p class=\"ap-StoryElement ap-StoryElement--mb ap-StoryText\">\u00ab\u00a0Franchement, c&rsquo;est pas au niveau (&#8230;) On est en train de parler de l&rsquo;avenir du monde, en ce moment en Iran, \u00e7a a des cons\u00e9quences sur la vie de millions de personnes, des gens meurent sur les th\u00e9\u00e2tres d&rsquo;op\u00e9rations et on a un pr\u00e9sident (am\u00e9ricain) qui rigole, qui se moque des autres\u00a0\u00bb, a r\u00e9agi la pr\u00e9sidente de l&rsquo;Assembl\u00e9e nationale, Ya\u00ebl Braun-Pivet sur franceinfo.<\/p>\n<p class=\"ap-StoryElement ap-StoryElement--mb ap-StoryText\">\u00ab\u00a0Vous connaissez l&rsquo;ampleur de mes d\u00e9saccords avec le pr\u00e9sident de la R\u00e9publique, mais que Donald Trump se permette de lui parler comme \u00e7a et de parler comme \u00e7a de son \u00e9pouse, je trouve \u00e7a absolument inacceptable\u00a0\u00bb, a r\u00e9agi le coordinateur de la France insoumise (gauche radicale), Manuel Bompard, sur BFMTV.<\/p>\n","protected":false},"excerpt":{"rendered":"La classe politique fran\u00e7aise s&rsquo;est indign\u00e9e jeudi de cette nouvelle d\u00e9claration irrespectueuse de Donald Trump. \u00ab\u00a0Macron, dont la&hellip;\n","protected":false},"author":2,"featured_media":63871,"comment_status":"","ping_status":"","sticky":false,"template":"","format":"standard","meta":{"footnotes":"","_share_on_mastodon":"0"},"categories":[9],"tags":[12,13,18,17,27958,1240,34,2562,151,31,567,32],"class_list":["post-63870","post","type-post","status-publish","format-standard","has-post-thumbnail","category-international","tag-be","tag-be-fr","tag-belgique","tag-belgium","tag-brigitte-macron","tag-diplomatie","tag-donald-trump","tag-emmanuel-macron","tag-france","tag-international","tag-usa","tag-world-news"],"share_on_mastodon":{"url":"https:\/\/pubeurope.com\/@be_fr\/116335187682459673","error":""},"_links":{"self":[{"href":"https:\/\/www.europesays.com\/be-fr\/wp-json\/wp\/v2\/posts\/63870","targetHints":{"allow":["GET"]}}],"collection":[{"href":"https:\/\/www.europesays.com\/be-fr\/wp-json\/wp\/v2\/posts"}],"about":[{"href":"https:\/\/www.europesays.com\/be-fr\/wp-json\/wp\/v2\/types\/post"}],"author":[{"embeddable":true,"href":"https:\/\/www.europesays.com\/be-fr\/wp-json\/wp\/v2\/users\/2"}],"replies":[{"embeddable":true,"href":"https:\/\/www.europesays.com\/be-fr\/wp-json\/wp\/v2\/comments?post=63870"}],"version-history":[{"count":0,"href":"https:\/\/www.europesays.com\/be-fr\/wp-json\/wp\/v2\/posts\/63870\/revisions"}],"wp:featuredmedia":[{"embeddable":true,"href":"https:\/\/www.europesays.com\/be-fr\/wp-json\/wp\/v2\/media\/63871"}],"wp:attachment":[{"href":"https:\/\/www.europesays.com\/be-fr\/wp-json\/wp\/v2\/media?parent=63870"}],"wp:term":[{"taxonomy":"category","embeddable":true,"href":"https:\/\/www.europesays.com\/be-fr\/wp-json\/wp\/v2\/categories?post=63870"},{"taxonomy":"post_tag","embeddable":true,"href":"https:\/\/www.europesays.com\/be-fr\/wp-json\/wp\/v2\/tags?post=63870"}],"curies":[{"name":"wp","href":"https:\/\/api.w.org\/{rel}","templated":true}]}}