{"id":72953,"date":"2026-04-12T19:16:05","date_gmt":"2026-04-12T19:16:05","guid":{"rendered":"https:\/\/www.europesays.com\/be-fr\/72953\/"},"modified":"2026-04-12T19:16:05","modified_gmt":"2026-04-12T19:16:05","slug":"je-suis-tombe-sur-un-sorcier-car-jai-failli-mourir-et","status":"publish","type":"post","link":"https:\/\/www.europesays.com\/be-fr\/72953\/","title":{"rendered":"Je suis tomb\u00e9 sur un sorcier, car j&rsquo;ai failli mourir et\u2026"},"content":{"rendered":"<p>\n                            Garou a fait une rencontre des plus surprenantes alors qu&rsquo;il se trouvait au Maroc. Le chanteur de 53\u00a0ans a racont\u00e9 cette m\u00e9saventure au micro de M Radio&#8230;<\/p>\n<p>Alors qu&rsquo;il repart sur toutes les routes de France pour d\u00e9fendre son dernier album en date, Un meilleur lendemain, sorti en mai 2025, <a href=\"https:\/\/www.journaldesfemmes.fr\/people\/personnalites\/2827999-garou-age-vie-privee-celine-dion-argent\/\" title=\"Pierre Garand\" rel=\"nofollow noopener\" target=\"_blank\">Garou<\/a> est pass\u00e9 rendre visite \u00e0 Christophe Beaugrand sur les ondes de M Radio en mars dernier.\u00a0L&rsquo;occasion pour le chanteur qu\u00e9b\u00e9cois ador\u00e9 des Fran\u00e7ais de revenir longuement sur sa carri\u00e8re, et sur les coulisses de son tout premier, et immense, succ\u00e8s, Belle.<\/p>\n<p>Garou a \u00ab\u00a0failli mourir\u00a0\u00bb au Maroc\u00a0: \u00ab\u00a0Il m&rsquo;est arriv\u00e9 un truc assez dingue\u00a0\u00bb<\/p>\n<p>Souvenez-vous, Garou a \u00e9t\u00e9 r\u00e9v\u00e9l\u00e9 dans la com\u00e9die musicale Notre-Dame-de-Paris dans lequel il donnait vie \u00e0 Quasimodo. Lors de sa premi\u00e8re fois \u00e0 Paris, l&rsquo;interpr\u00e8te de Seul\u00a0en avait profit\u00e9 pour mettre le cap sur le Maroc, une destination bien plus accessible depuis Paris, que depuis Montr\u00e9al.\u00a0<\/p>\n<p>Et \u00e0 lui de raconter une anecdote compl\u00e8tement improbable\u00a0: il s&rsquo;y serait fait ensorceler ! \u00ab\u00a0La premi\u00e8re fois que je suis venu \u00e0\u00a0Paris, je suis directement all\u00e9 au\u00a0Maroc. Et pendant un mois j&rsquo;ai jou\u00e9 dans un\u00a0bar. Je venais de faire les\u00a0maquettes\u00a0de\u00a0Notre-Dame. Je suis parti un mois l\u00e0-bas jouer dans un bar, je suis tomb\u00e9 sur un\u00a0sorcier car j&rsquo;ai failli mourir. Il m&rsquo;est arriv\u00e9 un truc assez dingue\u00a0\u00bb, a d\u00e9taill\u00e9 le chanteur de 53 ans.\u00a0<\/p>\n<p><a class=\"fancy\" href=\"https:\/\/img-3.journaldesfemmes.fr\/5m6i_eYLgzFkL6Ymso-diKtz3p4=\/1080x\/smart\/b14abcbad3d84abf8c9f47c70c09ac85\/ccmcms-jdf\/40075388.jpg\" rel=\"nofollow noopener\" target=\"_blank\"><img decoding=\"async\" alt=\"\" src=\"https:\/\/www.europesays.com\/be-fr\/wp-content\/uploads\/2026\/04\/40075388.jpg\"\/><\/a><\/p>\n<p>\u00a9\u00a0SIPA\/SIPA<\/p>\n<p>Un sorcier a \u00ab\u00a0jet\u00e9 un sort\u00a0\u00bb \u00e0 Garou : et maintenant ?<\/p>\n<p>Et \u00e0 lui de poursuivre, toujours dans Bienvenue chez Beaugrand\u00a0: \u00ab\u00a0Et puis apparemment il m&rsquo;a jet\u00e9 un\u00a0sort de succ\u00e8s, et une semaine \/ dix jours apr\u00e8s, je suis revenu sur\u00a0Paris\u00a0pour enregistrer ma premi\u00e8re\u00a0chanson\u00a0\u00e0 vie, qui s&rsquo;appelait\u00a0&lsquo;Belle&rsquo;. Donc je pense que son sort \u00e9tait pas mal\u00a0\u00bb. Il faut dire que Belle- titre tir\u00e9 de la com\u00e9die musicale Notre-Dame-de-Paris-,\u00a0est le single le mieux vendu de la d\u00e9cennie 1990, et le troisi\u00e8me mieux vendu de tous les temps en France. Il s&rsquo;est \u00e9coul\u00e9 \u00e0 pas moins de 2\u00a0500\u00a0000\u00a0exemplaires\u00a0!\u00a0<\/p>\n<p>La France, et peut-\u00eatre le Maroc si l&rsquo;on croit \u00e0 la sorcellerie, ont donc ouvert le champ des possibles \u00e0 Garou. Pour autant, le p\u00e8re d&rsquo;\u00c9melie, la fille qu&rsquo;il a eu avec la mannequin su\u00e9doise Ulrika en 2001, reste tr\u00e8s attach\u00e9 \u00e0 son Qu\u00e9bec, et plus particuli\u00e8rement \u00e0 sa ville natale, Sherbrooke. \u00ab\u00a0Un mois et demi sans revenir \u00e0 la maison, c&rsquo;est quand m\u00eame loin. J&rsquo;ai manqu\u00e9 l&rsquo;hiver, j&rsquo;ai manqu\u00e9 mon sirop d&rsquo;\u00e9rable que je n&rsquo;ai pas pu faire cette ann\u00e9e\u2026\u00a0\u00bb, a-t-il confi\u00e9 \u00e0 Christophe Beaugrand.\u00a0<\/p>\n","protected":false},"excerpt":{"rendered":"Garou a fait une rencontre des plus surprenantes alors qu&rsquo;il se trouvait au Maroc. Le chanteur de 53\u00a0ans&hellip;\n","protected":false},"author":2,"featured_media":72954,"comment_status":"","ping_status":"","sticky":false,"template":"","format":"standard","meta":{"footnotes":"","_share_on_mastodon":"0"},"categories":[98],"tags":[1823,12,13,18,17,30234,435,96,95,466,13701,440,107,108,470],"class_list":["post-72953","post","type-post","status-publish","format-standard","has-post-thumbnail","category-musique","tag-actus","tag-be","tag-be-fr","tag-belgique","tag-belgium","tag-cms-journaldesfemmes-3261527","tag-controller-content","tag-divertissement","tag-entertainment","tag-format-papier","tag-garou","tag-les-histoires-du-jdf","tag-music","tag-musique","tag-parallaxeinfeed"],"share_on_mastodon":{"url":"https:\/\/pubeurope.com\/@be_fr\/116393343986978846","error":""},"_links":{"self":[{"href":"https:\/\/www.europesays.com\/be-fr\/wp-json\/wp\/v2\/posts\/72953","targetHints":{"allow":["GET"]}}],"collection":[{"href":"https:\/\/www.europesays.com\/be-fr\/wp-json\/wp\/v2\/posts"}],"about":[{"href":"https:\/\/www.europesays.com\/be-fr\/wp-json\/wp\/v2\/types\/post"}],"author":[{"embeddable":true,"href":"https:\/\/www.europesays.com\/be-fr\/wp-json\/wp\/v2\/users\/2"}],"replies":[{"embeddable":true,"href":"https:\/\/www.europesays.com\/be-fr\/wp-json\/wp\/v2\/comments?post=72953"}],"version-history":[{"count":0,"href":"https:\/\/www.europesays.com\/be-fr\/wp-json\/wp\/v2\/posts\/72953\/revisions"}],"wp:featuredmedia":[{"embeddable":true,"href":"https:\/\/www.europesays.com\/be-fr\/wp-json\/wp\/v2\/media\/72954"}],"wp:attachment":[{"href":"https:\/\/www.europesays.com\/be-fr\/wp-json\/wp\/v2\/media?parent=72953"}],"wp:term":[{"taxonomy":"category","embeddable":true,"href":"https:\/\/www.europesays.com\/be-fr\/wp-json\/wp\/v2\/categories?post=72953"},{"taxonomy":"post_tag","embeddable":true,"href":"https:\/\/www.europesays.com\/be-fr\/wp-json\/wp\/v2\/tags?post=72953"}],"curies":[{"name":"wp","href":"https:\/\/api.w.org\/{rel}","templated":true}]}}