{"id":74140,"date":"2026-04-14T12:31:06","date_gmt":"2026-04-14T12:31:06","guid":{"rendered":"https:\/\/www.europesays.com\/be-fr\/74140\/"},"modified":"2026-04-14T12:31:06","modified_gmt":"2026-04-14T12:31:06","slug":"star-academy-la-nouvelle-marraine-serait-deja-connue-et-cest-une-enorme-star","status":"publish","type":"post","link":"https:\/\/www.europesays.com\/be-fr\/74140\/","title":{"rendered":"Star Academy\u00a0: la nouvelle marraine serait d\u00e9j\u00e0 connue, et c&rsquo;est une \u00e9norme star\u00a0!"},"content":{"rendered":"<p class=\"ap-StoryElement ap-StoryElement--mb ap-StoryText\">Et ce lundi soir, sur le plateau de Tout beau tout 9, le chroniqueur Fabien Lecoeuvre a donn\u00e9 quelques indices qui pourraient bien appuyer cette th\u00e9orie. \u00ab\u00a0Elle passerait du 19 au 23 octobre la semaine au ch\u00e2teau avec les professeurs et les \u00e9l\u00e8ves\u00a0\u00bb, explique-t-il, en pr\u00e9cisant qu&rsquo;elle resterait ainsi \u00e0 Paris apr\u00e8s ses concerts. Une pr\u00e9sence sur le sol fran\u00e7ais qui serait \u00e9galement pr\u00e9vu pour la fin du t\u00e9l\u00e9crochet, et qui permettrait \u00e0 la star d&rsquo;\u00eatre \u00e9galement pr\u00e9sente pour accompagner les finalistes : \u00ab\u00a0Et jusqu&rsquo;au 14 ou 20 f\u00e9vrier, date de la fin de la Star Academy, elle serait encore pr\u00e9sente en France\u00a0\u00bb, annonce-t-il.<\/p>\n<p><a href=\"https:\/\/www.dhnet.be\/medias\/musique\/2026\/04\/02\/celine-dion-un-record-et-une-bonne-nouvelle-pour-les-fans-WJSFH5AYL5AAFBP6LLBRQQAUNA\/\" target=\"_self\" class=\"ap-StoryInterstitialLink ap-StoryElement ap-StoryElement--mb\" rel=\"nofollow noopener\">C\u00e9line Dion : un record et\u2026 une bonne nouvelle pour les fans !<\/a>De nouvelles dates pour C\u00e9line Dion ?<\/p>\n<p class=\"ap-StoryElement ap-StoryElement--mb ap-StoryText\">Mais le chroniqueur ne s&rsquo;arr\u00eate pas l\u00e0 : \u00ab\u00a0On a v\u00e9rifi\u00e9 une chose, la D\u00e9fense Arena (la salle de concert o\u00f9 se produira la chanteuse, NdlR) est disponible du 18 d\u00e9cembre au 19 f\u00e9vrier.\u00a0\u00bb Une information qui, selon lui, pourrait expliquer les rumeurs \u00e9voquant l&rsquo;ajout de sept nouvelles dates durant cette p\u00e9riode. \u00ab\u00a0Quand je dis que la salle est \u00ab\u00a0libre\u00a0\u00bb, c&rsquo;est qu&rsquo;elle est sans doute r\u00e9serv\u00e9e en amont avec les organisateurs, avec des options qui seront confirm\u00e9es ou non en fonction des premiers concerts, dont la derni\u00e8re date est pr\u00e9vue le 17 octobre\u00a0\u00bb, pr\u00e9cise-t-il encore.<\/p>\n<p><a href=\"https:\/\/www.dhnet.be\/medias\/musique\/2026\/03\/31\/celine-dion-retrouve-jean-jacques-goldman-voici-leur-projet-secret-qui-va-faire-du-bruit-RRNPGAF2DFHPLH5IJJMULRKUXE\/\" target=\"_self\" class=\"ap-StoryInterstitialLink ap-StoryElement ap-StoryElement--mb\" rel=\"nofollow noopener\">C\u00e9line Dion retrouve Jean-Jacques Goldman : voici leur projet secret qui va faire du bruit<\/a><\/p>\n<p class=\"ap-StoryElement ap-StoryElement--mb ap-StoryText\">Toujours est-il que ni du c\u00f4t\u00e9 de l&rsquo;\u00e9quipe de C\u00e9line Dion, ni de celui de la production de la Star Academy, rien n&rsquo;a \u00e9t\u00e9 confirm\u00e9 \u00e0 ce stade\u2026 Et ce n&rsquo;est pas la premi\u00e8re fois que les rumeurs autour des parrains et marraines des nouvelles promotions en restent, finalement, au stade de simples sp\u00e9culations !<\/p>\n","protected":false},"excerpt":{"rendered":"Et ce lundi soir, sur le plateau de Tout beau tout 9, le chroniqueur Fabien Lecoeuvre a donn\u00e9&hellip;\n","protected":false},"author":2,"featured_media":74141,"comment_status":"","ping_status":"","sticky":false,"template":"","format":"standard","meta":{"footnotes":"","_share_on_mastodon":"0"},"categories":[99],"tags":[12,13,18,17,426,96,95,2498,112],"class_list":["post-74140","post","type-post","status-publish","format-standard","has-post-thumbnail","category-television","tag-be","tag-be-fr","tag-belgique","tag-belgium","tag-celine-dion","tag-divertissement","tag-entertainment","tag-la-star-academy","tag-television"],"share_on_mastodon":{"url":"https:\/\/pubeurope.com\/@be_fr\/116403076127311320","error":""},"_links":{"self":[{"href":"https:\/\/www.europesays.com\/be-fr\/wp-json\/wp\/v2\/posts\/74140","targetHints":{"allow":["GET"]}}],"collection":[{"href":"https:\/\/www.europesays.com\/be-fr\/wp-json\/wp\/v2\/posts"}],"about":[{"href":"https:\/\/www.europesays.com\/be-fr\/wp-json\/wp\/v2\/types\/post"}],"author":[{"embeddable":true,"href":"https:\/\/www.europesays.com\/be-fr\/wp-json\/wp\/v2\/users\/2"}],"replies":[{"embeddable":true,"href":"https:\/\/www.europesays.com\/be-fr\/wp-json\/wp\/v2\/comments?post=74140"}],"version-history":[{"count":0,"href":"https:\/\/www.europesays.com\/be-fr\/wp-json\/wp\/v2\/posts\/74140\/revisions"}],"wp:featuredmedia":[{"embeddable":true,"href":"https:\/\/www.europesays.com\/be-fr\/wp-json\/wp\/v2\/media\/74141"}],"wp:attachment":[{"href":"https:\/\/www.europesays.com\/be-fr\/wp-json\/wp\/v2\/media?parent=74140"}],"wp:term":[{"taxonomy":"category","embeddable":true,"href":"https:\/\/www.europesays.com\/be-fr\/wp-json\/wp\/v2\/categories?post=74140"},{"taxonomy":"post_tag","embeddable":true,"href":"https:\/\/www.europesays.com\/be-fr\/wp-json\/wp\/v2\/tags?post=74140"}],"curies":[{"name":"wp","href":"https:\/\/api.w.org\/{rel}","templated":true}]}}