{"id":76637,"date":"2026-04-16T16:19:18","date_gmt":"2026-04-16T16:19:18","guid":{"rendered":"https:\/\/www.europesays.com\/be-fr\/76637\/"},"modified":"2026-04-16T16:19:18","modified_gmt":"2026-04-16T16:19:18","slug":"la-star-academy-prepare-deja-son-retour-la-premiere-etape-dune-toute-nouvelle-aventure-est-lancee","status":"publish","type":"post","link":"https:\/\/www.europesays.com\/be-fr\/76637\/","title":{"rendered":"La Star Academy pr\u00e9pare d\u00e9j\u00e0 son retour\u00a0: \u00ab\u00a0La premi\u00e8re \u00e9tape d&rsquo;une toute nouvelle aventure est lanc\u00e9e\u00a0\u00bb"},"content":{"rendered":"<p class=\"ap-StoryElement ap-StoryElement--mb ap-StoryText\">Alors que les \u00e9l\u00e8ves de la treizi\u00e8me saison de la Star Academy se produisent en tourn\u00e9e, la production de l&rsquo;\u00e9mission ne ch\u00f4me pas.<\/p>\n<p class=\"ap-StoryElement ap-StoryElement--mb ap-StoryText\">En effet, ce mercredi 15\u00a0avril 2026, TF1 a annonc\u00e9 via le compte Instagram de la Star Ac&rsquo; que le casting de la nouvelle saison, la quatorzi\u00e8me, \u00e9tait ouvert.<\/p>\n<p class=\"ap-StoryElement ap-StoryElement--mb ap-StoryText\">\u00ab\u00a0La premi\u00e8re \u00e9tape d&rsquo;une nouvelle aventure est lanc\u00e9e\u00a0\u00bb, commente la production de l&rsquo;\u00e9mission.<\/p>\n<p><a href=\"https:\/\/www.dhnet.be\/medias\/television\/2026\/01\/30\/deux-eleves-de-la-star-academy-ont-deja-signe-avec-un-label-EDZG26HIBZAVVLY7ZIJSLG6PJU\/\" target=\"_self\" class=\"ap-StoryInterstitialLink ap-StoryElement ap-StoryElement--mb\" rel=\"nofollow noopener\">Deux \u00e9l\u00e8ves de la Star Academy ont d\u00e9j\u00e0 sign\u00e9 avec un label<\/a><\/p>\n<p class=\"ap-StoryElement ap-StoryElement--mb ap-StoryText\">On ignore toutefois quand le t\u00e9l\u00e9crochet fera officiellement son retour. En 2025, la saison avait d\u00e9marr\u00e9 le 18\u00a0octobre pour se terminer le 7\u00a0f\u00e9vrier en apoth\u00e9ose avec la <a href=\"https:\/\/www.dhnet.be\/medias\/television\/2026\/02\/08\/star-academy-voici-le-nom-de-la-gagnante-de-la-saison-13-MNHE6GHMTBFTDA5UJANVNNKCYQ\/\" target=\"_self\" rel=\"nofollow noopener\">victoire d&rsquo;Ambre sur L\u00e9a.<\/a><\/p>\n","protected":false},"excerpt":{"rendered":"Alors que les \u00e9l\u00e8ves de la treizi\u00e8me saison de la Star Academy se produisent en tourn\u00e9e, la production&hellip;\n","protected":false},"author":2,"featured_media":76638,"comment_status":"","ping_status":"","sticky":false,"template":"","format":"standard","meta":{"footnotes":"","_share_on_mastodon":"0"},"categories":[99],"tags":[12,13,18,17,426,96,95,2498,112],"class_list":["post-76637","post","type-post","status-publish","format-standard","has-post-thumbnail","category-television","tag-be","tag-be-fr","tag-belgique","tag-belgium","tag-celine-dion","tag-divertissement","tag-entertainment","tag-la-star-academy","tag-television"],"share_on_mastodon":{"url":"https:\/\/pubeurope.com\/@be_fr\/116415297165218996","error":""},"_links":{"self":[{"href":"https:\/\/www.europesays.com\/be-fr\/wp-json\/wp\/v2\/posts\/76637","targetHints":{"allow":["GET"]}}],"collection":[{"href":"https:\/\/www.europesays.com\/be-fr\/wp-json\/wp\/v2\/posts"}],"about":[{"href":"https:\/\/www.europesays.com\/be-fr\/wp-json\/wp\/v2\/types\/post"}],"author":[{"embeddable":true,"href":"https:\/\/www.europesays.com\/be-fr\/wp-json\/wp\/v2\/users\/2"}],"replies":[{"embeddable":true,"href":"https:\/\/www.europesays.com\/be-fr\/wp-json\/wp\/v2\/comments?post=76637"}],"version-history":[{"count":0,"href":"https:\/\/www.europesays.com\/be-fr\/wp-json\/wp\/v2\/posts\/76637\/revisions"}],"wp:featuredmedia":[{"embeddable":true,"href":"https:\/\/www.europesays.com\/be-fr\/wp-json\/wp\/v2\/media\/76638"}],"wp:attachment":[{"href":"https:\/\/www.europesays.com\/be-fr\/wp-json\/wp\/v2\/media?parent=76637"}],"wp:term":[{"taxonomy":"category","embeddable":true,"href":"https:\/\/www.europesays.com\/be-fr\/wp-json\/wp\/v2\/categories?post=76637"},{"taxonomy":"post_tag","embeddable":true,"href":"https:\/\/www.europesays.com\/be-fr\/wp-json\/wp\/v2\/tags?post=76637"}],"curies":[{"name":"wp","href":"https:\/\/api.w.org\/{rel}","templated":true}]}}