{"id":77401,"date":"2026-04-17T10:19:12","date_gmt":"2026-04-17T10:19:12","guid":{"rendered":"https:\/\/www.europesays.com\/be-fr\/77401\/"},"modified":"2026-04-17T10:19:12","modified_gmt":"2026-04-17T10:19:12","slug":"reconnaitre-les-emotions-un-indice-cache-de-la-schizophrenie","status":"publish","type":"post","link":"https:\/\/www.europesays.com\/be-fr\/77401\/","title":{"rendered":"Reconna\u00eetre les \u00e9motions : un indice cach\u00e9 de la schizophr\u00e9nie ?"},"content":{"rendered":"<p>Les personnes atteintes de schizophr\u00e9nie ont des difficult\u00e9s \u00e0 reconna\u00eetre les \u00e9motions. Mais ces troubles pourraient aussi exister, plus discr\u00e8tement, chez leurs proches. Une \u00e9tude, port\u00e9e par l\u2019\u00e9quipe\u00a0<a href=\"https:\/\/www.psyr2team.com\/\" target=\"_blank\" rel=\"noreferrer noopener nofollow\">PsyR2<\/a>, explore les m\u00e9canismes c\u00e9r\u00e9braux en jeu.<\/p>\n<p>La schizophr\u00e9nie est un trouble psychiatrique complexe qui affecte notamment la capacit\u00e9 \u00e0 reconna\u00eetre les \u00e9motions, en particulier sur les visages. Ces difficult\u00e9s ne sont pas anodines : elles sont li\u00e9es \u00e0 des probl\u00e8mes relationnels, un repli social et une moindre autonomie.<\/p>\n<p>Cependant, ces alt\u00e9rations ne concernent pas uniquement les patients. Des \u00e9tudes montrent que leurs proches, pourtant en bonne sant\u00e9, pr\u00e9sentent eux aussi des difficult\u00e9s, notamment face aux \u00e9motions n\u00e9gatives comme la peur ou la col\u00e8re.<\/p>\n<p>Port\u00e9e par l\u2019\u00e9quipe\u00a0<a href=\"https:\/\/www.psyr2team.com\/\" target=\"_blank\" rel=\"noreferrer noopener nofollow\">PsyR2*,<\/a>\u00a0cette \u00e9tude soul\u00e8ve une question cl\u00e9 : ces troubles pourraient-ils constituer un\u00a0\u201cendoph\u00e9notype\u201d, c\u2019est-\u00e0-dire une signature interm\u00e9diaire entre les g\u00e8nes et la maladie ?<\/p>\n<p>Une approche plus proche de la vie r\u00e9elle<\/p>\n<p>Pour mieux comprendre ces m\u00e9canismes, les chercheurs ont \u00e9tudi\u00e9 trois groupes :<\/p>\n<p>des patients atteints de schizophr\u00e9nie,<\/p>\n<p>leurs fr\u00e8res et\/ou s\u0153urs non malades,<\/p>\n<p>et des personnes sans trouble psychiatrique.<\/p>\n<p>Tous ont r\u00e9alis\u00e9 une t\u00e2che sous IRM fonctionnelle (IRMf), consistant \u00e0 reconna\u00eetre des \u00e9motions sur des visages int\u00e9gr\u00e9s dans un contexte \u00e9motionnel (et non pr\u00e9sent\u00e9s isol\u00e9ment). Cette approche se veut plus proche des situations r\u00e9elles.<\/p>\n<p>Les chercheurs ont aussi utilis\u00e9 une condition de contr\u00f4le non \u00e9motionnelle (juger la direction d\u2019une fl\u00e8che), afin d\u2019\u00e9viter un biais fr\u00e9quent : les visages \u00ab neutres \u00bb ne sont pas per\u00e7us comme r\u00e9ellement neutres par les patients.<\/p>\n<p>Enfin, ils ont analys\u00e9 :<\/p>\n<p>les\u00a0performances comportementales\u00a0(vitesse et pr\u00e9cision),<\/p>\n<p>l\u2019activit\u00e9 c\u00e9r\u00e9brale,<\/p>\n<p>et la\u00a0connectivit\u00e9 entre r\u00e9gions du cerveau, notamment autour de l\u2019amygdale, une structure cl\u00e9 dans le traitement des \u00e9motions.<\/p>\n<p>Des difficult\u00e9s partag\u00e9e mais des m\u00e9canismes subtils<\/p>\n<p>Les r\u00e9sultats montrent que :<\/p>\n<p>les patients\u00a0et leurs fr\u00e8res et s\u0153urs\u00a0reconnaissent moins bien les \u00e9motions n\u00e9gatives que les t\u00e9moins ;<\/p>\n<p>leurs performances sont proches, sugg\u00e9rant un\u00a0continuum entre vuln\u00e9rabilit\u00e9 et maladie.<\/p>\n<p>Sur le plan c\u00e9r\u00e9bral, les diff\u00e9rences sont plus discr\u00e8tes que pr\u00e9vu :<\/p>\n<p>l\u2019amygdale, souvent consid\u00e9r\u00e9e comme centrale, fonctionne de mani\u00e8re\u00a0similaire dans les trois groupes\u00a0;<\/p>\n<p>en revanche, certaines r\u00e9gions impliqu\u00e9es dans la perception sociale et corporelle (notamment le cortex somatosensoriel) pr\u00e9sentent des\u00a0activations r\u00e9duites, surtout chez les proches.<\/p>\n<p>Autre r\u00e9sultat, les analyses r\u00e9v\u00e8lent que les fr\u00e8res et s\u0153urs montrent une augmentation des connexions entre l\u2019amygdale et des r\u00e9gions visuelles. Les chercheurs sugg\u00e8rent que cela pourrait correspondre \u00e0 un\u00a0m\u00e9canisme compensatoire\u00a0: le cerveau mobiliserait davantage certains circuits pour pallier des fragilit\u00e9s.<\/p>\n<p>Vers de nouveaux marqueurs de vuln\u00e9rabilit\u00e9<\/p>\n<p>Cette \u00e9tude apporte un \u00e9clairage nuanc\u00e9 sur la schizophr\u00e9nie. Plut\u00f4t qu\u2019un dysfonctionnement massif d\u2019une r\u00e9gion unique comme l\u2019amygdale, elle met en \u00e9vidence des alt\u00e9rations plus subtiles impliquant des r\u00e9seaux c\u00e9r\u00e9braux pr\u00e9sents aussi chez des personnes \u00e0 risque mais non malades.<\/p>\n<p>Ces r\u00e9sultats ouvrent des perspectives importantes. Mieux comprendre ces m\u00e9canismes pourrait permettre :<\/p>\n<p>d\u2019identifier plus t\u00f4t les personnes vuln\u00e9rables,<\/p>\n<p>de d\u00e9velopper des interventions cibl\u00e9es,<\/p>\n<p>et de mieux saisir les m\u00e9canismes de r\u00e9silience.<\/p>\n<p>Ils invitent aussi \u00e0 repenser la schizophr\u00e9nie non pas comme une rupture brutale, mais comme un\u00a0continuum de variations dans le fonctionnement c\u00e9r\u00e9bral, o\u00f9 certaines adaptations pourraient jouer un r\u00f4le protecteur.<\/p>\n<p class=\"has-small-font-size\">*PsyR\u00b2 est une \u00e9quipe du Centre de Recherche en neurosciences de Lyon (CRNL), sous les tutelles CNRS, Inserm, Universit\u00e9 Claude Bernard Lyon 1, Universit\u00e9 Jean Monnet.<\/p>\n<p>En savoir plus : <\/p>\n<p>\u2022 <a href=\"https:\/\/doi.org\/10.1002\/hbm.70437\" target=\"_blank\" rel=\"noreferrer noopener nofollow\">\u2192D\u00e9couvrir l\u2019article\u00a0<\/a>: Emotion Processing in Schizophrenia: Insights From a Brain Imaging Study Comparing Patients, Siblings, and Healthy Controls. <\/p>\n<p><a href=\"https:\/\/www.santementale.fr\/newsletter\/\" class=\"kb-advanced-image-link\" rel=\"nofollow noopener\" target=\"_blank\"><img loading=\"lazy\" decoding=\"async\" width=\"830\" height=\"70\" src=\"https:\/\/www.europesays.com\/be-fr\/wp-content\/uploads\/2026\/04\/1776071611_276_BANNIERENEWS830x70.jpg\" alt=\"\" class=\"kb-img wp-image-70458\"  \/><\/a><\/p>\n","protected":false},"excerpt":{"rendered":"Les personnes atteintes de schizophr\u00e9nie ont des difficult\u00e9s \u00e0 reconna\u00eetre les \u00e9motions. Mais ces troubles pourraient aussi exister,&hellip;\n","protected":false},"author":2,"featured_media":77402,"comment_status":"","ping_status":"","sticky":false,"template":"","format":"standard","meta":{"footnotes":"","_share_on_mastodon":"0"},"categories":[82],"tags":[12,13,18,17,86,7127,18848,87,2290,31302],"class_list":["post-77401","post","type-post","status-publish","format-standard","has-post-thumbnail","category-sante","tag-be","tag-be-fr","tag-belgique","tag-belgium","tag-health","tag-prise-en-charge","tag-psychiatrie","tag-sante","tag-sante-mentale","tag-schizophrenie"],"share_on_mastodon":{"url":"https:\/\/pubeurope.com\/@be_fr\/116419544238682048","error":""},"_links":{"self":[{"href":"https:\/\/www.europesays.com\/be-fr\/wp-json\/wp\/v2\/posts\/77401","targetHints":{"allow":["GET"]}}],"collection":[{"href":"https:\/\/www.europesays.com\/be-fr\/wp-json\/wp\/v2\/posts"}],"about":[{"href":"https:\/\/www.europesays.com\/be-fr\/wp-json\/wp\/v2\/types\/post"}],"author":[{"embeddable":true,"href":"https:\/\/www.europesays.com\/be-fr\/wp-json\/wp\/v2\/users\/2"}],"replies":[{"embeddable":true,"href":"https:\/\/www.europesays.com\/be-fr\/wp-json\/wp\/v2\/comments?post=77401"}],"version-history":[{"count":0,"href":"https:\/\/www.europesays.com\/be-fr\/wp-json\/wp\/v2\/posts\/77401\/revisions"}],"wp:featuredmedia":[{"embeddable":true,"href":"https:\/\/www.europesays.com\/be-fr\/wp-json\/wp\/v2\/media\/77402"}],"wp:attachment":[{"href":"https:\/\/www.europesays.com\/be-fr\/wp-json\/wp\/v2\/media?parent=77401"}],"wp:term":[{"taxonomy":"category","embeddable":true,"href":"https:\/\/www.europesays.com\/be-fr\/wp-json\/wp\/v2\/categories?post=77401"},{"taxonomy":"post_tag","embeddable":true,"href":"https:\/\/www.europesays.com\/be-fr\/wp-json\/wp\/v2\/tags?post=77401"}],"curies":[{"name":"wp","href":"https:\/\/api.w.org\/{rel}","templated":true}]}}