{"id":78409,"date":"2026-04-18T08:10:12","date_gmt":"2026-04-18T08:10:12","guid":{"rendered":"https:\/\/www.europesays.com\/be-fr\/78409\/"},"modified":"2026-04-18T08:10:12","modified_gmt":"2026-04-18T08:10:12","slug":"qui-est-julien-gaspar-oliveri-qui-va-incarner-samuel-paty-dans-le-telefilm-la-rumeur-sur-france-2","status":"publish","type":"post","link":"https:\/\/www.europesays.com\/be-fr\/78409\/","title":{"rendered":"Qui est Julien Gaspar-Oliveri qui va incarner Samuel Paty dans le t\u00e9l\u00e9film La Rumeur sur France 2"},"content":{"rendered":"<p>\n    L\u2019acteur de 41 ans pr\u00eate ses traits au professeur assassin\u00e9 en 2020 dans un unitaire pr\u00e9vu dans quelques mois sur France T\u00e9l\u00e9visions. \u00c9galement r\u00e9alisateur, il sera pr\u00e9sent cette ann\u00e9e au Festival de Cannes.<\/p>\n<p class=\"fig-paragraph\">Un unitaire de 90 minutes pour raconter l\u2019horreur. Le 16 octobre 2020,\u00a0<a href=\"https:\/\/recherche.lefigaro.fr\/recherche\/Samuel%20Paty\/\" target=\"_blank\" rel=\"noopener nofollow\" data-gtm-custom-categorie=\"navigation\" data-gtm-custom-action=\"crossclick\" data-gtm-custom-label=\"Contextuel\" data-gtm-event=\"customEventSPE\">Samuel Paty<\/a>, professeur d\u2019histoire g\u00e9ographie, \u00e9tait assassin\u00e9 \u00e0 Conflans-Sainte-Honorine. Le t\u00e9l\u00e9film\u00a0<a href=\"http:\/\/tvmag.lefigaro.fr\/programme-tv\/actu-tele\/france-2-va-consacrer-une-fiction-a-samuel-paty-20250319\" target=\"_blank\" data-fig-type=\"Article\" rel=\"noopener nofollow\" data-gtm-custom-categorie=\"navigation\" data-gtm-custom-action=\"crossclick\" data-gtm-custom-label=\"Contextuel\" data-gtm-event=\"customEventSPE\" data-fig-domain=\"TVMAG\">La Rumeur<\/a>, qui sera diffus\u00e9 prochainement sur le service public, retrace les dix derniers jours qui ont pr\u00e9c\u00e9d\u00e9 l\u2019attentat islamiste.\u00a0Pour interpr\u00e9ter Samuel Paty, le choix de la production s\u2019est port\u00e9 sur Julien Gaspar-Oliveri. Un acteur et r\u00e9alisateur de 41 ans au parcours d\u00e9j\u00e0 riche et atypique. L\u2019artiste oscille depuis ses d\u00e9buts entre les planches de th\u00e9\u00e2tre, les feuilletons t\u00e9l\u00e9vis\u00e9s et la lumi\u00e8re de prestigieux festivals.<\/p>\n<p class=\"fig-paragraph\">Comme s\u2019il \u00e9tait pr\u00e9destin\u00e9, il est originaire de Cannes. D\u2019ailleurs, il pr\u00e9sentera sur la Croisette au mois de mai prochain en S\u00e9ance Sp\u00e9ciale \u00e0 la Semaine de la Critique le long-m\u00e9trage La frappe. En 2022, il est nomm\u00e9 pour le C\u00e9sar du meilleur court m\u00e9trage avec L\u2019\u00c2ge tendre. En 2024, il re\u00e7oit le Grand prix sp\u00e9cial court au festival\u00a0<a href=\"https:\/\/recherche.lefigaro.fr\/recherche\/S%C3%A9ries%20Mania\/?publication=tvmag.lefigaro.fr\" target=\"_blank\" rel=\"noopener nofollow\" data-gtm-custom-categorie=\"navigation\" data-gtm-custom-action=\"crossclick\" data-gtm-custom-label=\"Contextuel\" data-gtm-event=\"customEventSPE\">S\u00e9ries Mania<\/a>\u00a0pour Ceux qui rougissent. Une fiction Arte\u2026<\/p>\n<p class=\"fig-premium-paywall__infos\">\n        Cet article est r\u00e9serv\u00e9 aux abonn\u00e9s.        Il vous reste 62% \u00e0 d\u00e9couvrir.\n    <\/p>\n<p>                <img  data- alt=\"Le Figaro\" class=\"fig-img--complete fig-img\"\/><\/p>\n<p class=\"fig-premium-paywall__title\">Vous avez envie de lire la suite ?<\/p>\n<p class=\"fig-premium-paywall__subtitle\">D\u00e9bloquez tous les articles imm\u00e9diatement.<\/p>\n<p class=\"fig-premium-paywall__connect\">\n                D\u00e9j\u00e0 abonn\u00e9\u00a0?                <a class=\"fig-premium-paywall__connect-link\" href=\"https:\/\/connect.lefigaro.fr\/login?client=tvmag_web&amp;type=main&amp;redirect_uri=https%3A%2F%2Ftvmag.lefigaro.fr%2Fprogramme-tv%2Factu-tele%2Fqui-est-julien-gaspar-oliveri-qui-va-incarner-samuel-paty-dans-le-telefilm-la-rumeur-sur-france-2-20260418\" data-js-gtm=\"{&quot;event&quot;:&quot;customEventGA4&quot;,&quot;eventName&quot;:&quot;click_action&quot;,&quot;feature&quot;:&quot;paywall&quot;,&quot;location&quot;:&quot;paywall&quot;,&quot;button_action&quot;:&quot;connect&quot;,&quot;click_text&quot;:&quot;Connectez-vous&quot;}\" rel=\"nofollow noopener\" target=\"_blank\"><br \/>\n                    Connectez-vous<br \/>\n                <\/a>\n            <\/p>\n","protected":false},"excerpt":{"rendered":"L\u2019acteur de 41 ans pr\u00eate ses traits au professeur assassin\u00e9 en 2020 dans un unitaire pr\u00e9vu dans quelques&hellip;\n","protected":false},"author":2,"featured_media":78410,"comment_status":"","ping_status":"","sticky":false,"template":"","format":"standard","meta":{"footnotes":"","_share_on_mastodon":"0"},"categories":[99],"tags":[12,13,18,17,96,95,1346,25654,112],"class_list":["post-78409","post","type-post","status-publish","format-standard","has-post-thumbnail","category-television","tag-be","tag-be-fr","tag-belgique","tag-belgium","tag-divertissement","tag-entertainment","tag-france-televisions","tag-samuel-paty","tag-television"],"share_on_mastodon":{"url":"https:\/\/pubeurope.com\/@be_fr\/116424699259950918","error":""},"_links":{"self":[{"href":"https:\/\/www.europesays.com\/be-fr\/wp-json\/wp\/v2\/posts\/78409","targetHints":{"allow":["GET"]}}],"collection":[{"href":"https:\/\/www.europesays.com\/be-fr\/wp-json\/wp\/v2\/posts"}],"about":[{"href":"https:\/\/www.europesays.com\/be-fr\/wp-json\/wp\/v2\/types\/post"}],"author":[{"embeddable":true,"href":"https:\/\/www.europesays.com\/be-fr\/wp-json\/wp\/v2\/users\/2"}],"replies":[{"embeddable":true,"href":"https:\/\/www.europesays.com\/be-fr\/wp-json\/wp\/v2\/comments?post=78409"}],"version-history":[{"count":0,"href":"https:\/\/www.europesays.com\/be-fr\/wp-json\/wp\/v2\/posts\/78409\/revisions"}],"wp:featuredmedia":[{"embeddable":true,"href":"https:\/\/www.europesays.com\/be-fr\/wp-json\/wp\/v2\/media\/78410"}],"wp:attachment":[{"href":"https:\/\/www.europesays.com\/be-fr\/wp-json\/wp\/v2\/media?parent=78409"}],"wp:term":[{"taxonomy":"category","embeddable":true,"href":"https:\/\/www.europesays.com\/be-fr\/wp-json\/wp\/v2\/categories?post=78409"},{"taxonomy":"post_tag","embeddable":true,"href":"https:\/\/www.europesays.com\/be-fr\/wp-json\/wp\/v2\/tags?post=78409"}],"curies":[{"name":"wp","href":"https:\/\/api.w.org\/{rel}","templated":true}]}}