{"id":82178,"date":"2026-04-21T19:21:22","date_gmt":"2026-04-21T19:21:22","guid":{"rendered":"https:\/\/www.europesays.com\/be-fr\/82178\/"},"modified":"2026-04-21T19:21:22","modified_gmt":"2026-04-21T19:21:22","slug":"la-version-2-0-corrige-les-defauts-de-jeunesse-frandroid","status":"publish","type":"post","link":"https:\/\/www.europesays.com\/be-fr\/82178\/","title":{"rendered":"la version 2.0 corrige les d\u00e9fauts de jeunesse \u2014 Frandroid"},"content":{"rendered":"<p>Enfin ! Le Framework Laptop 16 devient une machine vraiment recommandable gr\u00e2ce \u00e0 ces correctifs mat\u00e9riels indispensables.<\/p>\n<p><a target=\"_blank\" href=\"https:\/\/images.frandroid.com\/wp-content\/uploads\/2026\/04\/fw16-onepiece-haptic-touchpad-install.jpg\" class=\"article-content__figure\" rel=\"nofollow noopener\"><img fetchpriority=\"high\" decoding=\"async\" loading=\"eager\" width=\"1200\" height=\"930\" src=\"https:\/\/www.europesays.com\/be-fr\/wp-content\/uploads\/2026\/04\/fw16-onepiece-haptic-touchpad-install.jpg\" alt=\"\" class=\"wp-image-3071705 wp-image wp-image\"  \/><\/a><\/p>\n<p>Si vous avez manqu\u00e9 <a href=\"https:\/\/www.frandroid.com\/marques\/framework\/3071637_le-macbook-pro-pour-linux-avec-laptop-13-pro-framework-regle-enfin-le-plus-gros-defaut-de-ses-pc-portables\" rel=\"nofollow noopener\" target=\"_blank\">l\u2019annonce du Framework Laptop 13 Pro<\/a>, allez d\u2019abord jeter un \u0153il <a href=\"https:\/\/www.frandroid.com\/marques\/framework\/3071637_le-macbook-pro-pour-linux-avec-laptop-13-pro-framework-regle-enfin-le-plus-gros-defaut-de-ses-pc-portables\" rel=\"nofollow noopener\" target=\"_blank\">\u00e0 notre pr\u00e9sentation compl\u00e8te<\/a>. Maintenant, parlons du grand fr\u00e8re. Le <a href=\"https:\/\/www.frandroid.com\/produits-android\/ordinateurs\/pc-portables\/2880837_test-du-framework-laptop-16-2025-jai-demonte-mon-pc-portable-pour-y-mettre-une-rtx-5070\" rel=\"nofollow noopener\" target=\"_blank\">Framework Laptop 16<\/a>, ce colosse modulaire capable d\u2019embarquer un GPU d\u00e9di\u00e9, re\u00e7oit une mise \u00e0 jour que l\u2019on pourrait qualifier de \u00ab\u00a0maturit\u00e9\u00a0\u00bb.<\/p>\n<p class=\"shortcode-container see-more\">\n    Pour aller plus loin<br \/><a href=\"https:\/\/www.frandroid.com\/produits-android\/ordinateurs\/pc-portables\/2880837_test-du-framework-laptop-16-2025-jai-demonte-mon-pc-portable-pour-y-mettre-une-rtx-5070\" rel=\"nofollow noopener\" target=\"_blank\">Test du Framework Laptop 16 (2025) : j\u2019ai d\u00e9mont\u00e9 mon PC portable pour y mettre une RTX 5070<\/a>\n            <\/p>\n<p>Framework a \u00e9cout\u00e9. Depuis le lancement du mod\u00e8le 16 pouces, les utilisateurs pointaient du doigt une certaine souplesse du repose-poignet et un pav\u00e9 tactile qui manquait de noblesse. La marque corrige le tir avec des modules repens\u00e9s de z\u00e9ro.<\/p>\n<p>Un pav\u00e9 tactile haptique pour la rigidit\u00e9<\/p>\n<p>Le changement le plus visible, et le plus attendu, est l\u2019arriv\u00e9e du One Piece Haptic Touchpad. Jusqu\u2019ici, le Laptop 16 utilisait un syst\u00e8me de modules juxtapos\u00e9s qui pouvait cr\u00e9er de l\u00e9gers jeux ou des bruits de craquement. Ce nouveau repose-poignet monobloc int\u00e8gre un pav\u00e9 tactile haptique (sans clic m\u00e9canique) qui s\u2019\u00e9tend sur toute la largeur disponible.<\/p>\n<p><a target=\"_blank\" href=\"https:\/\/images.frandroid.com\/wp-content\/uploads\/2026\/04\/fw16-onepiece-haptic-touchpad-front.jpg\" class=\"article-content__figure\" rel=\"nofollow noopener\"><img loading=\"lazy\" decoding=\"async\" width=\"1200\" height=\"800\" src=\"https:\/\/www.europesays.com\/be-fr\/wp-content\/uploads\/2026\/04\/fw16-onepiece-haptic-touchpad-front-1200x800.jpg\" alt=\"\" class=\"wp-image-3071711 wp-image\"  \/><\/a><\/p>\n<p>On obtient donc une structure bien plus rigide et une sensation de clic uniforme sur toute la surface. Dans la m\u00eame logique, Framework propose d\u00e9sormais un clavier monobloc. Fini les petites entretoises \u00e0 aligner : on gagne en rapidit\u00e9 d\u2019installation et surtout en stabilit\u00e9 lors des sessions de frappe intensives.<\/p>\n<p><a target=\"_blank\" href=\"https:\/\/images.frandroid.com\/wp-content\/uploads\/2026\/04\/fw16-onepiece-keyboard-install.jpg\" class=\"article-content__figure\" rel=\"nofollow noopener\"><img loading=\"lazy\" decoding=\"async\" width=\"1200\" height=\"670\" src=\"https:\/\/www.europesays.com\/be-fr\/wp-content\/uploads\/2026\/04\/fw16-onepiece-keyboard-install-1200x670.jpg\" alt=\"\" class=\"wp-image-3071709 wp-image\"  \/><\/a><\/p>\n<p>Le Ryzen 5 pour faire baisser la facture<\/p>\n<p>Le deuxi\u00e8me point fort de cette mise \u00e0 jour, c\u2019est l\u2019aspect business. Jusqu\u2019\u00e0 pr\u00e9sent, le Framework Laptop 16 \u00e9tait une machine on\u00e9reuse, trust\u00e9e par les puces Ryzen 7 et 9. L\u2019arriv\u00e9e d\u2019une option AMD Ryzen 5 permet de faire baisser le prix d\u2019appel sans sacrifier l\u2019essentiel de l\u2019exp\u00e9rience modulaire. C\u2019est un choix malin pour ceux qui veulent la grande diagonale et les capacit\u00e9s d\u2019extension sans forc\u00e9ment avoir besoin d\u2019une puissance de calcul brute d\u00e9mesur\u00e9e.<\/p>\n<p><a target=\"_blank\" href=\"https:\/\/images.frandroid.com\/wp-content\/uploads\/2026\/04\/fw16-onepiece-haptic-touchpad-onepiece-keyboard-on-laptop-topdown.jpg\" class=\"article-content__figure\" rel=\"nofollow noopener\"><img loading=\"lazy\" decoding=\"async\" width=\"1200\" height=\"800\" src=\"https:\/\/www.europesays.com\/be-fr\/wp-content\/uploads\/2026\/04\/fw16-onepiece-haptic-touchpad-onepiece-keyboard-on-laptop-topdown-1200x800.jpg\" alt=\"\" class=\"wp-image-3071707 wp-image\"  \/><\/a><\/p>\n<p>Enfin, pour le style, Framework introduit une nouvelle couleur de bordure d\u2019\u00e9cran : le Translucent Smoke Gray. C\u2019est sobre, c\u2019est \u00e9l\u00e9gant, et \u00e7a change du orange signature parfois un peu trop criard pour un environnement professionnel.<\/p>\n<p>Le Framework Laptop 16 s\u2019affiche d\u00e9sormais \u00e0 partir de 1 409 \u20ac en version \u00ab\u00a0DIY\u00a0\u00bb, c\u2019est-\u00e0-dire le kit \u00e0 monter soi-m\u00eame o\u00f9 vous apportez votre propre RAM et stockage (et il manque les modules \u00e9galement \u00e0 ce prix). <\/p>\n<p>Pour ceux qui pr\u00e9f\u00e8rent une machine pr\u00eate \u00e0 l\u2019emploi, les mod\u00e8les pr\u00e9configur\u00e9s d\u00e9butent \u00e0 1 799 \u20ac. C\u2019est un investissement, certes, mais la nouvelle option Ryzen 5 permet d\u2019adoucir la facture pour une machine de cette trempe. <\/p>\n<p>Gardez en t\u00eate qu\u2019ici, vous ne payez pas seulement pour un CPU et un \u00e9cran, mais pour la certitude de ne jamais avoir \u00e0 racheter un ordinateur complet parce qu\u2019une charni\u00e8re a l\u00e2ch\u00e9 ou qu\u2019une puce est devenue obsol\u00e8te. La r\u00e9alit\u00e9 ? C\u2019est le prix de la s\u00e9r\u00e9nit\u00e9 \u00e0 long terme.<\/p>\n<p>\t\t\t\t\t\t<a href=\"https:\/\/images.frandroid.com\/wp-content\/uploads\/2026\/04\/fw16-mainboard-amdryzen-ai300series-ryzen-ai5-340-front.jpg\" itemprop=\"url\" rel=\"nofollow noopener\" target=\"_blank\"><\/p>\n<p>\t\t\t\t\t\t\t<img decoding=\"async\" class=\"wp-image\" src=\"https:\/\/www.europesays.com\/be-fr\/wp-content\/uploads\/2026\/04\/fw16-mainboard-amdryzen-ai300series-ryzen-ai5-340-front.jpg\"  width=\"569\" height=\"853\" loading=\"lazy\" data-original-width=\"569\" data-original-height=\"853\" itemprop=\"http:\/\/schema.org\/image\" title=\"FW16-Mainboard-AMDRyzen-AI300Series-Ryzen -AI5-340-Front\" alt=\"FW16-Mainboard-AMDRyzen-AI300Series-Ryzen -AI5-340-Front\" style=\"width: 569px; height: 853px;\"\/><br \/>\n\t\t\t\t\t\t<\/a><\/p>\n<p>Envie de retrouver les meilleurs articles de Frandroid sur Google News ? Vous pouvez suivre <a href=\"https:\/\/news.google.com\/publications\/CAAqBggKMICKMDCuyQU?oc=3\" target=\"_blank\" rel=\"noopener null noreferrer nofollow\">Frandroid sur Google News<\/a> en un clic.<\/p>\n","protected":false},"excerpt":{"rendered":"Enfin ! Le Framework Laptop 16 devient une machine vraiment recommandable gr\u00e2ce \u00e0 ces correctifs mat\u00e9riels indispensables. Si&hellip;\n","protected":false},"author":2,"featured_media":82179,"comment_status":"","ping_status":"","sticky":false,"template":"","format":"standard","meta":{"footnotes":"","_share_on_mastodon":"0"},"categories":[70],"tags":[12,13,18,17,32832,73,71,75,72,76,74],"class_list":["post-82178","post","type-post","status-publish","format-standard","has-post-thumbnail","category-sciences-et-technologies","tag-be","tag-be-fr","tag-belgique","tag-belgium","tag-framework-laptop-16-2025","tag-science","tag-science-and-technology","tag-sciences","tag-sciences-et-technologies","tag-technologies","tag-technology"],"share_on_mastodon":{"url":"https:\/\/pubeurope.com\/@be_fr\/116444324476688113","error":""},"_links":{"self":[{"href":"https:\/\/www.europesays.com\/be-fr\/wp-json\/wp\/v2\/posts\/82178","targetHints":{"allow":["GET"]}}],"collection":[{"href":"https:\/\/www.europesays.com\/be-fr\/wp-json\/wp\/v2\/posts"}],"about":[{"href":"https:\/\/www.europesays.com\/be-fr\/wp-json\/wp\/v2\/types\/post"}],"author":[{"embeddable":true,"href":"https:\/\/www.europesays.com\/be-fr\/wp-json\/wp\/v2\/users\/2"}],"replies":[{"embeddable":true,"href":"https:\/\/www.europesays.com\/be-fr\/wp-json\/wp\/v2\/comments?post=82178"}],"version-history":[{"count":0,"href":"https:\/\/www.europesays.com\/be-fr\/wp-json\/wp\/v2\/posts\/82178\/revisions"}],"wp:featuredmedia":[{"embeddable":true,"href":"https:\/\/www.europesays.com\/be-fr\/wp-json\/wp\/v2\/media\/82179"}],"wp:attachment":[{"href":"https:\/\/www.europesays.com\/be-fr\/wp-json\/wp\/v2\/media?parent=82178"}],"wp:term":[{"taxonomy":"category","embeddable":true,"href":"https:\/\/www.europesays.com\/be-fr\/wp-json\/wp\/v2\/categories?post=82178"},{"taxonomy":"post_tag","embeddable":true,"href":"https:\/\/www.europesays.com\/be-fr\/wp-json\/wp\/v2\/tags?post=82178"}],"curies":[{"name":"wp","href":"https:\/\/api.w.org\/{rel}","templated":true}]}}