{"id":83011,"date":"2026-04-22T14:23:19","date_gmt":"2026-04-22T14:23:19","guid":{"rendered":"https:\/\/www.europesays.com\/be-fr\/83011\/"},"modified":"2026-04-22T14:23:19","modified_gmt":"2026-04-22T14:23:19","slug":"la-sonde-la-plus-lointaine-de-la-terre-entre-dans-une-zone-a-haut-risque","status":"publish","type":"post","link":"https:\/\/www.europesays.com\/be-fr\/83011\/","title":{"rendered":"la sonde la plus lointaine de la Terre entre dans une zone \u00e0 haut risque"},"content":{"rendered":"<p>Nous sommes en 1977, la France d\u00e9couvre la Rockcollection de Laurent Voulzy et gagne l&rsquo;Eurovision avec Marie Myriam. Au cin\u00e9ma, les amateurs de science-fiction d\u00e9couvrent une \u00e9trange histoire impliquant un Empire mal\u00e9fique, des sabres laser et des <a href=\"https:\/\/www.futura-sciences.com\/tech\/definitions\/robotique-robot-8433\/\" rel=\"nofollow noopener\" target=\"_blank\">robots<\/a> qui font bip-bip. Et pendant ce temps, la Nasa envoie dans l&rsquo;espace une sonde pr\u00e9sent\u00e9e comme incroyable pour l&rsquo;humanit\u00e9 : <a href=\"https:\/\/www.futura-sciences.com\/tech\/definitions\/logiciels-voyager-27675\/\" rel=\"nofollow noopener\" target=\"_blank\">Voyager<\/a> 1.<\/p>\n<p>Con\u00e7ue pour aller explorer les plan\u00e8tes g\u00e9antes de<br \/>\n            <img decoding=\"async\" data-imgid=\"sm\" src=\"https:\/\/www.europesays.com\/be-fr\/wp-content\/uploads\/2026\/04\/voie-lactee-soleil-planete.jpeg\" width=\"320\" height=\"320\" alt=\"Le Soleil et les plan\u00e8tes qui l'entourent se d\u00e9placent au sein de la Voie lact\u00e9e. \u00a9 mozZz, Adobe Stock\" loading=\"lazy\"\/><\/p>\n<p>\n                Tags :<br \/>\n\tsciences\n<\/p>\n<p><a href=\"https:\/\/www.futura-sciences.com\/sciences\/actualites\/astronomie-astronomes-tombent-surprise-notre-systeme-solaire-deplacerait-presque-4-fois-plus-vite-quon-ne-pensait-127535\/\" class=\"article-link\" target=\"_blank\" rel=\"nofollow noopener\"><br \/>\n        notre Syst\u00e8me solaire<\/p>\n<p><\/a><\/p>\n<p>    Lire l&rsquo;article <\/p>\n<p>, comme <a href=\"https:\/\/www.futura-sciences.com\/sciences\/actualites\/systeme-solaire-jupiter-saturne-ont-chamboule-systeme-solaire-83942\/\" title=\"Comment Jupiter et Saturne ont chamboul\u00e9 le Syst\u00e8me solaire\" rel=\"nofollow noopener\" target=\"_blank\">Jupiter et Saturne<\/a>, elle a poursuivi sa mission bien au-del\u00e0, jusqu&rsquo;\u00e0 atteindre le milieu interstellaire, au-del\u00e0 de l&rsquo;influence de notre \u00c9toile, le Soleil.<\/p>\n<p>Les interrupteurs coup\u00e9s un par un<\/p>\n<p>Peu \u00e0 peu, plusieurs de ses instruments ont \u00e9t\u00e9 mis en pause ou compl\u00e8tement arr\u00eat\u00e9s dans l&rsquo;espoir de prolonger un peu sa (d\u00e9j\u00e0 tr\u00e8s longue) existence. Dernier en date : le LECP, pour Low energy charged particles instrument, <a href=\"https:\/\/science.nasa.gov\/blogs\/voyager\/2026\/04\/17\/nasa-shuts-off-instrument-on-voyager-1-to-keep-spacecraft-operating\/\" title=\"NASA Shuts Off Instrument on Voyager 1 to Keep Spacecraft Operating\" rel=\"nofollow noopener\" target=\"_blank\">mis en sommeil le 17 avril dernier<\/a> pour r\u00e9aliser quelques \u00e9conomies d&rsquo;<a href=\"https:\/\/www.futura-sciences.com\/sciences\/definitions\/energie-energie-15884\/\" rel=\"nofollow noopener\" target=\"_blank\">\u00e9nergie<\/a>.<\/p>\n<p>Le LECP a pour r\u00f4le de mesurer les flux \u00e9nerg\u00e9tiques des <a href=\"https:\/\/www.futura-sciences.com\/sciences\/definitions\/chimie-ion-861\/\" rel=\"nofollow noopener\" target=\"_blank\">ions<\/a> et <a href=\"https:\/\/www.futura-sciences.com\/sciences\/definitions\/matiere-electron-68\/\" rel=\"nofollow noopener\" target=\"_blank\">\u00e9lectrons<\/a>, mais il ne pouvait plus fonctionner dans de bonnes conditions sans raccourcir \u00e9norm\u00e9ment la <a href=\"https:\/\/www.futura-sciences.com\/sciences\/definitions\/physique-duree-14966\/\" rel=\"nofollow noopener\" target=\"_blank\">dur\u00e9e<\/a> de vie de l&rsquo;ensemble de <a href=\"https:\/\/www.futura-sciences.com\/sciences\/actualites\/voyager-1-jamais-vu-histoire-humanite-sonde-va-entrer-territoire-seule-notre-imagination-visitait-127916\/\" title=\"Du jamais vu dans l\u2019histoire de l\u2019humanit\u00e9 : une sonde va entrer dans un territoire que seule notre imagination visitait\" rel=\"nofollow noopener\" target=\"_blank\">la sonde<\/a>.<\/p>\n<p class=\"fs-media\">\n<p><img decoding=\"async\" data-imgid=\"full\" src=\"https:\/\/www.europesays.com\/be-fr\/wp-content\/uploads\/2026\/04\/lecp voyager.jpg\" width=\"1080\" height=\"2710\" alt=\"\" loading=\"lazy\"\/><br \/>\nLe m\u00eame d\u00e9tecteur de particules \u00e0 faible \u00e9nergie de Voyager 2 a \u00e9t\u00e9 d\u00e9sactiv\u00e9 l&rsquo;ann\u00e9e derni\u00e8re. \u00a9 Nasa, JP-Caltech<\/p>\n<p>Tout cela est le fait d&rsquo;une op\u00e9ration nomm\u00e9e \u00ab <a href=\"https:\/\/www.futura-sciences.com\/sciences\/definitions\/univers-big-bang-858\/\" rel=\"nofollow noopener\" target=\"_blank\">Big Bang<\/a> \u00bb, qui a pour but d&rsquo;\u00e9conomiser au maximum les r\u00e9serves d&rsquo;\u00e9nergie de Voyager 1, en \u00e9teignant les appareils les uns apr\u00e8s les autres\u00a0et en trouvant des alternatives pour continuer \u00e0 fonctionner en consommant le moins possible.<\/p>\n<p>Ainsi, ces derni\u00e8res ann\u00e9es, on a vu l&rsquo;arr\u00eat du <a href=\"https:\/\/www.futura-sciences.com\/sciences\/definitions\/matiere-spectrometre-1834\/\" rel=\"nofollow noopener\" target=\"_blank\">spectrom\u00e8tre<\/a> UVS en 2016, puis <a href=\"https:\/\/www.futura-sciences.com\/sciences\/actualites\/astronautique-dela-notre-systeme-solaire-sondes-voyager-suicident-petit-feu-120217\/\" title=\"Au-del\u00e0 de notre Syst\u00e8me solaire, les sondes Voyager se suicident \u00e0 petit feu\" rel=\"nofollow noopener\" target=\"_blank\">le capteur de rayons cosmiques CRS en 2025<\/a>, et le LECP \u00e9tait le prochain sur la liste.<\/p>\n<p class=\"text-center\">\n            <img decoding=\"async\" data-imgid=\"sm\" src=\"https:\/\/www.europesays.com\/be-fr\/wp-content\/uploads\/2026\/04\/sonde-Voyager1.jpeg\" width=\"320\" height=\"320\" alt=\"La sonde Voyager 1 dans l'espace lointain renvoie de nouveau des donn\u00e9es scientifiques !\u00a0\u00a9 Claudio Caridi, Adobe Stock\" loading=\"lazy\"\/><br \/>\n        <a href=\"https:\/\/www.futura-sciences.com\/sciences\/actualites\/astronautique-objet-plus-lointain-humanite-ait-jamais-lance-repare-114169\/\" class=\"article-link\" target=\"_blank\" rel=\"nofollow noopener\"><br \/>\n        L\u2019objet le plus lointain que l\u2019humanit\u00e9 ait jamais lanc\u00e9 est r\u00e9par\u00e9 !<\/p>\n<p><\/a><\/p>\n<p class=\"article-synopsis\">\n        C\u2019est la fin d\u2019une p\u00e9riode de crise de plusieurs mois pour la l\u00e9gendaire sonde spatiale de la Nasa, l\u2019objet le plus lointain jamais envoy\u00e9 par l\u2019Humanit\u00e9. Au-del\u00e0 des fronti\u00e8res de notre Syst\u00e8me solaire, Voyager 1 n\u2019\u00e9tait plus capable de communiquer normalement. Ce n\u2019est plus le cas aujourd\u2019hui&#8230;. Lire la suite\n    <\/p>\n<\/p>\n<p>D\u00e9sormais, la sonde n&rsquo;a plus que deux instruments encore utilis\u00e9s, le <a href=\"https:\/\/www.futura-sciences.com\/sciences\/definitions\/physique-magnetometre-4749\/\" rel=\"nofollow noopener\" target=\"_blank\">magn\u00e9tom\u00e8tre<\/a> MAG, et le <a href=\"https:\/\/www.futura-sciences.com\/tech\/definitions\/technologie-senseur-8460\/\" rel=\"nofollow noopener\" target=\"_blank\">capteur<\/a> de plasma PWS qui est d\u00e9j\u00e0 l\u00e9g\u00e8rement endommag\u00e9 et ne fonctionne pas au maximum de ses capacit\u00e9s.<\/p>\n<p>Mais il ne s&rsquo;agit pas que d&rsquo;\u00e9teindre les instruments. Gr\u00e2ce \u00e0 des mises \u00e0 jour effectu\u00e9es \u00e0 distance, <a href=\"https:\/\/www.futura-sciences.com\/sciences\/actualites\/artemis-ii-artemis-ii-nasa-devoile-images-couper-souffle-autres-vous-ne-verrez-pas-partout-133606\/\" title=\"Artemis II : la Nasa d\u00e9voile des images \u00e0 couper le souffle et d\u2019autres que vous ne verrez pas partout\" rel=\"nofollow noopener\" target=\"_blank\">la Nasa<\/a> pense aussi pouvoir redistribuer l&rsquo;alimentation de la sonde, afin d&rsquo;optimiser sa consommation et de passer en mode \u00ab \u00e9conomie d&rsquo;\u00e9nergie \u00bb.<\/p>\n<p>Une sonde inestimable pour la recherche spatiale<\/p>\n<p>Les \u00e9quipes de la Nasa esp\u00e8rent que ces m\u00e9thodes pourront donner au moins une ann\u00e9e suppl\u00e9mentaire \u00e0 Voyager 1. Et il en est de m\u00eame pour <a href=\"https:\/\/www.futura-sciences.com\/sciences\/definitions\/univers-voyager-2-3631\/\" rel=\"nofollow noopener\" target=\"_blank\">Voyager 2<\/a>, sa sonde <a href=\"https:\/\/www.futura-sciences.com\/maison\/comparatifs\/meilleure-jumelle-comparatif\/\" title=\"Comparatif jumelle\" class=\"link-type-comparo\" rel=\"nofollow noopener\" target=\"_blank\">jumelle<\/a> lanc\u00e9e \u00e0 peu pr\u00e8s en m\u00eame temps, et dont le LECP a \u00e9t\u00e9 d\u00e9sactiv\u00e9 en mars 2025. Dans son cas \u00e9galement, il ne reste que le MAG et le PWS, mais aussi le CRS toujours op\u00e9rationnel.<\/p>\n<p class=\"fs-media\">\n<p><img decoding=\"async\" data-imgid=\"full\" src=\"https:\/\/www.europesays.com\/be-fr\/wp-content\/uploads\/2026\/04\/Voyager1_interstellar_Nasa.jpg\" width=\"1080\" height=\"1920\" alt=\"\" loading=\"lazy\"\/><br \/>\nVoyager 1 aux confins de notre Syst\u00e8me solaire. \u00a9 Nasa<\/p>\n<p>Autant d&rsquo;efforts pour <a href=\"https:\/\/www.futura-sciences.com\/sciences\/breves\/astronomie-nasa-repris-commandes-mythique-sonde-voyager-2-8571\/\" title=\"La Nasa a repris les commandes de la mythique sonde Voyager 2\" rel=\"nofollow noopener\" target=\"_blank\">sauver des sondes<\/a> vieilles de bient\u00f4t un demi-si\u00e8cle peut sembler d\u00e9risoire. Mais Voyager 1 et 2 ont un attrait symbolique fort : ce sont les premiers engins cr\u00e9\u00e9s par les humains \u00e0 s&rsquo;\u00eatre rendus si loin dans le <a href=\"https:\/\/www.futura-sciences.com\/sciences\/questions-reponses\/systeme-solaire-plus-grande-planete-systeme-solaire-plus-petite-7427\/\" title=\"Quelle est la plus grande plan\u00e8te du Syst\u00e8me solaire\u00a0? Et la plus petite ?\" rel=\"nofollow noopener\" target=\"_blank\">Syst\u00e8me solaire<\/a>. Encore aujourd&rsquo;hui, les nombreuses donn\u00e9es qu&rsquo;elles ont envoy\u00e9es ont permis de mieux conna\u00eetre l&rsquo;espace interstellaire, et par extension d&rsquo;obtenir des informations sur les <a href=\"https:\/\/www.futura-sciences.com\/sciences\/definitions\/univers-trou-noir-62\/\" rel=\"nofollow noopener\" target=\"_blank\">trous noirs<\/a> et la <a href=\"https:\/\/www.futura-sciences.com\/sciences\/definitions\/physique-matiere-sombre-46\/\" rel=\"nofollow noopener\" target=\"_blank\">mati\u00e8re noire<\/a>.<\/p>\n<p>\n            <img decoding=\"async\" data-imgid=\"sm\" src=\"https:\/\/www.europesays.com\/be-fr\/wp-content\/uploads\/2026\/04\/ Wispit_VLT_ESO_C_Lawlor.jpg\" width=\"320\" height=\"320\" alt=\"Vue d'artiste du jeune syst\u00e8me plan\u00e9taire autour de l'\u00e9toile Wispit\u00a02. \u00a9 ESO, C. Lawlor, R. F. van Capelleveen et al.\" loading=\"lazy\"\/><br \/>\n        <a href=\"https:\/\/www.futura-sciences.com\/sciences\/actualites\/exoplanete-astronomes-assistent-scene-incroyable-naissance-systeme-solaire-pourrait-ressembler-notre-133150\/\" class=\"article-link\" target=\"_blank\" rel=\"nofollow noopener\"><br \/>\n        Les astronomes assistent \u00e0 une sc\u00e8ne incroyable : la naissance d\u2019un syst\u00e8me solaire qui pourrait ressembler au n\u00f4tre !<\/p>\n<p><\/a><\/p>\n<p class=\"article-synopsis\">\n        L\u2019observation du disque de gaz et de poussi\u00e8re entourant Wispit 2 pourrait offrir des indices cl\u00e9s pour comprendre les origines de notre propre Syst\u00e8me solaire. La d\u00e9couverte d\u2019une deuxi\u00e8me plan\u00e8te et la probable existence d&rsquo;une troisi\u00e8me donnent aux astronomes une occasion rare d&rsquo;assister \u00e0 la formation, en \u00ab temps r\u00e9el \u00bb, \u00e0 la formation d&rsquo;un syst\u00e8me \u00e0 plusieurs plan\u00e8tes&#8230;. Lire la suite\n    <\/p>\n<\/p>\n<p>M\u00eame si, aujourd&rsquo;hui, leurs instruments de mesure\u00a0peuvent sembler d\u00e9pass\u00e9s et n&rsquo;ont pas la pr\u00e9cision des outils plus modernes \u00e0 notre disposition, ces sondes restent les seules \u00e0 s&rsquo;\u00eatre aventur\u00e9es dans ces zones du<a href=\"https:\/\/www.futura-sciences.com\/sciences\/actualites\/exoplanete-rien-ne-pousse-croire-notre-systeme-solaire-unique-interview-sylvestre-lacour-133559\/\" title=\"\u00ab Rien ne pousse \u00e0 croire que notre Syst\u00e8me solaire est unique \u00bb : interview de Sylvestre Lacour\" rel=\"nofollow noopener\" target=\"_blank\">\u00a0Syst\u00e8me solaire<\/a>. En cela, elles resteront longtemps ind\u00e9passables, car m\u00eame un vaisseau extr\u00eamement rapide envoy\u00e9 aujourd&rsquo;hui mettrait plusieurs d\u00e9cennies \u00e0 les rejoindre.<\/p>\n<p>        Le saviez-vous ?<\/p>\n<p>Sur le site de la Nasa <a href=\"https:\/\/science.nasa.gov\/mission\/voyager\/where-are-voyager-1-and-voyager-2-now\/\" rel=\"nofollow noopener\" target=\"_blank\">Where are Voyager 1 and Voyager 2 Now ?<\/a> vous pouvez suivre le p\u00e9riple des deux sondes lanc\u00e9es en 1977 \u00e0 travers le Syst\u00e8me solaire et conna\u00eetre leur position exacte en temps r\u00e9el.<\/p>\n<p>Ainsi, ce 22 avril 2026, Voyager 1 est \u00e0 quelque 25,4 milliards de kilom\u00e8tres de la Terre et de ses concepteurs, soit 23 heures-lumi\u00e8re. Quant \u00e0 Voyager 2, elle a d\u00e9j\u00e0 parcouru 21,35 milliards de kilom\u00e8tres, ce qui repr\u00e9sente 19 heures-lumi\u00e8re.<\/p>\n<p>Dans environ 40 000 ans, Voyager 1 passera \u00e0 1,7 ann\u00e9e-lumi\u00e8re de l\u2019\u00e9toile Gliese 445, une naine rouge de la constellation de la Petite Ourse. Et Voyager 2, quant \u00e0 elle, approchera l\u2019\u00e9toile Sirius, l\u2019\u00e9toile la plus brillante du ciel terrestre, dans quelque 296 000 ans.<\/p>\n<p>\u00a0<\/p>\n","protected":false},"excerpt":{"rendered":"Nous sommes en 1977, la France d\u00e9couvre la Rockcollection de Laurent Voulzy et gagne l&rsquo;Eurovision avec Marie Myriam.&hellip;\n","protected":false},"author":2,"featured_media":83012,"comment_status":"","ping_status":"","sticky":false,"template":"","format":"standard","meta":{"footnotes":"","_share_on_mastodon":"0"},"categories":[70],"tags":[12,13,18,17,33025,33026,73,71,75,72,33021,33024,3073,76,74,33020,8837,33022,33023],"class_list":["post-83011","post","type-post","status-publish","format-standard","has-post-thumbnail","category-sciences-et-technologies","tag-be","tag-be-fr","tag-belgique","tag-belgium","tag-confins-du-systeme-solaire","tag-milieu-interstellaire","tag-science","tag-science-and-technology","tag-sciences","tag-sciences-et-technologies","tag-sonde-voyager-1","tag-sonde-voyager-2","tag-systeme-solaire","tag-technologies","tag-technology","tag-voyager-1","tag-voyager-2","tag-voyager-i","tag-voyager-ii"],"share_on_mastodon":{"url":"https:\/\/pubeurope.com\/@be_fr\/116448814989581313","error":""},"_links":{"self":[{"href":"https:\/\/www.europesays.com\/be-fr\/wp-json\/wp\/v2\/posts\/83011","targetHints":{"allow":["GET"]}}],"collection":[{"href":"https:\/\/www.europesays.com\/be-fr\/wp-json\/wp\/v2\/posts"}],"about":[{"href":"https:\/\/www.europesays.com\/be-fr\/wp-json\/wp\/v2\/types\/post"}],"author":[{"embeddable":true,"href":"https:\/\/www.europesays.com\/be-fr\/wp-json\/wp\/v2\/users\/2"}],"replies":[{"embeddable":true,"href":"https:\/\/www.europesays.com\/be-fr\/wp-json\/wp\/v2\/comments?post=83011"}],"version-history":[{"count":0,"href":"https:\/\/www.europesays.com\/be-fr\/wp-json\/wp\/v2\/posts\/83011\/revisions"}],"wp:featuredmedia":[{"embeddable":true,"href":"https:\/\/www.europesays.com\/be-fr\/wp-json\/wp\/v2\/media\/83012"}],"wp:attachment":[{"href":"https:\/\/www.europesays.com\/be-fr\/wp-json\/wp\/v2\/media?parent=83011"}],"wp:term":[{"taxonomy":"category","embeddable":true,"href":"https:\/\/www.europesays.com\/be-fr\/wp-json\/wp\/v2\/categories?post=83011"},{"taxonomy":"post_tag","embeddable":true,"href":"https:\/\/www.europesays.com\/be-fr\/wp-json\/wp\/v2\/tags?post=83011"}],"curies":[{"name":"wp","href":"https:\/\/api.w.org\/{rel}","templated":true}]}}