{"id":85232,"date":"2026-04-24T12:44:10","date_gmt":"2026-04-24T12:44:10","guid":{"rendered":"https:\/\/www.europesays.com\/be-fr\/85232\/"},"modified":"2026-04-24T12:44:10","modified_gmt":"2026-04-24T12:44:10","slug":"accident-grave-a-beho-une-personne-decedee-et-trois-blesses-dont-un-dans-un-etat-grave","status":"publish","type":"post","link":"https:\/\/www.europesays.com\/be-fr\/85232\/","title":{"rendered":"Accident grave \u00e0 Beho : une personne d\u00e9c\u00e9d\u00e9e et trois bless\u00e9s, dont un dans un \u00e9tat grave"},"content":{"rendered":"<p class=\"ap-StoryElement ap-StoryElement--mb ap-StoryText\">Un dramatique accident de la route s&rsquo;est produit, ce vendredi vers 11 h 30, sur la N 68, \u00e0 hauteur de la rue du Rhin, \u00e0 proximit\u00e9 du rond-point de Beho. Deux v\u00e9hicules, une voiture et une camionnette de la commune de Gouvy, ont \u00e9t\u00e9 impliqu\u00e9s. Une personne est malheureusement d\u00e9c\u00e9d\u00e9e. Trois bless\u00e9s, dont un dans un \u00e9tat grave, ont \u00e9t\u00e9 pris en charge.<\/p>\n<p class=\"ap-StoryElement ap-StoryElement--mb ap-StoryText\">D&rsquo;importants moyens humains et mat\u00e9riels ont \u00e9t\u00e9 engag\u00e9s. Deux SMUR, quatre ambulances, les pompiers de Vielsalm et Bastogne avec en renfort leurs coll\u00e8gues de Saint-Vith, ainsi que des policiers de la zone Famenne Ardenne ont \u00e9t\u00e9 d\u00e9p\u00each\u00e9s sur les lieux.<\/p>\n","protected":false},"excerpt":{"rendered":"Un dramatique accident de la route s&rsquo;est produit, ce vendredi vers 11 h 30, sur la N 68,&hellip;\n","protected":false},"author":2,"featured_media":85233,"comment_status":"","ping_status":"","sticky":false,"template":"","format":"standard","meta":{"footnotes":"","_share_on_mastodon":"0"},"categories":[8],"tags":[10,5287,12,13,18,17,13175,11,23961],"class_list":["post-85232","post","type-post","status-publish","format-standard","has-post-thumbnail","category-actualites","tag-actualites","tag-bastogne","tag-be","tag-be-fr","tag-belgique","tag-belgium","tag-gouvy","tag-news","tag-vielsalm"],"share_on_mastodon":{"url":"https:\/\/pubeurope.com\/@be_fr\/116459750591899209","error":""},"_links":{"self":[{"href":"https:\/\/www.europesays.com\/be-fr\/wp-json\/wp\/v2\/posts\/85232","targetHints":{"allow":["GET"]}}],"collection":[{"href":"https:\/\/www.europesays.com\/be-fr\/wp-json\/wp\/v2\/posts"}],"about":[{"href":"https:\/\/www.europesays.com\/be-fr\/wp-json\/wp\/v2\/types\/post"}],"author":[{"embeddable":true,"href":"https:\/\/www.europesays.com\/be-fr\/wp-json\/wp\/v2\/users\/2"}],"replies":[{"embeddable":true,"href":"https:\/\/www.europesays.com\/be-fr\/wp-json\/wp\/v2\/comments?post=85232"}],"version-history":[{"count":0,"href":"https:\/\/www.europesays.com\/be-fr\/wp-json\/wp\/v2\/posts\/85232\/revisions"}],"wp:featuredmedia":[{"embeddable":true,"href":"https:\/\/www.europesays.com\/be-fr\/wp-json\/wp\/v2\/media\/85233"}],"wp:attachment":[{"href":"https:\/\/www.europesays.com\/be-fr\/wp-json\/wp\/v2\/media?parent=85232"}],"wp:term":[{"taxonomy":"category","embeddable":true,"href":"https:\/\/www.europesays.com\/be-fr\/wp-json\/wp\/v2\/categories?post=85232"},{"taxonomy":"post_tag","embeddable":true,"href":"https:\/\/www.europesays.com\/be-fr\/wp-json\/wp\/v2\/tags?post=85232"}],"curies":[{"name":"wp","href":"https:\/\/api.w.org\/{rel}","templated":true}]}}