{"id":86197,"date":"2026-04-25T11:14:19","date_gmt":"2026-04-25T11:14:19","guid":{"rendered":"https:\/\/www.europesays.com\/be-fr\/86197\/"},"modified":"2026-04-25T11:14:19","modified_gmt":"2026-04-25T11:14:19","slug":"paul-seixas-avait-tout-fait-exploser-dans-wanne-en-2024-le-prodige-francais-avait-remporte-liege-bastogne-liege-juniors-au-bout-dun-gros-numero","status":"publish","type":"post","link":"https:\/\/www.europesays.com\/be-fr\/86197\/","title":{"rendered":"\u00ab\u00a0Paul Seixas avait tout fait exploser dans Wanne\u00a0\u00bb\u00a0: en 2024, le prodige fran\u00e7ais avait remport\u00e9 Li\u00e8ge-Bastogne-Li\u00e8ge Juniors au bout d&rsquo;un gros num\u00e9ro"},"content":{"rendered":"<p><img loading=\"lazy\" decoding=\"async\" class=\"w-full lazyload lazyload--opacity object-contain\" style=\"aspect-ratio:67 \/ 100;opacity:1\" alt=\"Apr\u00e8s avoir gagn\u00e9 Li\u00e8ge chez les juniors en 2024, Paul Seixas avait domin\u00e9 la cat\u00e9gorie avant d'en devenir champion du monde du chrono.\" width=\"768\" height=\"1152\" fetchpriority=\"auto\" src=\"https:\/\/www.europesays.com\/be-fr\/wp-content\/uploads\/2026\/04\/1776327856_212_S5VKD3X55FFF3BW6V4SEHXNP7I.png\"  data- data-optimumx=\"1\"\/><img loading=\"lazy\" decoding=\"async\" src=\"https:\/\/www.europesays.com\/be-fr\/wp-content\/uploads\/2026\/04\/TTRZ42G3SFG6HPENWGLYANTHWQ.jpg\" width=\"768\" height=\"1152\" alt=\"Apr\u00e8s avoir gagn\u00e9 Li\u00e8ge chez les juniors en 2024, Paul Seixas avait domin\u00e9 la cat\u00e9gorie avant d'en devenir champion du monde du chrono.\" class=\"absolute inset-0 w-full\"\/>Apr\u00e8s avoir gagn\u00e9 Li\u00e8ge chez les juniors en 2024, Paul Seixas avait domin\u00e9 la cat\u00e9gorie avant d&rsquo;en devenir champion du monde du chrono. \u00a9VKA<\/p>\n<p class=\"ap-StoryElement ap-StoryElement--mb ap-StoryText\">Nous avons retrouv\u00e9 plusieurs t\u00e9moins de la victoire de Paul Seixas sur ce Li\u00e8ge-Bastogne-Li\u00e8ge pour Juniors, en 2024, quand il avait devanc\u00e9 de neuf secondes le N\u00e9erlandais <a href=\"https:\/\/www.dhnet.be\/sports\/cyclisme\/2026\/04\/18\/liege-bastogne-liege-espoirs-le-neerlandais-daan-dijkman-domine-le-sprint-a-larrivee-de-la-40e-edition-a-blegny-FDHA4Y7TSJEFJBHNDGIS5RKRZU\/\" target=\"_self\" rel=\"nofollow noopener\">Daan Dijkman (qui vient de\u2026 remporter Li\u00e8ge-Bastogne-Li\u00e8ge Espoirs) <\/a>et le Belge Jenthe Verstraete (qui \u00e9volue aujourd&rsquo;hui dans l&rsquo;\u00e9quipe de d\u00e9veloppement de EF Education-Easy Post). \u00ab\u00a0Vu le palmar\u00e8s qu&rsquo;il avait d\u00e9j\u00e0 \u00e0 l&rsquo;\u00e9poque chez les juniors, je l&rsquo;avais cit\u00e9, sur le podium de pr\u00e9sentation des \u00e9quipes, comme un des hommes \u00e0 suivre\u00a0\u00bb, se rappelle Beno\u00eet Ramelot, qui officiait comme speaker de la classique li\u00e9geoise.<\/p>\n<p class=\"ap-StoryElement ap-StoryElement--mb ap-StoryText\">Son nom n&rsquo;\u00e9tait pourtant pas arriv\u00e9 tout de suite sur les ondes de Radio Tour une fois le d\u00e9part donn\u00e9. \u00a0\u00bb Je me rappelle qu&rsquo;une grosse \u00e9chapp\u00e9e \u00e9tait partie t\u00f4t, t\u00e9moigne Guillaume Daix, un jeune coureur wallon, ancien deuxi\u00e8me du <a href=\"https:\/\/www.dhnet.be\/sports\/cyclisme\/challenge-philippe-gilbert\/2026\/03\/05\/les-classements-du-dh-challenge-bicyclic-C7US75L7KVDTHCUT4XFRLYR3Q4\/\" target=\"_self\" rel=\"nofollow noopener\">DH Challenge Bicyclic<\/a> chez les cadets qui s&rsquo;y \u00e9tait class\u00e9 27e. C&rsquo;\u00e9tait assez inqui\u00e9tant, car ce groupe avait pas mal d&rsquo;avance, avec de nombreux hommes forts.\u00a0\u00bb<\/p>\n<p class=\"ap-StoryElement ap-StoryElement--mb ap-StoryText\">Rest\u00e9 au chaud dans le peloton, Paul Seixas a dans un premier temps temporis\u00e9. Avant de r\u00e9agir dans la deuxi\u00e8me des cinq difficult\u00e9s r\u00e9pertori\u00e9es. \u00ab\u00a0Il a fait son propre tempo dans la c\u00f4te de Wanne (NdlR : plac\u00e9e apr\u00e8s celle de Mont-le-Soie, \u00e0 52 kilom\u00e8tres de l&rsquo;arriv\u00e9e de cette Doyenne Juniors, dont le parcours est long de 138 bornes). Et il m&rsquo;a vraiment impressionn\u00e9. Avec son tempo, il a tout fait p\u00e9ter\u2026 Et il a fait le bond sur les hommes de t\u00eate.\u00a0\u00bb<\/p>\n<p>guillement<\/p>\n<p class=\"ap-StoryQuote-text\">Il d\u00e9gageait une sensation d&rsquo;aisance. Il s&rsquo;est impos\u00e9 en surclassement. On s&rsquo;est dit qu&rsquo;on avait affaire \u00e0 un crack\u2026<\/p>\n<p class=\"ap-StoryElement ap-StoryElement--mb ap-StoryText\">Il a g\u00e9r\u00e9 dans la mont\u00e9e de Basse-Bodeux et dans celle de la Vecqu\u00e9e avant de faire la diff\u00e9rence dans celle de La Redoute, dans laquelle \u00e9tait situ\u00e9e l&rsquo;arriv\u00e9e, \u00e0 mi-pente. Des souvenirs que confirment Freddy Havelange. La voix du cyclisme en Wallonie \u00e9tait aux premi\u00e8res loges de la course, dans la voiture Radio Tour. \u00ab\u00a0Apr\u00e8s Wanne, c&rsquo;\u00e9tait termin\u00e9, il avait fait la diff\u00e9rence pour rejoindre la t\u00eate de course, explique-t-il. Il d\u00e9gageait une sensation d&rsquo;aisance. Et dans la mont\u00e9e de l&rsquo;arriv\u00e9e, \u00e0 La Redoute, il n&rsquo;y a pas eu photo. Il s&rsquo;est impos\u00e9 en surclassement, avec neuf secondes d&rsquo;avance\u2026 On se disait qu&rsquo;on avait affaire \u00e0 un crack\u2026\u00a0\u00bb<\/p>\n<p class=\"ap-StoryElement ap-StoryElement--mb ap-StoryText\">Ce n&rsquo;est pas la premi\u00e8re fois que Freddy Havelange avait rep\u00e9r\u00e9 ce Paul Seixas. \u00ab\u00a0J&rsquo;\u00e9tais aux commentaires au cyclo-cross de Namur, en d\u00e9cembre 2023, et il avait \u00e9t\u00e9 tr\u00e8s solide. Les Fran\u00e7ais avaient domin\u00e9 la course avec la victoire d&rsquo;Aubin Sparfel et ce Paul Seixas quelques secondes derri\u00e8re, troisi\u00e8me.\u00a0\u00bb<\/p>\n<p class=\"ap-StoryElement ap-StoryElement--mb ap-StoryText\">Fernand Lambert, le pr\u00e9sident du Pesant Club Li\u00e9geois, le club organisateur, n&rsquo;a pas oubli\u00e9 la domination <a href=\"https:\/\/www.dhnet.be\/sports\/cyclisme\/classiques\/2026\/04\/22\/paul-seixas-nest-pas-rassasie-apres-sa-victoire-a-la-fleche-wallonne-je-suis-deja-focalise-sur-liege-5EU6D43XMVEIFKNSIAJJLAK2NA\/\" target=\"_self\" rel=\"nofollow noopener\">du r\u00e9cent vainqueur de la Fl\u00e8che wallonne sur sa course.<\/a> \u00ab\u00a0Les \u00e9preuves pour juniors se disputent sans oreillettes, les jeunes roulent donc \u00e0 l&rsquo;intuition et \u00e0 la connaissance de la course, mais Paul Seixas avait roul\u00e9 comme un pro. Il avait \u00e9t\u00e9 attentif sans r\u00e9agir \u00e0 toutes les attaques. Avant de prendre les choses en main. Et de s&rsquo;imposer. Je me souviens d&rsquo;un jeune gar\u00e7on tr\u00e8s sympa quand il est mont\u00e9 sur le podium.\u00a0\u00bb<\/p>\n<p class=\"ap-StoryElement ap-StoryElement--mb ap-StoryText\">Pour Guillaume Daix, qui \u00e9volue actuellement en premi\u00e8re ann\u00e9e chez les espoirs au sein de la formation continentale Color Code Alu Center, Paul Seixas d\u00e9gageait d\u00e9j\u00e0, \u00e0 l&rsquo;\u00e9poque, une grande confiance en lui. \u00ab\u00a0J&rsquo;ai aussi fait une autre course UCI avec lui, la Classique des Alpes (NdlR : que le Fran\u00e7ais a \u00e9galement remport\u00e9e). Je me rappelle qu&rsquo;il donnait vraiment l&rsquo;impression de savoir ce qu&rsquo;il devait faire, quand il devait le faire. Il avait beaucoup de confiance. Il \u00e9tait impressionnant. Comme il l&rsquo;est aujourd&rsquo;hui chez les pros.\u00a0\u00bb<\/p>\n<p class=\"ap-StoryElement ap-StoryElement--mb ap-StoryText\">Course de r\u00e9f\u00e9rence au prestigieux palmar\u00e8s chez les espoirs, Li\u00e8ge-Bastogne-Li\u00e8ge n&rsquo;a pas encore une aussi longue histoire dans sa version pour les juniors. Mais le prodige fran\u00e7ais a d\u00e9j\u00e0 marqu\u00e9 l&rsquo;histoire de cette \u00e9preuve.<\/p>\n<p class=\"ap-StoryElement ap-StoryElement--mb ap-StoryText\">Avant celle des pros ?<\/p>\n","protected":false},"excerpt":{"rendered":"Apr\u00e8s avoir gagn\u00e9 Li\u00e8ge chez les juniors en 2024, Paul Seixas avait domin\u00e9 la cat\u00e9gorie avant d&rsquo;en devenir&hellip;\n","protected":false},"author":2,"featured_media":86198,"comment_status":"","ping_status":"","sticky":false,"template":"","format":"standard","meta":{"footnotes":"","_share_on_mastodon":"0"},"categories":[8],"tags":[10,12,13,18,17,7828,15545,26,11,27],"class_list":["post-86197","post","type-post","status-publish","format-standard","has-post-thumbnail","category-actualites","tag-actualites","tag-be","tag-be-fr","tag-belgique","tag-belgium","tag-classiques-ardennaises","tag-fleche-wallonne","tag-liege","tag-news","tag-province-de-liege"],"share_on_mastodon":{"url":"https:\/\/pubeurope.com\/@be_fr\/116465059000320021","error":""},"_links":{"self":[{"href":"https:\/\/www.europesays.com\/be-fr\/wp-json\/wp\/v2\/posts\/86197","targetHints":{"allow":["GET"]}}],"collection":[{"href":"https:\/\/www.europesays.com\/be-fr\/wp-json\/wp\/v2\/posts"}],"about":[{"href":"https:\/\/www.europesays.com\/be-fr\/wp-json\/wp\/v2\/types\/post"}],"author":[{"embeddable":true,"href":"https:\/\/www.europesays.com\/be-fr\/wp-json\/wp\/v2\/users\/2"}],"replies":[{"embeddable":true,"href":"https:\/\/www.europesays.com\/be-fr\/wp-json\/wp\/v2\/comments?post=86197"}],"version-history":[{"count":0,"href":"https:\/\/www.europesays.com\/be-fr\/wp-json\/wp\/v2\/posts\/86197\/revisions"}],"wp:featuredmedia":[{"embeddable":true,"href":"https:\/\/www.europesays.com\/be-fr\/wp-json\/wp\/v2\/media\/86198"}],"wp:attachment":[{"href":"https:\/\/www.europesays.com\/be-fr\/wp-json\/wp\/v2\/media?parent=86197"}],"wp:term":[{"taxonomy":"category","embeddable":true,"href":"https:\/\/www.europesays.com\/be-fr\/wp-json\/wp\/v2\/categories?post=86197"},{"taxonomy":"post_tag","embeddable":true,"href":"https:\/\/www.europesays.com\/be-fr\/wp-json\/wp\/v2\/tags?post=86197"}],"curies":[{"name":"wp","href":"https:\/\/api.w.org\/{rel}","templated":true}]}}