{"id":88634,"date":"2026-04-27T19:53:13","date_gmt":"2026-04-27T19:53:13","guid":{"rendered":"https:\/\/www.europesays.com\/be-fr\/88634\/"},"modified":"2026-04-27T19:53:13","modified_gmt":"2026-04-27T19:53:13","slug":"capable-de-suivre-pogacar-paul-seixas-a-fait-disparaitre-les-derniers-doutes-et-serige-en-vrai-rival-le-tour-je-serais-heureux-de-revoir-tadej","status":"publish","type":"post","link":"https:\/\/www.europesays.com\/be-fr\/88634\/","title":{"rendered":"Capable de suivre Pogacar, Paul Seixas a fait dispara\u00eetre les derniers doutes et s&rsquo;\u00e9rige en vrai rival\u00a0: \u00ab\u00a0Le Tour\u00a0? Je serais heureux de revoir Tadej\u00a0\u00bb"},"content":{"rendered":"<p class=\"ap-StoryElement ap-StoryElement--mb ap-StoryText\">Mais au-del\u00e0 de sa performance du jour, Paul Seixas s&rsquo;est surtout affirm\u00e9 comme un s\u00e9rieux rival de Pogi dans les semaines et mois \u00e0 venir. Et on pense, forc\u00e9ment, au Tour de France, qu&rsquo;il devrait d\u00e9couvrir en juillet. \u00ab\u00a0Je vais avoir une discussion avec l&rsquo;\u00e9quipe la semaine prochaine pour \u00e9tablir un programme et ce sera r\u00e9gl\u00e9 \u00e0 ce moment-l\u00e0, pr\u00e9cisait Seixas en conf\u00e9rence de presse. Pour l&rsquo;instant, je ne connais pas ma prochaine course.\u00a0\u00bb Mais tout semble d\u00e9signer la Grande Boucle comme son prochain grand objectif. Pour deux raisons.<\/p>\n<p><a href=\"https:\/\/www.dhnet.be\/sports\/cyclisme\/classiques\/2026\/04\/26\/remco-evenepoel-na-pas-su-suivre-pogacar-et-seixas-dans-la-redoute-jai-vite-compris-que-je-ne-pourrais-pas-jouer-un-grand-role-QBLAKZR7SBHR3CJUUHLDQQVE7M\/\" target=\"_self\" class=\"ap-StoryInterstitialLink ap-StoryElement ap-StoryElement--mb\" rel=\"nofollow noopener\">Remco Evenepoel n&rsquo;a pas su suivre Pogacar et Seixas dans la Redoute : \u00ab\u00a0J&rsquo;ai vite compris que je ne pourrais pas jouer un grand r\u00f4le\u00a0\u00bb<\/a>Il a tenu t\u00eate \u00e0 Pogacar dans La Redoute<\/p>\n<p class=\"ap-StoryElement ap-StoryElement--mb ap-StoryText\">En basculant au sommet de La Redoute avec le quadruple vainqueur du Tour de France au sommet de son art, Paul Seixas a encore franchi un cap dans le ph\u00e9nom\u00e9nal. \u00ab\u00a0J&rsquo;ai \u00e9t\u00e9 parfaitement plac\u00e9 dans la roue de Tadej par mes \u00e9quipiers, ce qui m&rsquo;a permis de m&rsquo;accrocher, soulignait le Fran\u00e7ais, toujours partageur. J&rsquo;\u00e9tais vraiment \u00e0 bloc complet et avoir \u00e9t\u00e9 dans sa roue \u00e0 ce moment, c&rsquo;est quelque chose. J&rsquo;hallucinais quand je voyais la vitesse \u00e0 laquelle on montait. Je me suis demand\u00e9 combien de temps on allait tenir ce rythme de dingue. Il m&rsquo;a pouss\u00e9 dans mes retranchements et il m&rsquo;a fait tr\u00e8s mal.\u00a0\u00bb<\/p>\n<p>guillement<\/p>\n<p class=\"ap-StoryQuote-text\">J&rsquo;ai hallucin\u00e9 en voyant notre vitesse dans la Redoute.<\/p>\n<p class=\"ap-StoryElement ap-StoryElement--mb ap-StoryText\">Quand on lui demande ce qui lui a manqu\u00e9 pour terminer sur le quai des Ardennes avec Pogacar, Seixas r\u00e9pond du tac au tac. \u00ab\u00a0De la puissance. Mais \u00eatre l\u00e0, apr\u00e8s sa premi\u00e8re offensive, c&rsquo;est d\u00e9j\u00e0 \u00e9norme. Sur les Strade Bianche, d\u00e9but mars, je n&rsquo;avais pas r\u00e9ussi \u00e0 suivre sa premi\u00e8re attaque. Cette fois, j&rsquo;y suis parvenu. C&rsquo;est la preuve que je progresse et je suis content de ma performance. Il y a encore du boulot et des \u00e9tapes \u00e0 franchir, c&rsquo;est normal.\u00a0\u00bb Mais la route vers une future premi\u00e8re victoire dans un monument semble toute trac\u00e9e. \u00ab\u00a0Il n&rsquo;y a aucune certitude dans la vie. Mais maintenant que j&rsquo;ai fait deuxi\u00e8me, la prochaine ambition sera de gagner l&rsquo;un d&rsquo;eux. Il faut \u00eatre ambitieux dans la vie et je vais travailler pour \u00e7a.\u00a0\u00bb<\/p>\n<p><a href=\"https:\/\/www.dhnet.be\/sports\/cyclisme\/classiques\/2026\/04\/26\/pogacar-honnete-apres-sa-victoire-sur-liege-bastogne-liege-seixas-etait-si-fort-que-je-pensais-deja-au-sprint-CUQEKOBWNJHDFNS3X7JSQOTFRY\/\" target=\"_self\" class=\"ap-StoryInterstitialLink ap-StoryElement ap-StoryElement--mb\" rel=\"nofollow noopener\">Pogacar honn\u00eate apr\u00e8s sa victoire sur Li\u00e8ge-Bastogne-Li\u00e8ge: \u00ab\u00a0Seixas \u00e9tait si fort que je pensais d\u00e9j\u00e0 au sprint\u00a0\u00bb<\/a>Il a prouv\u00e9 d&rsquo;incroyables facult\u00e9s de r\u00e9sistance et de r\u00e9cup\u00e9ration<\/p>\n<p class=\"ap-StoryElement ap-StoryElement--mb ap-StoryText\">Remco Evenepoel \u00e9tait le premier \u00e0 se questionner vendredi : Paul Seixas sera-t-il capable d&rsquo;\u00eatre \u00e0 son meilleur niveau dans la sixi\u00e8me heure d&rsquo;une course de 260 km et plus de 4000 m\u00e8tres de d\u00e9nivel\u00e9 ? La r\u00e9ponse est positive. \u00ab\u00a0Cela restait une interrogation pour moi aussi\u00a0\u00bb, avouait le talentueux coureur de l&rsquo;\u00e9quipe Decathlon CMA CGM apr\u00e8s le podium. \u00ab\u00a0Jouer devant dans un monument, c&rsquo;est quelque chose. J&rsquo;ai vraiment pass\u00e9 un cap en termes de durabilit\u00e9. La difficult\u00e9 de la course m&rsquo;avantage. Je pense que j&rsquo;ai pass\u00e9 un cap l\u00e0-dessus.\u00a0\u00bb<\/p>\n<p class=\"ap-StoryElement ap-StoryElement--mb ap-StoryText\">Li\u00e8ge-Bastogne-Li\u00e8ge a apport\u00e9 une autre confirmation : sa capacit\u00e9 \u00e0 r\u00e9cup\u00e9rer est exceptionnelle. Autant entre les jours de course qu&rsquo;entre deux efforts au plus fort de la bagarre. Sur le Tour du Pays basque, il avait d\u00e9j\u00e0 \u00e9pat\u00e9 par sa capacit\u00e9 \u00e0 conserver sa fra\u00eecheur au fil des \u00e9tapes. Et la semaine ardennaise l&rsquo;a confirm\u00e9, <a href=\"https:\/\/www.dhnet.be\/sports\/cyclisme\/classiques\/2026\/04\/22\/fleche-wallonne-le-phenomene-paul-seixas-en-favori-pour-simposer-au-sommet-du-mur-de-huy-direct-a-14-h-30-7YJUOC2CWRAGFLLDB44EGP27OQ\/\" target=\"_self\" rel=\"nofollow noopener\">avec sa victoire sur la Fl\u00e8che wallonne, mercredi<\/a>, et sa deuxi\u00e8me place sur la Doyenne, dimanche.<\/p>\n<p class=\"ap-StoryElement ap-StoryElement--mb ap-StoryText\">\u00ab\u00a0Le travail effectu\u00e9, notamment au Pays basque, m&rsquo;a permis de progresser. L&rsquo;\u00e9quipe a parfaitement planifi\u00e9 ma saison, et \u00e7a se voit aujourd&rsquo;hui avec ce r\u00e9sultat\u00a0\u00bb, souligne Seixas, qui a admis qu&rsquo;il serait \u00ab\u00a0heureux de revoir Tadej\u00a0\u00bb plus tard dans la saison. Sur le Tour de France ? Rien n&rsquo;est officiel. Mais le Slov\u00e8ne, lui, semble convaincu que le Lyonnais sera l\u00e0. \u00ab\u00a0Je pense qu&rsquo;on le verra sur le Tour. C&rsquo;est un si grand talent, la France peut \u00eatre heureuse de sa course mais vous devez prendre soin de lui\u00a0\u00bb, termine le Slov\u00e8ne, entre crainte et bienveillance. Vivement les revoir se bagarrer.<\/p>\n<p><a href=\"https:\/\/www.dhnet.be\/sports\/cyclisme\/2026\/04\/26\/lavis-de-notre-consultant-johan-museeuw-apres-liege-bastogne-liege-seixas-va-forcement-impacter-le-reste-de-la-carriere-de-remco-2TRQPBYTHFDR3JUU2XFGH5IHU4\/\" target=\"_self\" class=\"ap-StoryInterstitialLink ap-StoryElement ap-StoryElement--mb\" rel=\"nofollow noopener\">L&rsquo;avis de notre consultant Johan Museeuw apr\u00e8s Li\u00e8ge-Bastogne-Li\u00e8ge : \u00ab\u00a0Seixas va forc\u00e9ment impacter le reste de la carri\u00e8re de Remco\u00a0\u00bb<\/a><img loading=\"lazy\" decoding=\"async\" class=\"w-full lazyload lazyload--opacity object-contain\" style=\"aspect-ratio:150 \/ 100;opacity:1\" alt=\"LIEGE, BELGIUM - APRIL 26 : Pogacar Tadej (SLO) of UAE Team Emirates XRG and Seixas Paul (FRA) of Decathlon CMA CGM Team after the race during the 112th edition of Liege Bastogne Liege an UCI World Tour 1.UWT one day cycling road race for Men Elite of 260 km with start in Liege and finish in Liege on April 26, 2026 in Liege, Belgium, 26\/04\/2026 ( Motordriver Guy De Vuyst - Photo by Vincent Kalut \/ Photonews\" width=\"768\" height=\"512\" fetchpriority=\"auto\" src=\"https:\/\/www.europesays.com\/be-fr\/wp-content\/uploads\/2026\/04\/1776327856_212_S5VKD3X55FFF3BW6V4SEHXNP7I.png\"  data- data-optimumx=\"1\"\/><img loading=\"lazy\" decoding=\"async\" src=\"https:\/\/www.europesays.com\/be-fr\/wp-content\/uploads\/2026\/04\/MSB7ZSRRXVDL3ITR4D222NGYQE.JPG\" width=\"768\" height=\"512\" alt=\"LIEGE, BELGIUM - APRIL 26 : Pogacar Tadej (SLO) of UAE Team Emirates XRG and Seixas Paul (FRA) of Decathlon CMA CGM Team after the race during the 112th edition of Liege Bastogne Liege an UCI World Tour 1.UWT one day cycling road race for Men Elite of 260 km with start in Liege and finish in Liege on April 26, 2026 in Liege, Belgium, 26\/04\/2026 ( Motordriver Guy De Vuyst - Photo by Vincent Kalut \/ Photonews\" class=\"absolute inset-0 w-full\"\/>Pogacar vs Seixas, un duel qui devrait revenir souvent \u00e0 l&rsquo;avenir. \u00a9VKA<\/p>\n","protected":false},"excerpt":{"rendered":"Mais au-del\u00e0 de sa performance du jour, Paul Seixas s&rsquo;est surtout affirm\u00e9 comme un s\u00e9rieux rival de Pogi&hellip;\n","protected":false},"author":2,"featured_media":88635,"comment_status":"","ping_status":"","sticky":false,"template":"","format":"standard","meta":{"footnotes":"","_share_on_mastodon":"0"},"categories":[8],"tags":[10,12,13,18,17,7828,15545,26,11,27,7717],"class_list":["post-88634","post","type-post","status-publish","format-standard","has-post-thumbnail","category-actualites","tag-actualites","tag-be","tag-be-fr","tag-belgique","tag-belgium","tag-classiques-ardennaises","tag-fleche-wallonne","tag-liege","tag-news","tag-province-de-liege","tag-tadej-pogacar"],"share_on_mastodon":{"url":"https:\/\/pubeurope.com\/@be_fr\/116478424348478733","error":""},"_links":{"self":[{"href":"https:\/\/www.europesays.com\/be-fr\/wp-json\/wp\/v2\/posts\/88634","targetHints":{"allow":["GET"]}}],"collection":[{"href":"https:\/\/www.europesays.com\/be-fr\/wp-json\/wp\/v2\/posts"}],"about":[{"href":"https:\/\/www.europesays.com\/be-fr\/wp-json\/wp\/v2\/types\/post"}],"author":[{"embeddable":true,"href":"https:\/\/www.europesays.com\/be-fr\/wp-json\/wp\/v2\/users\/2"}],"replies":[{"embeddable":true,"href":"https:\/\/www.europesays.com\/be-fr\/wp-json\/wp\/v2\/comments?post=88634"}],"version-history":[{"count":0,"href":"https:\/\/www.europesays.com\/be-fr\/wp-json\/wp\/v2\/posts\/88634\/revisions"}],"wp:featuredmedia":[{"embeddable":true,"href":"https:\/\/www.europesays.com\/be-fr\/wp-json\/wp\/v2\/media\/88635"}],"wp:attachment":[{"href":"https:\/\/www.europesays.com\/be-fr\/wp-json\/wp\/v2\/media?parent=88634"}],"wp:term":[{"taxonomy":"category","embeddable":true,"href":"https:\/\/www.europesays.com\/be-fr\/wp-json\/wp\/v2\/categories?post=88634"},{"taxonomy":"post_tag","embeddable":true,"href":"https:\/\/www.europesays.com\/be-fr\/wp-json\/wp\/v2\/tags?post=88634"}],"curies":[{"name":"wp","href":"https:\/\/api.w.org\/{rel}","templated":true}]}}