{"id":91966,"date":"2026-04-30T18:32:12","date_gmt":"2026-04-30T18:32:12","guid":{"rendered":"https:\/\/www.europesays.com\/be-fr\/91966\/"},"modified":"2026-04-30T18:32:12","modified_gmt":"2026-04-30T18:32:12","slug":"six-oies-agressives-capturees-a-vielsalm-des-personnes-sont-tombees-apres-avoir-ete-chargees","status":"publish","type":"post","link":"https:\/\/www.europesays.com\/be-fr\/91966\/","title":{"rendered":"Six oies agressives captur\u00e9es \u00e0 Vielsalm\u00a0: \u00ab\u00a0Des personnes sont tomb\u00e9es apr\u00e8s avoir \u00e9t\u00e9 charg\u00e9es\u00a0\u00bb"},"content":{"rendered":"<p>Les oies seront conduites chez un priv\u00e9<\/p>\n<p class=\"ap-StoryElement ap-StoryElement--mb ap-StoryText\">L&rsquo;ann\u00e9e derni\u00e8re, ces oies avaient d\u00e9j\u00e0 montr\u00e9 leur agressivit\u00e9 avant que tout ne rentre dans l&rsquo;ordre. Pourquoi une telle agressivit\u00e9 ? \u00ab\u00a0Nous avons interrog\u00e9 des sp\u00e9cialistes mais nous n&rsquo;avons pas eu de r\u00e9ponses. Ce sont des oies domestiques et il y en a plusieurs ici autour du lac. Seules six posent probl\u00e8me. Nous avons aussi des bernaches et des oies du Canada, qui, elles, ont peur des humains\u00a0\u00bb, commente Marc Jeusette. <\/p>\n<p class=\"ap-StoryElement ap-StoryElement--mb ap-StoryText\">Anne Klein, elle, n&rsquo;a pas m\u00e9nag\u00e9 ses efforts pour trouver un endroit pour (re) loger ces oies. Elle ne compte plus les coups de fil donn\u00e9 avant qu&rsquo;une solution ne se profile. \u00ab\u00a0Les oies seront conduites chez un priv\u00e9. Il poss\u00e8de un grand parc et un \u00e9tang. Elles y trouveront refuge\u00a0\u00bb, explique-t-elle.<\/p>\n<p>Une intervention sans accroc<\/p>\n<p class=\"ap-StoryElement ap-StoryElement--mb ap-StoryText\">Encore fallait-il capturer les animaux. L&rsquo;op\u00e9ration s&rsquo;est tenue ce jeudi matin. \u00c0 la man\u0153uvre, l&rsquo;\u00e9quipe de \u00ab\u00a0Rescue Squad Belgium,\u00a0\u00bb venue de Waimes.<\/p>\n<p class=\"ap-StoryElement ap-StoryElement--mb ap-StoryText\">\u00ab\u00a0Ce n&rsquo;est pas la premi\u00e8re fois qu&rsquo;elle intervient dans notre commune\u00a0\u00bb, constate Anne Klein. L&rsquo;\u00e9quipe se met rapidement en ordre de marche. Briefing. Chacun a sa mission. Les deux groupes d&rsquo;oies vont \u00eatre pris en tenailles avant d&rsquo;\u00eatre conduites vers leur nouvelle destination. \u00c7a, c&rsquo;est la th\u00e9orie. Les trois premi\u00e8res oies sentent le coup arriver et prennent directement la poudre d&rsquo;escampette en rejoignant le lac, \u00e0 force de cris. Elles donneront du fil \u00e0 retordre aux b\u00e9n\u00e9voles de \u00ab\u00a0Rescue Squad Belgium.\u00a0\u00bb Ils devront m\u00eame se mouiller, au sens propre, pour rabattre les animaux.<\/p>\n<p class=\"ap-StoryElement ap-StoryElement--mb ap-StoryText\">Les trois autres, elles, sont plus rapidement captur\u00e9es. L&rsquo;op\u00e9ration s&rsquo;est d\u00e9roul\u00e9e sans accroc. Notons que les autres animaux, qui ne posaient aucun souci pour les promeneurs, cyclistes et autres joggeurs sont toujours bien pr\u00e9sents dans leur biotope salmien, sur les bords du lac.<\/p>\n<p>\u00ab\u00a0Rescue Squad Belgium\u00a0\u00bb une aide pr\u00e9cieuse<\/p>\n<p class=\"ap-StoryElement ap-StoryElement--mb ap-StoryText\">La commune de Vielsalm a pu compter, une fois de plus, sur l&rsquo;aide des b\u00e9n\u00e9voles de \u00ab\u00a0Rescue Squad Belgium.\u00a0\u00bb Timoth\u00e9e Kaye et C\u00e9dric Loven ont fond\u00e9 l&rsquo;association suite aux inondations de 2021. Lors de ces derni\u00e8res, ils sont intervenus dans de nombreuses habitations pour secourir des animaux de compagnie. Depuis, ils sont r\u00e9guli\u00e8rement appel\u00e9s par des autorit\u00e9s locales, la police, pour intervenir que ce soit en hauteur, dans des milieux aquatiques ou encore pour des animaux accident\u00e9s. L&rsquo;id\u00e9e est de les secourir et de les orienter vers les endroits les plus adapt\u00e9s, comme les Creaves par exemple. Ind\u00e9pendants, les deux fondateurs investissent continuellement dans l&rsquo;ASBL au point de vendre un v\u00e9hicule personnel pour acheter une camionnette adapt\u00e9e \u00e0 leurs missions. Actuellement, l&rsquo;ASBL peut compter sur une quinzaine de b\u00e9n\u00e9voles. Elle vient de lancer une campagne de collecte de fonds pour financer ses missions.<\/p>\n","protected":false},"excerpt":{"rendered":"Les oies seront conduites chez un priv\u00e9 L&rsquo;ann\u00e9e derni\u00e8re, ces oies avaient d\u00e9j\u00e0 montr\u00e9 leur agressivit\u00e9 avant que&hellip;\n","protected":false},"author":2,"featured_media":91967,"comment_status":"","ping_status":"","sticky":false,"template":"","format":"standard","meta":{"footnotes":"","_share_on_mastodon":"0"},"categories":[2],"tags":[12,13,18,17,23961],"class_list":["post-91966","post","type-post","status-publish","format-standard","has-post-thumbnail","category-belgique","tag-be","tag-be-fr","tag-belgique","tag-belgium","tag-vielsalm"],"share_on_mastodon":{"url":"https:\/\/pubeurope.com\/@be_fr\/116495092837694234","error":""},"_links":{"self":[{"href":"https:\/\/www.europesays.com\/be-fr\/wp-json\/wp\/v2\/posts\/91966","targetHints":{"allow":["GET"]}}],"collection":[{"href":"https:\/\/www.europesays.com\/be-fr\/wp-json\/wp\/v2\/posts"}],"about":[{"href":"https:\/\/www.europesays.com\/be-fr\/wp-json\/wp\/v2\/types\/post"}],"author":[{"embeddable":true,"href":"https:\/\/www.europesays.com\/be-fr\/wp-json\/wp\/v2\/users\/2"}],"replies":[{"embeddable":true,"href":"https:\/\/www.europesays.com\/be-fr\/wp-json\/wp\/v2\/comments?post=91966"}],"version-history":[{"count":0,"href":"https:\/\/www.europesays.com\/be-fr\/wp-json\/wp\/v2\/posts\/91966\/revisions"}],"wp:featuredmedia":[{"embeddable":true,"href":"https:\/\/www.europesays.com\/be-fr\/wp-json\/wp\/v2\/media\/91967"}],"wp:attachment":[{"href":"https:\/\/www.europesays.com\/be-fr\/wp-json\/wp\/v2\/media?parent=91966"}],"wp:term":[{"taxonomy":"category","embeddable":true,"href":"https:\/\/www.europesays.com\/be-fr\/wp-json\/wp\/v2\/categories?post=91966"},{"taxonomy":"post_tag","embeddable":true,"href":"https:\/\/www.europesays.com\/be-fr\/wp-json\/wp\/v2\/tags?post=91966"}],"curies":[{"name":"wp","href":"https:\/\/api.w.org\/{rel}","templated":true}]}}