{"id":94531,"date":"2026-05-03T10:40:12","date_gmt":"2026-05-03T10:40:12","guid":{"rendered":"https:\/\/www.europesays.com\/be-fr\/94531\/"},"modified":"2026-05-03T10:40:12","modified_gmt":"2026-05-03T10:40:12","slug":"audiovisuel-public-un-livre-choc-qui-sortira-le-6-mai-revient-sur-le-rapport-de-charles-alloncle-et-denonce-un-scandale-politique-et-un-jeu-democratique-vicie","status":"publish","type":"post","link":"https:\/\/www.europesays.com\/be-fr\/94531\/","title":{"rendered":"Audiovisuel public : Un livre choc qui sortira le 6 mai, revient sur le rapport de Charles Alloncle et d\u00e9nonce un \u201cscandale politique et un jeu d\u00e9mocratique vici\u00e9\u201d"},"content":{"rendered":"<p>C\u2019est un ouvrage qui pourrait relancer un d\u00e9bat explosif. Dans Les Intouchables de l\u2019audiovisuel public, \u00e0 para\u00eetre le 6 mai aux \u00e9ditions de l\u2019Artilleur, les journalistes Michel Goldstein et Eric Morillot publient une enqu\u00eate approfondie sur le fonctionnement des m\u00e9dias publics fran\u00e7ais.<\/p>\n<p>S\u2019appuyant sur les conclusions de la r\u00e9cente commission d\u2019enqu\u00eate parlementaire, les deux auteurs affirment toutefois aller bien au-del\u00e0 du rapport officiel. Documents in\u00e9dits, t\u00e9moignages, \u00e9l\u00e9ments issus d\u2019entretiens : leur livre entend r\u00e9v\u00e9ler les coulisses d\u2019un syst\u00e8me qu\u2019ils jugent profond\u00e9ment verrouill\u00e9.<\/p>\n<p>Selon eux, le probl\u00e8me ne se limite pas \u00e0 des dysfonctionnements ou \u00e0 une mauvaise gestion. Ils \u00e9voquent un v\u00e9ritable \u201cscandale politique\u201d, d\u00e9non\u00e7ant une forme de privatisation id\u00e9ologique de l\u2019audiovisuel public, pourtant financ\u00e9 par l\u2019argent des contribuables.<\/p>\n<p>Plus encore, les auteurs estiment que l\u2019absence de neutralit\u00e9 id\u00e9ologique de ces m\u00e9dias contribuerait \u00e0 \u201cvicier le jeu d\u00e9mocratique\u201d, en influen\u00e7ant le d\u00e9bat public et la formation de l\u2019opinion. L\u2019ouvrage d\u00e9crit \u00e9galement l\u2019existence d\u2019un entre-soi au sommet, une \u201ccaste\u201d issue des m\u00eames r\u00e9seaux et des m\u00eames formations, partageant une vision du monde commune.<\/p>\n<p>Une situation qui, selon eux, pose directement la question de la neutralit\u00e9 de structures comme France T\u00e9l\u00e9visions ou Radio France.<\/p>\n<p>Pr\u00e9sent\u00e9 comme une enqu\u00eate \u00e9tay\u00e9e et document\u00e9e, le livre promet de lever le voile sur ce qui se joue r\u00e9ellement derri\u00e8re les \u00e9crans. De quoi alimenter les critiques et relancer les interrogations sur le r\u00f4le et le fonctionnement de l\u2019audiovisuel public en France.<\/p>\n<p><img loading=\"lazy\" decoding=\"async\" src=\"https:\/\/www.europesays.com\/be-fr\/wp-content\/uploads\/2026\/05\/9782810013425.jpg\" width=\"840\" height=\"1200\"\/><\/p>\n","protected":false},"excerpt":{"rendered":"C\u2019est un ouvrage qui pourrait relancer un d\u00e9bat explosif. Dans Les Intouchables de l\u2019audiovisuel public, \u00e0 para\u00eetre le&hellip;\n","protected":false},"author":2,"featured_media":94532,"comment_status":"","ping_status":"","sticky":false,"template":"","format":"standard","meta":{"footnotes":"","_share_on_mastodon":"0"},"categories":[99],"tags":[1344,12,13,18,17,10009,96,95,329,112],"class_list":["post-94531","post","type-post","status-publish","format-standard","has-post-thumbnail","category-television","tag-audiovisuel-public","tag-be","tag-be-fr","tag-belgique","tag-belgium","tag-charles-alloncle","tag-divertissement","tag-entertainment","tag-livre","tag-television"],"share_on_mastodon":{"url":"https:\/\/pubeurope.com\/@be_fr\/116510223670484510","error":""},"_links":{"self":[{"href":"https:\/\/www.europesays.com\/be-fr\/wp-json\/wp\/v2\/posts\/94531","targetHints":{"allow":["GET"]}}],"collection":[{"href":"https:\/\/www.europesays.com\/be-fr\/wp-json\/wp\/v2\/posts"}],"about":[{"href":"https:\/\/www.europesays.com\/be-fr\/wp-json\/wp\/v2\/types\/post"}],"author":[{"embeddable":true,"href":"https:\/\/www.europesays.com\/be-fr\/wp-json\/wp\/v2\/users\/2"}],"replies":[{"embeddable":true,"href":"https:\/\/www.europesays.com\/be-fr\/wp-json\/wp\/v2\/comments?post=94531"}],"version-history":[{"count":0,"href":"https:\/\/www.europesays.com\/be-fr\/wp-json\/wp\/v2\/posts\/94531\/revisions"}],"wp:featuredmedia":[{"embeddable":true,"href":"https:\/\/www.europesays.com\/be-fr\/wp-json\/wp\/v2\/media\/94532"}],"wp:attachment":[{"href":"https:\/\/www.europesays.com\/be-fr\/wp-json\/wp\/v2\/media?parent=94531"}],"wp:term":[{"taxonomy":"category","embeddable":true,"href":"https:\/\/www.europesays.com\/be-fr\/wp-json\/wp\/v2\/categories?post=94531"},{"taxonomy":"post_tag","embeddable":true,"href":"https:\/\/www.europesays.com\/be-fr\/wp-json\/wp\/v2\/tags?post=94531"}],"curies":[{"name":"wp","href":"https:\/\/api.w.org\/{rel}","templated":true}]}}