{"id":95459,"date":"2026-05-04T07:36:15","date_gmt":"2026-05-04T07:36:15","guid":{"rendered":"https:\/\/www.europesays.com\/be-fr\/95459\/"},"modified":"2026-05-04T07:36:15","modified_gmt":"2026-05-04T07:36:15","slug":"grossesse-ce-marqueur-dans-le-sang-des-meres-pourrait-predire-le-risque-dasthme-chez-lenfant-selon-une-etude","status":"publish","type":"post","link":"https:\/\/www.europesays.com\/be-fr\/95459\/","title":{"rendered":"Grossesse : ce marqueur dans le sang des m\u00e8res pourrait pr\u00e9dire le risque d&rsquo;asthme chez l&rsquo;enfant, selon une \u00e9tude"},"content":{"rendered":"<p class=\"mb-4 text-lg md:leading-8 break-words\">Et si une partie du risque d\u2019asthme se jouait avant m\u00eame la naissance ? C\u2019est ce que sugg\u00e8re une \u00e9tude publi\u00e9e dans la revue scientifique Cell, men\u00e9e aupr\u00e8s de plusieurs centaines de m\u00e8res et de leurs enfants. Les chercheurs se sont int\u00e9ress\u00e9s \u00e0 une mol\u00e9cule appel\u00e9e 12-HETE, pr\u00e9sente dans le sang pendant la grossesse. Leur constat est frappant : lorsque cette mol\u00e9cule est absente ou ind\u00e9tectable chez la future m\u00e8re, le risque d\u2019asthme chez l\u2019enfant augmente significativement.<\/p>\n<p>Un risque d\u2019asthme plus \u00e9lev\u00e9 d\u00e8s la petite enfance<\/p>\n<p class=\"mb-4 text-lg md:leading-8 break-words\">Concr\u00e8tement, les r\u00e9sultats montrent que les enfants n\u00e9s de m\u00e8res ayant des niveaux tr\u00e8s faibles de 12-HETE pr\u00e9sentent un risque d\u2019asthme jusqu\u2019\u00e0 62 % plus \u00e9lev\u00e9 au cours de l\u2019enfance. Mais ce n\u2019est pas tout. Ces enfants semblent aussi plus expos\u00e9s aux infections respiratoires pr\u00e9coces, comme les rhumes r\u00e9p\u00e9t\u00e9s dans les premi\u00e8res ann\u00e9es de vie. Pourquoi ? Les scientifiques avancent une piste : cette mol\u00e9cule jouerait un r\u00f4le cl\u00e9 dans le d\u00e9veloppement du syst\u00e8me immunitaire du b\u00e9b\u00e9, notamment au niveau des poumons.<\/p>\n<p>Le microbiote et l\u2019immunit\u00e9 du b\u00e9b\u00e9 en jeu<\/p>\n<p class=\"mb-4 text-lg md:leading-8 break-words\">L\u2019\u00e9tude montre \u00e9galement que le niveau de 12-HETE pendant la grossesse influence :<\/p>\n<p class=\"mb-4 text-lg md:leading-8 break-words\">la composition du microbiote des voies respiratoires du nourrisson<\/p>\n<p class=\"mb-4 text-lg md:leading-8 break-words\">et son profil immunitaire d\u00e8s les premiers mois<\/p>\n<p class=\"mb-4 text-lg md:leading-8 break-words\">Or, ces deux \u00e9l\u00e9ments sont&#8230;<\/p>\n<p class=\"mb-4 text-lg md:leading-8 break-words\"><a data-yga=\"{\" ylinkelement=\"\" href=\"https:\/\/www.parents.fr\/actualites\/grossesse\/grossesse-ce-marqueur-dans-le-sang-des-meres-pourrait-predire-le-risque-dasthme-chez-lenfant-selon-une-etude-1151706#at_medium=affiliate&amp;at_campaign=flux_rss&amp;at_type=Yahoo\" rel=\"nofollow noopener\" target=\"_blank\" data-ylk=\"elm:link;elmt:article_link;slk:Lire la suite;itc:0;sec:content-canvas\" class=\"link \">Lire la suite<\/a><\/p>\n","protected":false},"excerpt":{"rendered":"Et si une partie du risque d\u2019asthme se jouait avant m\u00eame la naissance ? C\u2019est ce que sugg\u00e8re&hellip;\n","protected":false},"author":2,"featured_media":95460,"comment_status":"","ping_status":"","sticky":false,"template":"","format":"standard","meta":{"footnotes":"","_share_on_mastodon":"0"},"categories":[82],"tags":[12,13,18,17,86,25719,36521,87],"class_list":["post-95459","post","type-post","status-publish","format-standard","has-post-thumbnail","category-sante","tag-be","tag-be-fr","tag-belgique","tag-belgium","tag-health","tag-meres","tag-revue-scientifique","tag-sante"],"share_on_mastodon":{"url":"https:\/\/pubeurope.com\/@be_fr\/116515162460551614","error":""},"_links":{"self":[{"href":"https:\/\/www.europesays.com\/be-fr\/wp-json\/wp\/v2\/posts\/95459","targetHints":{"allow":["GET"]}}],"collection":[{"href":"https:\/\/www.europesays.com\/be-fr\/wp-json\/wp\/v2\/posts"}],"about":[{"href":"https:\/\/www.europesays.com\/be-fr\/wp-json\/wp\/v2\/types\/post"}],"author":[{"embeddable":true,"href":"https:\/\/www.europesays.com\/be-fr\/wp-json\/wp\/v2\/users\/2"}],"replies":[{"embeddable":true,"href":"https:\/\/www.europesays.com\/be-fr\/wp-json\/wp\/v2\/comments?post=95459"}],"version-history":[{"count":0,"href":"https:\/\/www.europesays.com\/be-fr\/wp-json\/wp\/v2\/posts\/95459\/revisions"}],"wp:featuredmedia":[{"embeddable":true,"href":"https:\/\/www.europesays.com\/be-fr\/wp-json\/wp\/v2\/media\/95460"}],"wp:attachment":[{"href":"https:\/\/www.europesays.com\/be-fr\/wp-json\/wp\/v2\/media?parent=95459"}],"wp:term":[{"taxonomy":"category","embeddable":true,"href":"https:\/\/www.europesays.com\/be-fr\/wp-json\/wp\/v2\/categories?post=95459"},{"taxonomy":"post_tag","embeddable":true,"href":"https:\/\/www.europesays.com\/be-fr\/wp-json\/wp\/v2\/tags?post=95459"}],"curies":[{"name":"wp","href":"https:\/\/api.w.org\/{rel}","templated":true}]}}