{"id":96823,"date":"2026-05-05T10:27:12","date_gmt":"2026-05-05T10:27:12","guid":{"rendered":"https:\/\/www.europesays.com\/be-fr\/96823\/"},"modified":"2026-05-05T10:27:12","modified_gmt":"2026-05-05T10:27:12","slug":"colere-de-delphine-ernotte-ce-matin-apres-la-publication-du-rapport-de-charles-alloncle-approximations-et-des-contre-verites-il-propose-le-plus-grand-plan-social-de-lhistoire-culturelle-francais","status":"publish","type":"post","link":"https:\/\/www.europesays.com\/be-fr\/96823\/","title":{"rendered":"Col\u00e8re de Delphine Ernotte ce matin apr\u00e8s la publication du rapport de Charles Alloncle : \u00ab\u00a0Approximations et des contre-v\u00e9rit\u00e9s ! Il propose le plus grand plan social de l&rsquo;histoire culturelle fran\u00e7aise\u00a0\u00bb"},"content":{"rendered":"<p>La pr\u00e9sidente de France T\u00e9l\u00e9visions, Delphine Ernotte Cunci, d\u00e9nonc\u00e9 ce matin sur X le rapport du d\u00e9put\u00e9 UDR Charles Alloncle sur l&rsquo;audiovisuel public, \u00ab\u00a0\u00e0 charge\u00a0\u00bb et visant un \u00ab\u00a0affaiblissement historique\u00a0\u00bb, selon elle. Dans ce rapport de la commission d&rsquo;enqu\u00eate sur l&rsquo;audiovisuel public publi\u00e9 mardi, Charles Alloncle sugg\u00e8re de r\u00e9duire drastiquement le p\u00e9rim\u00e8tre de France T\u00e9l\u00e9visions, pour participer \u00e0 un effort de plus d&rsquo;un milliard d&rsquo;euros d&rsquo;\u00e9conomies dans le secteur.<\/p>\n<p>Six mois de travaux, \u00ab\u00a0tout \u00e7a pour en arriver l\u00e0 ? Pour en arriver \u00e0 un rapport \u00e0 charge, construit sur des insinuations, des approximations et des contre-v\u00e9rit\u00e9s ?\u00a0\u00bb, interroge dans une r\u00e9action publi\u00e9e sur X la patronne de France T\u00e9l\u00e9, qui a \u00e9t\u00e9 auditionn\u00e9e deux fois par la commission. \u00ab\u00a0Pour en arriver \u00e0 un texte qui pr\u00e9tend renforcer l&rsquo;audiovisuel public tout en proposant, en r\u00e9alit\u00e9, son affaiblissement historique ?\u00a0\u00bb, ajoute-t-elle.<\/p>\n<p>Charles Alloncle pr\u00f4ne notamment la fusion de France 2 et France 5, ainsi que celle de franceinfo et France 24. Il veut r\u00e9duire de trois quarts le budget des jeux t\u00e9l\u00e9vis\u00e9s, et d&rsquo;un tiers le budget des sports du groupe public.<\/p>\n<p>Selon Delphine Ernotte Cunci, \u00ab\u00a0en r\u00e9duisant le divertissement, il porte une vision \u00e9litiste, \u00e9loign\u00e9e des familles, des publics les plus populaires\u00a0\u00bb. Et \u00ab\u00a0il rendra payant l&rsquo;acc\u00e8s au sport pour ceux qui n&rsquo;ont pas les moyens de payer\u00a0\u00bb.<\/p>\n<p>\u00ab\u00a0En r\u00e9alit\u00e9, le rapport \u00e9lude les vrais enjeux d&rsquo;avenir: la d\u00e9sinformation, la concurrence des grandes plateformes internationales, la p\u00e9rennit\u00e9 de la cr\u00e9ation fran\u00e7aise et europ\u00e9enne\u00a0\u00bb, rel\u00e8ve-t-elle.<\/p>\n<p>\u00ab\u00a0Ce que propose ce rapport, c&rsquo;est le plus grand plan social de l&rsquo;histoire culturelle fran\u00e7aise\u00a0\u00bb, critique encore la dirigeante. \u00ab\u00a0Cela ne signifie pas que rien ne doit changer\u00a0\u00bb et \u00ab\u00a0France T\u00e9l\u00e9visions continuera d&rsquo;\u00e9voluer\u00a0\u00bb, s&rsquo;engage-t-elle. Ainsi \u00ab\u00a0tout ce qui est r\u00e9alisable, utile, source d&rsquo;\u00e9conomies et coh\u00e9rent avec nos missions sera mis en place\u00a0\u00bb.<\/p>\n<p>Delphine Ernotte Cunci, qui pointe en outre des \u00ab\u00a0attaques personnelles\u00a0\u00bb et des \u00ab\u00a0proc\u00e8s d&rsquo;intention\u00a0\u00bb de la part de Charles Alloncle, promet de r\u00e9pondre \u00ab\u00a0sur tous les points de ce rapport\u00a0\u00bb.\u00a0<\/p>\n<p lang=\"fr\" dir=\"ltr\">Une vision de la t\u00e9l\u00e9vision publique \u00e9litiste, \u00e9loign\u00e9e des familles et des publics les plus populaires.<\/p>\n<p>Ma r\u00e9action au rapport sur l\u2019audiovisuel public \u2935\ufe0f <a href=\"https:\/\/t.co\/1SLhi1Wplj\" rel=\"nofollow\">pic.twitter.com\/1SLhi1Wplj<\/a><\/p>\n<p>\u2014 Delphine Ernotte Cunci (@DelphineErnotte) <a href=\"https:\/\/twitter.com\/DelphineErnotte\/status\/2051542123929903380?ref_src=twsrc%5Etfw\" rel=\"nofollow noopener\" target=\"_blank\">May 5, 2026<\/a><\/p>\n<p>          <script async src=\"https:\/\/platform.twitter.com\/widgets.js\" charset=\"utf-8\"><\/script><\/p>\n","protected":false},"excerpt":{"rendered":"La pr\u00e9sidente de France T\u00e9l\u00e9visions, Delphine Ernotte Cunci, d\u00e9nonc\u00e9 ce matin sur X le rapport du d\u00e9put\u00e9 UDR&hellip;\n","protected":false},"author":2,"featured_media":96824,"comment_status":"","ping_status":"","sticky":false,"template":"","format":"standard","meta":{"footnotes":"","_share_on_mastodon":"0"},"categories":[102],"tags":[12,13,18,17,129,128,10009,3611,96,95,109],"class_list":["post-96823","post","type-post","status-publish","format-standard","has-post-thumbnail","category-people","tag-be","tag-be-fr","tag-belgique","tag-belgium","tag-celebrities","tag-celebrity","tag-charles-alloncle","tag-delphine-ernotte","tag-divertissement","tag-entertainment","tag-people"],"share_on_mastodon":{"url":"https:\/\/pubeurope.com\/@be_fr\/116521497045748012","error":""},"_links":{"self":[{"href":"https:\/\/www.europesays.com\/be-fr\/wp-json\/wp\/v2\/posts\/96823","targetHints":{"allow":["GET"]}}],"collection":[{"href":"https:\/\/www.europesays.com\/be-fr\/wp-json\/wp\/v2\/posts"}],"about":[{"href":"https:\/\/www.europesays.com\/be-fr\/wp-json\/wp\/v2\/types\/post"}],"author":[{"embeddable":true,"href":"https:\/\/www.europesays.com\/be-fr\/wp-json\/wp\/v2\/users\/2"}],"replies":[{"embeddable":true,"href":"https:\/\/www.europesays.com\/be-fr\/wp-json\/wp\/v2\/comments?post=96823"}],"version-history":[{"count":0,"href":"https:\/\/www.europesays.com\/be-fr\/wp-json\/wp\/v2\/posts\/96823\/revisions"}],"wp:featuredmedia":[{"embeddable":true,"href":"https:\/\/www.europesays.com\/be-fr\/wp-json\/wp\/v2\/media\/96824"}],"wp:attachment":[{"href":"https:\/\/www.europesays.com\/be-fr\/wp-json\/wp\/v2\/media?parent=96823"}],"wp:term":[{"taxonomy":"category","embeddable":true,"href":"https:\/\/www.europesays.com\/be-fr\/wp-json\/wp\/v2\/categories?post=96823"},{"taxonomy":"post_tag","embeddable":true,"href":"https:\/\/www.europesays.com\/be-fr\/wp-json\/wp\/v2\/tags?post=96823"}],"curies":[{"name":"wp","href":"https:\/\/api.w.org\/{rel}","templated":true}]}}