{"id":99156,"date":"2026-05-07T10:59:16","date_gmt":"2026-05-07T10:59:16","guid":{"rendered":"https:\/\/www.europesays.com\/be-fr\/99156\/"},"modified":"2026-05-07T10:59:16","modified_gmt":"2026-05-07T10:59:16","slug":"reem-kherici-brise-le-tabou-de-la-sexualite-feminine-dans-son-dernier-film-japprehendais-enormement-jai-refuse-le-projet-au-debut","status":"publish","type":"post","link":"https:\/\/www.europesays.com\/be-fr\/99156\/","title":{"rendered":"Reem Kherici brise le tabou de la sexualit\u00e9 f\u00e9minine dans son dernier film\u00a0: \u00ab\u00a0J&rsquo;appr\u00e9hendais \u00e9norm\u00e9ment, j&rsquo;ai refus\u00e9 le projet au d\u00e9but\u00a0\u00bb"},"content":{"rendered":"<p class=\"ap-StoryElement ap-StoryElement--mb ap-StoryText\">Comment le sujet du plaisir f\u00e9minin vous est-il venu pour ce nouveau film ?<\/p>\n<p class=\"ap-StoryElement ap-StoryElement--mb ap-StoryText\">\u00ab\u00a0L&rsquo;id\u00e9e ne vient pas de moi mais des deux auteurs Gary Kiko\u00efne et David Solal. Ils sont tomb\u00e9s sur un reportage des cr\u00e9ateurs du Womanizer et ont trouv\u00e9 \u00e7a dingue qu&rsquo;un couple ait r\u00e9ussi \u00e0 r\u00e9volutionner le plaisir f\u00e9minin. Pour tout vous dire, quand on m&rsquo;a propos\u00e9 le projet, j&rsquo;ai d&rsquo;abord dit non. Je me suis dit : &lsquo;Je ne vais pas raconter l&rsquo;histoire de la cr\u00e9ation d&rsquo;un vibromasseur&rsquo;. Cela ne m&rsquo;int\u00e9ressait pas. Mais ce qui a fini par attirer mon attention, c&rsquo;est que 30 % de femmes n&rsquo;avaient jamais connu l&rsquo;orgasme. L&rsquo;id\u00e9e \u00e9tait d&rsquo;aller chercher la raison pour laquelle elles n&rsquo;y parviennent pas. Ou du moins, pourquoi elles s&rsquo;interdisent peut-\u00eatre de l&rsquo;atteindre de mani\u00e8re compl\u00e8tement inconsciente, \u00e0 travers la culpabilit\u00e9. Il y a \u00e9norm\u00e9ment de com\u00e9die dans le film, mais j&rsquo;avais besoin d&rsquo;avoir un vrai fond, un prisme plus psychologique sur lequel les femmes pouvaient s&rsquo;identifier.\u00a0\u00bb<\/p>\n<p><a href=\"https:\/\/www.parismatch.be\/culture\/cinema\/2026\/05\/06\/francois-cluzet-a-la-conquete-du-plaisir-feminin-dans-une-nouvelle-comedie-qui-fait-du-bien-la-chance-de-ma-vie-cest-davoir-ete-doue-comme-acteur-O22QNA3M5NCK3NQWZW3W4RVYP4\/\" target=\"_self\" class=\"ap-StoryInterstitialLink ap-StoryElement ap-StoryElement--mb\" rel=\"nofollow noopener\">Fran\u00e7ois Cluzet \u00e0 la conqu\u00eate du plaisir f\u00e9minin dans une com\u00e9die qui fait du bien : \u00ab\u00a0Je suis tr\u00e8s gentil, mais il ne faut pas m&#8217;emp\u00eacher de jouer\u00a0\u00bb<\/a><\/p>\n<p class=\"ap-StoryElement ap-StoryElement--mb ap-StoryText\">Le film parvient \u00e0 mettre en lumi\u00e8re les femmes, sans \u00eatre pour autant militant.<\/p>\n<p class=\"ap-StoryElement ap-StoryElement--mb ap-StoryText\">\u00ab\u00a0Absolument, parce que ce n&rsquo;est pas ma nature d&rsquo;\u00eatre militante. Je remercie infiniment les militantes, parce qu&rsquo;elles ont beaucoup de courage. Moi ma force, si je devais en avoir une, ce serait justement d&rsquo;utiliser mon art pour aborder des sujets mais de mani\u00e8re plus accessible en divisant moins. D&rsquo;ailleurs, le futur projet que j&rsquo;ai actuellement en t\u00eate, s&rsquo;il se concr\u00e9tise, sera encore une com\u00e9die qui met \u00e0 l&rsquo;honneur les femmes.\u00a0\u00bb<\/p>\n<p class=\"ap-StoryQuote-text\">\u00ab\u00a0Comment montrer qu&rsquo;une femme atteint l&rsquo;orgasme, sans montrer d&rsquo;actes sexuels ?\u00a0\u00bb<\/p>\n<p class=\"ap-StoryElement ap-StoryElement--mb ap-StoryText\">Est-ce que vous n&rsquo;aviez pas peur de vous attaquer \u00e0 un sujet trop sensible ?<\/p>\n<p class=\"ap-StoryElement ap-StoryElement--mb ap-StoryText\">\u00ab\u00a0C&rsquo;est la raison pour laquelle j&rsquo;ai refus\u00e9 au d\u00e9but. J&rsquo;appr\u00e9hendais \u00e9norm\u00e9ment. L&rsquo;\u00e9l\u00e9gance, la pudeur et la finesse \u00e9taient obligatoires, sinon je n&rsquo;aurais pas pu assumer. Je ne voulais pas qu&rsquo;il y ait de nudit\u00e9 ou de sc\u00e8nes trash, tout \u00e7a ne m&rsquo;int\u00e9resse pas. Ce n&rsquo;est pas comme cela que l&rsquo;on fait avancer les choses. Cela a \u00e9t\u00e9 un d\u00e9fi de cr\u00e9ativit\u00e9 et c&rsquo;\u00e9tait super jouissif de devoir montrer des choses sans vraiment les montrer. Comment montrer qu&rsquo;une femme atteint l&rsquo;orgasme, sans montrer d&rsquo;actes sexuels ou de femme haletante ? Je pense que c&rsquo;est rendre hommage aux femmes de garder une certaine pudeur, une certaine \u00e9l\u00e9gance. Nous sommes toutes belles, \u00e9l\u00e9gantes et jolies, donc j&rsquo;avais envie d&rsquo;un film \u00e0 notre image.\u00a0\u00bb<\/p>\n<p class=\"ap-StoryElement ap-StoryElement--mb ap-StoryText\">Comprenez-vous que la sexualit\u00e9 soit encore tabou aujourd&rsquo;hui ?<\/p>\n<p class=\"ap-StoryElement ap-StoryElement--mb ap-StoryText\">\u00ab\u00a0Bien s\u00fbr, c&rsquo;est tabou pour moi. \u00c9videmment entre deux copines on en discute librement, mais en discuter de mani\u00e8re plus frontale, dans un film ou une interview, cela reste quelque chose qui me met mal \u00e0 l&rsquo;aise. Je fais attention et p\u00e8se mes mots, mais je m&rsquo;efforce de me dire que c&rsquo;est important et que cela fait avancer les choses. Si je peux apporter ma pierre \u00e0 l&rsquo;\u00e9difice, un peu de douceur et de dr\u00f4lerie, alors c&rsquo;est chouette.\u00a0\u00bb<\/p>\n<p class=\"ap-StoryElement ap-StoryElement--mb ap-StoryText\">Connaissiez-vous le Womanizer ?<\/p>\n<p class=\"ap-StoryElement ap-StoryElement--mb ap-StoryText\">\u00ab\u00a0Non, je ne suis pas une adepte de ce genre de jouet. Je suis plus quelqu&rsquo;un qui va travailler sur l&rsquo;introspection. \u00c9videmment, je vis avec l&rsquo;air de mon temps, mais je ne suis pas une collectionneuse.\u00a0\u00bb<\/p>\n<p><img loading=\"lazy\" decoding=\"async\" class=\"w-full lazyload lazyload--opacity object-contain\" style=\"aspect-ratio:150 \/ 100;opacity:1\" alt=\"Alexandra Lamy, Francois Cluzet, Reem Kherici \u00e0 la premi\u00e8re du film Pour Le Plaisir.\" width=\"768\" height=\"512\" fetchpriority=\"auto\" src=\"https:\/\/www.europesays.com\/be-fr\/wp-content\/uploads\/2026\/04\/1775971990_947_S5VKD3X55FFF3BW6V4SEHXNP7I.png\"  data- data-optimumx=\"1\"\/><img loading=\"lazy\" decoding=\"async\" src=\"https:\/\/www.europesays.com\/be-fr\/wp-content\/uploads\/2026\/05\/VHRQ67T3DZBGVGEMKLRTO2ZO6Y.jpg\" width=\"768\" height=\"512\" alt=\"Alexandra Lamy, Francois Cluzet, Reem Kherici \u00e0 la premi\u00e8re du film Pour Le Plaisir.\" class=\"absolute inset-0 w-full\"\/>Alexandra Lamy, Francois Cluzet, Reem Kherici \u00e0 la premi\u00e8re du film Pour Le Plaisir. \u00a9Cyril Pecquenard\/SIPA<\/p>\n<p class=\"ap-StoryElement ap-StoryElement--mb ap-StoryText\">Pourquoi avoir choisi Fran\u00e7ois Cluzet et Alexandra Lamy ?<\/p>\n<p class=\"ap-StoryElement ap-StoryElement--mb ap-StoryText\">\u00ab\u00a0Cela a \u00e9t\u00e9 une \u00e9vidence. J&rsquo;avais envie d&rsquo;un couple solaire compl\u00e9mentaire, iconique, in\u00e9dit. J&rsquo;avais envie d&rsquo;une actrice qui ne nous met pas mal \u00e0 l&rsquo;aise, mais qui au contraire pourrait \u00eatre notre meilleure amie. Quelqu&rsquo;un qu&rsquo;on a envie de suivre et pour qui on a beaucoup d&#8217;empathie. Pour ce qui est de Fran\u00e7ois Cluzet, j&rsquo;ai toujours eu une grande admiration de son travail, comme beaucoup d&rsquo;entre nous. Ce que j&rsquo;aime chez lui, c&rsquo;est qu&rsquo;il est aussi viril que vuln\u00e9rable. C&rsquo;est exactement ce que je voulais pour le personnage de Tom. Je voulais un gars que l&rsquo;on aime profond\u00e9ment. \u00c0 deux, ils forment un couple irr\u00e9sistible, dr\u00f4le, rock et amoureux.\u00a0\u00bb<\/p>\n<p class=\"ap-StoryElement ap-StoryElement--mb ap-StoryText\">Le film se veut comique, mais aussi tr\u00e8s romantique. \u00cates-vous une romantique ?<\/p>\n<p class=\"ap-StoryElement ap-StoryElement--mb ap-StoryText\">\u00ab\u00a0Je suis tr\u00e8s tr\u00e8s romantique. D&rsquo;ailleurs, j&rsquo;aimerais bien \u00eatre un peu plus l\u00e9g\u00e8re, mais je suis comme je suis.\u00a0\u00bb<\/p>\n<p class=\"ap-StoryElement ap-StoryElement--mb ap-StoryText\">\u00cates-vous d&rsquo;accord quand on dit que r\u00e9ussir une com\u00e9die est aujourd&rsquo;hui plus compliqu\u00e9 ?<\/p>\n<p class=\"ap-StoryElement ap-StoryElement--mb ap-StoryText\">\u00ab\u00a0Non, je dirais juste que le rythme de la com\u00e9die doit \u00eatre plus soutenu qu&rsquo;auparavant pour plein de raisons. Aujourd&rsquo;hui, nous sommes assoiff\u00e9s de news, on scrolle 24 heures sur 24 nos t\u00e9l\u00e9phones. Nous avons une capacit\u00e9 d&rsquo;attention qui est extr\u00eamement r\u00e9duite. Si le rythme de la com\u00e9die n&rsquo;est pas soutenu, alors cela devient difficile.\u00a0\u00bb<\/p>\n","protected":false},"excerpt":{"rendered":"Comment le sujet du plaisir f\u00e9minin vous est-il venu pour ce nouveau film ? \u00ab\u00a0L&rsquo;id\u00e9e ne vient pas&hellip;\n","protected":false},"author":2,"featured_media":99157,"comment_status":"","ping_status":"","sticky":false,"template":"","format":"standard","meta":{"footnotes":"","_share_on_mastodon":"0"},"categories":[102],"tags":[12354,12,13,18,17,129,128,2186,96,95,14200,109,26717,3042],"class_list":["post-99156","post","type-post","status-publish","format-standard","has-post-thumbnail","category-people","tag-alexandra-lamy","tag-be","tag-be-fr","tag-belgique","tag-belgium","tag-celebrities","tag-celebrity","tag-comedie","tag-divertissement","tag-entertainment","tag-francois-cluzet","tag-people","tag-reem-kherici","tag-sexualite"],"share_on_mastodon":{"url":"https:\/\/pubeurope.com\/@be_fr\/116532947520151392","error":""},"_links":{"self":[{"href":"https:\/\/www.europesays.com\/be-fr\/wp-json\/wp\/v2\/posts\/99156","targetHints":{"allow":["GET"]}}],"collection":[{"href":"https:\/\/www.europesays.com\/be-fr\/wp-json\/wp\/v2\/posts"}],"about":[{"href":"https:\/\/www.europesays.com\/be-fr\/wp-json\/wp\/v2\/types\/post"}],"author":[{"embeddable":true,"href":"https:\/\/www.europesays.com\/be-fr\/wp-json\/wp\/v2\/users\/2"}],"replies":[{"embeddable":true,"href":"https:\/\/www.europesays.com\/be-fr\/wp-json\/wp\/v2\/comments?post=99156"}],"version-history":[{"count":0,"href":"https:\/\/www.europesays.com\/be-fr\/wp-json\/wp\/v2\/posts\/99156\/revisions"}],"wp:featuredmedia":[{"embeddable":true,"href":"https:\/\/www.europesays.com\/be-fr\/wp-json\/wp\/v2\/media\/99157"}],"wp:attachment":[{"href":"https:\/\/www.europesays.com\/be-fr\/wp-json\/wp\/v2\/media?parent=99156"}],"wp:term":[{"taxonomy":"category","embeddable":true,"href":"https:\/\/www.europesays.com\/be-fr\/wp-json\/wp\/v2\/categories?post=99156"},{"taxonomy":"post_tag","embeddable":true,"href":"https:\/\/www.europesays.com\/be-fr\/wp-json\/wp\/v2\/tags?post=99156"}],"curies":[{"name":"wp","href":"https:\/\/api.w.org\/{rel}","templated":true}]}}