{"id":103242,"date":"2026-07-15T15:14:21","date_gmt":"2026-07-15T15:14:21","guid":{"rendered":"https:\/\/www.europesays.com\/be-nl\/103242\/"},"modified":"2026-07-15T15:14:21","modified_gmt":"2026-07-15T15:14:21","slug":"noodweer-in-italie-grote-hagel-valwinden-en-onweer-verwacht-op-15-juli-2026","status":"publish","type":"post","link":"https:\/\/www.europesays.com\/be-nl\/103242\/","title":{"rendered":"Noodweer in Itali\u00eb: grote hagel, valwinden en onweer verwacht op 15 juli 2026"},"content":{"rendered":"<p>Een groot deel van Europa kreunt al lange tijd onder de hitte, zo ook in Itali\u00eb. Naast bosbranden en droogte vormt noodweer nu een nieuw gevaar op woensdag 15 juli 2026. In de avond kan het in het noorden van Itali\u00eb lokaal stevig losgaan met extreme weerfenomenen. Deze blog is dus gericht aan alle vakantiegangers. Let even op als je op vakantie bent in het noorden van Itali\u00eb, het kan lokaal stevig tekeergaan!<\/p>\n<p id=\"Info\" style=\"border: 1px solid green; background-color: #f2f2f2; padding: 10px; margin-top: 20px; text-align: left; font-size: 90%;\">Deelnemen aan discussie? Ben je ge\u00efnteresseerd om deel te nemen als weeramateur of liefhebber van het weer aan het weerforum? <a href=\"https:\/\/www.noodweer.be\/noodweer-in-italie-grote-hagel-valwinden-en-onweer-verwacht-op-15-juli-2026#Reactiedraad\" rel=\"nofollow noopener\" target=\"_blank\">Onderaan dit artikel<\/a> krijg je bliksemsnel &amp; gratis toegang tot alle reacties. Je kan ook je eigen weerfoto\u2019s uploaden.<\/p>\n<p>Reeds extreem weer in Europa<\/p>\n<p>Niet alleen in Itali\u00eb komt er extreem weer voor, de afgelopen dagen ontstond er al extreem weer in Duitsland. Daar viel zodanig veel hagel dat de omgeving even veranderde in een wit landschap. Samen met veel regen zorgde deze onweerssituatie voor veel overlast. Ook natuurbranden zijn nog steeds niet geblust. In Itali\u00eb mogen ze zich dus woensdagavond verwachten aan noodweer. Waar en wanneer exact ontdek je verder in deze blog.<\/p>\n<p lang=\"de\" dir=\"ltr\">Enorme Hagelmengen und \u00fcberflutete Stra\u00dfen heute Nachmittag im Landkreis Ludwigslust-Parchim in Mecklenburg-Vorpommern! Vielen Dank an Maik M. f\u00fcr die Zusendung <a href=\"https:\/\/t.co\/sbAwP5HvVC\" rel=\"nofollow\">pic.twitter.com\/sbAwP5HvVC<\/a><\/p>\n<p>\u2014 Unwetter-Freaks (@unwetterfreaks) <a href=\"https:\/\/x.com\/unwetterfreaks\/status\/2076735450438349238?ref_src=twsrc%5Etfw\" rel=\"nofollow\">July 13, 2026<\/a><\/p>\n<p>Noodweer in de avond en nacht naar donderdag<\/p>\n<p>De focus van het noodweer in Itali\u00eb ligt op woensdagavond en in de nacht naar donderdag. Onweersbuien met alles erop en eraan trekken van noordwest naar zuidoost over de Povlakte, in het noorden van Itali\u00eb. De instabiliteit neemt gedurende de dag toe om dan uit te monden in een explosieve setting. Net zoals we in de Benelux de \u2018<a href=\"https:\/\/www.noodweer.be\/onweerskansen-met-hagel-en-windstoten-op-zaterdag-27-juni\/\" rel=\"nofollow noopener\" target=\"_blank\">Bow-echo<\/a>\u2018 kregen, is het niet uitgesloten dat we deze fenomenen in het noorden van Itali\u00eb ook zien terugkomen. De weermodellen berekenen extreme weersomstandigheden en daar werpen we dan ook graag een blik op.<\/p>\n<p>Ooit al gehoord van een stormglas? <a href=\"https:\/\/partner.bol.com\/click\/click?p=2&amp;t=url&amp;s=37691&amp;f=TXL&amp;url=https%3A%2F%2Fwww.bol.com%2Fbe%2Fp%2Fstormglas-wolk%2F9200000091545944%2F&amp;name=Stormglas%20wolk&amp;subid=Stormglas%20wolkenvorm\" rel=\"sponsored nofollow noopener\" target=\"_blank\">Bestel het hier<\/a> en mis nooit meer een storm!<\/p>\n<p>Zeer zware windstoten en grote neerslaghoeveelheden<\/p>\n<p>In de avond op woensdag 15 juli 2026 ontstaan er volgens het Duitse weermodel ICON-D2 al snel onweersbuien. Door de grote onstabiliteit kunnen deze snel uitgroeien tot <a href=\"https:\/\/www.noodweer.be\/welke-soorten-onweersbuien-bestaan-er\/\" rel=\"nofollow noopener\" target=\"_blank\">supercells<\/a> met zeer zware windstoten, noodweer dus. Het model berekent momenteel windstoten tot 140 km\/u in de buien. Valwinden kunnen ook voorkomen aan de voorzijde van zo\u2019n onweersbui. Dat is genoeg om bomen te ontwortelen en losse spullen weg te laten waaien. Je auto parkeer je dus best niet onder een boom. Ook de neerslaghoeveelheden kunnen lokaal fors uitvallen, wateroverlast is dus ook niet uitgesloten. Let op, dit is \u00e9\u00e9n berekening, dus dat betekent niet dat het noodweer exact op deze plaats zal voorkomen. Bijna heel de Povlakte ligt in de risicozone.<\/p>\n<p><img loading=\"lazy\" decoding=\"async\" width=\"640\" height=\"640\" src=\"https:\/\/www.europesays.com\/be-nl\/wp-content\/uploads\/2026\/07\/icond2_it1-11-10-1.png\" alt=\"\" class=\"wp-image-122590\"  \/>Zeer zware windstoten volgens ICON-D2.<\/p>\n<p><img loading=\"lazy\" decoding=\"async\" width=\"640\" height=\"640\" src=\"https:\/\/www.europesays.com\/be-nl\/wp-content\/uploads\/2026\/07\/icond2_it1-1-10-1.png\" alt=\"\" class=\"wp-image-122591\"  \/>Grote neerslaghoeveelheden, ook in het uiterste noorden van Itali\u00eb.<\/p>\n<p>Ook het Franse weermodel AROME geeft gelijkaardige verwachtingen. De timing ligt hier enkele uren later, maar dit is sowieso een geval van nowcasting. Hiervoor hou je dus best de radar in het oog. De windstoten vallen hier een tikkeltje lager uit, maar nog steeds kunnen ze gevaarlijk uit de hoek komen. Opgelet dus!<\/p>\n<p><img loading=\"lazy\" decoding=\"async\" width=\"640\" height=\"640\" src=\"https:\/\/www.europesays.com\/be-nl\/wp-content\/uploads\/2026\/07\/aromehd-1-19-1.png\" alt=\"\" class=\"wp-image-122592\"  \/>Ook grote neerslaghoeveelheden bij het Franse weermodel. In een goed ontwikkelde onweersbui kan de neerslagintensiteit pieken tot 40-50 mm\/u. <\/p>\n<p><img loading=\"lazy\" decoding=\"async\" width=\"640\" height=\"640\" src=\"https:\/\/www.europesays.com\/be-nl\/wp-content\/uploads\/2026\/07\/aromehd-11-18-1.png\" alt=\"\" class=\"wp-image-122593\"  \/>Ook de windstoten vormen potentieel gevaar tijdens de overtocht van het onweer.<\/p>\n<p>Extra aandacht voor grote hagel <\/p>\n<p>We geven ook graag extra aandacht om te waarschuwen voor grote hagel. In de onweersbuien die de modellen berekenen, ontstaan sterke stijgstromen, waardoor hagel de kans krijgt om uit te groeien tot grote hagelbollen. Onze <a href=\"https:\/\/www.noodweer.be\/weerkaarten\/\" rel=\"nofollow noopener\" target=\"_blank\">hagelkaart<\/a> geeft hier ook een duidelijk signaal op. Hagel met een diameter tot 8 cm is niet uitgesloten. Je beschermt je auto dus best als je op vakantie bent in het noorden van Itali\u00eb.<\/p>\n<p>Auto beschermen? Dan schaf je best dit <a href=\"https:\/\/partner.bol.com\/click\/click?p=2&amp;t=url&amp;s=37691&amp;f=TXL&amp;url=https%3A%2F%2Fwww.bol.com%2Fbe%2Fnl%2Fp%2Fautohoes-tegen-hagel-autohagelhoes-hageldeken-geschikt-voor-auto-s-dikke-hagelhoes-geschikt-geschikt-voor-suv-geschikt-voorruit-hagelbescherming-hagelbescherming-autohoes-autohoes-tegen-hagelschade%2F9300000277879477%2F&amp;name=Autohoes%20tegen%20hagel%2C%20autohagelhoes%2C%20hageldeken%20geschikt%20voor%20auto%27s%2C%20dikke%20hagelhoes%2C\" rel=\"sponsored nofollow noopener\" target=\"_blank\">hageldeken<\/a> aan!<\/p>\n<p><img loading=\"lazy\" decoding=\"async\" width=\"640\" height=\"489\" src=\"https:\/\/www.europesays.com\/be-nl\/wp-content\/uploads\/2026\/07\/Hagelkaart-Europa.png\" alt=\"\" class=\"wp-image-122599\"  \/><\/p>\n<p>Conclusie<\/p>\n<p>Bevind je je in het noorden van Itali\u00eb? Let dan op woensdagavond 15 juli 2026 op voor intense onweersbuien met grote kans op zware windstoten, grote hagel en neerslaghoeveelheden die voor wateroverlast kunnen zorgen. Het zal lang niet overal extreem worden, maar waar het losgaat, kan er stormschade ontstaan. Heb je foto\u2019s van deze weersituatie? Stuur ze dan door via onze <a href=\"https:\/\/upload.noodweer.be\/\" rel=\"nofollow noopener\" target=\"_blank\">handige applicatie!<\/a> <\/p>\n<p>\t\t<script async src=\"https:\/\/platform.twitter.com\/widgets.js\" charset=\"utf-8\"><\/script><\/p>\n","protected":false},"excerpt":{"rendered":"Een groot deel van Europa kreunt al lange tijd onder de hitte, zo ook in Itali\u00eb. Naast bosbranden&hellip;\n","protected":false},"author":2,"featured_media":103243,"comment_status":"","ping_status":"","sticky":false,"template":"","format":"standard","meta":{"footnotes":"","_share_on_mastodon":"0"},"categories":[11],"tags":[11200,15,2605,12,13,11202,20242,18,31,20243,28,29,30],"class_list":["post-103242","post","type-post","status-publish","format-standard","has-post-thumbnail","category-wereld","tag-hagel","tag-hoofdpunten","tag-italie","tag-news","tag-nieuws","tag-onweer","tag-supercel","tag-voorpaginanieuws","tag-wereld","tag-windstoten","tag-world","tag-world-news","tag-worldnews"],"share_on_mastodon":{"url":"https:\/\/pubeurope.com\/@be_nl\/116924649624328926","error":""},"_links":{"self":[{"href":"https:\/\/www.europesays.com\/be-nl\/wp-json\/wp\/v2\/posts\/103242","targetHints":{"allow":["GET"]}}],"collection":[{"href":"https:\/\/www.europesays.com\/be-nl\/wp-json\/wp\/v2\/posts"}],"about":[{"href":"https:\/\/www.europesays.com\/be-nl\/wp-json\/wp\/v2\/types\/post"}],"author":[{"embeddable":true,"href":"https:\/\/www.europesays.com\/be-nl\/wp-json\/wp\/v2\/users\/2"}],"replies":[{"embeddable":true,"href":"https:\/\/www.europesays.com\/be-nl\/wp-json\/wp\/v2\/comments?post=103242"}],"version-history":[{"count":0,"href":"https:\/\/www.europesays.com\/be-nl\/wp-json\/wp\/v2\/posts\/103242\/revisions"}],"wp:featuredmedia":[{"embeddable":true,"href":"https:\/\/www.europesays.com\/be-nl\/wp-json\/wp\/v2\/media\/103243"}],"wp:attachment":[{"href":"https:\/\/www.europesays.com\/be-nl\/wp-json\/wp\/v2\/media?parent=103242"}],"wp:term":[{"taxonomy":"category","embeddable":true,"href":"https:\/\/www.europesays.com\/be-nl\/wp-json\/wp\/v2\/categories?post=103242"},{"taxonomy":"post_tag","embeddable":true,"href":"https:\/\/www.europesays.com\/be-nl\/wp-json\/wp\/v2\/tags?post=103242"}],"curies":[{"name":"wp","href":"https:\/\/api.w.org\/{rel}","templated":true}]}}