{"id":132594,"date":"2026-08-31T09:25:22","date_gmt":"2026-08-31T09:25:22","guid":{"rendered":"https:\/\/www.europesays.com\/be-nl\/132594\/"},"modified":"2026-08-31T09:25:22","modified_gmt":"2026-08-31T09:25:22","slug":"genk-richting-nieuwe-jackpot-bayern-en-real-op-de-loer","status":"publish","type":"post","link":"https:\/\/www.europesays.com\/be-nl\/132594\/","title":{"rendered":"&#8216;Genk richting nieuwe jackpot: Bayern en Real op de loer&#8217;"},"content":{"rendered":"<p class=\"article__intro\" itemprop=\"description\">\n\t\t\t\t\tMet de recordverkoop van Konstaninos Karetsas bewees <a href=\"https:\/\/www.voetbalnieuws.be\/club\/krc-genk\" rel=\"nofollow noopener\" target=\"_blank\">KRC Genk<\/a> deze zomer nogmaals hoe lucratief de eigen jeugdopleiding kan zijn. En mogelijk vangt men weldra opnieuw de jackpot voor zo&#8217;n eigen opgeleid talent. Zo blijkt Lucca Brughmans gegeerd bij de absolute top van Europa.\n\t\t\t\t<\/p>\n<p>De boomlange doelman maakte al een hele poos indruk binnen het jeugdvoetbal. Zo was hij bijvoorbeeld \u00e9\u00e9n van de uitblinkers bij de ijzersterke Belgisch lichting die vorig seizoen het <a href=\"https:\/\/www.voetbalnieuws.be\/wk2026\" rel=\"nofollow noopener\" target=\"_blank\">WK<\/a> U17 betwistte. Bij zijn club mocht Brughmans zich al snel tonen bij Jong Genk en zat hij regelmatig op de bank bij de hoofdmacht.<\/p>\n<p>Na het keepersdebacle van vorig seizoen, kreeg het sluitstuk bij de start van de voorbije Europe Play-Offs zelfs zijn kans in de basiself van de A-kern. En Brughmans liet meteen een erg secure indruk achter. Racing greep dan ook in en brak in het tussenseizoen zijn lopende contract open tot medio 2030.<\/p>\n<p style=\"font-size: 1.1rem; font-weight: normal; margin: 1.5em 0; line-height: 1.6;\">\n\t\t\t\t\t\t\t\t\tLEES OOK:<br \/>\n\t\t\t\t\t\t\t\t\t <a href=\"https:\/\/www.voetbalnieuws.be\/news\/921159\/brughmans-richting-liverpool-genk-vangt-weer-recordbedrag\" style=\"color: #4CAF50; font-weight: normal; !important; text-decoration: underline;\" rel=\"nofollow noopener\" target=\"_blank\">\u2018Brughmans richting Liverpool: Genk vangt w\u00e9\u00e9r recordbedrag\u2019<\/a><\/p>\n<p>Europese elite naar het front<\/p>\n<p>Dat blijkt nu een gouden zet van de Limburgers. Brughmans geldt inmiddels als de onbetwiste nummer \u00e9\u00e9n bij Genk. En zijn prestaties zijn niet onopgemerkt voorbij gegaan. Zo raakte zondag bekend dat het grote <a href=\"https:\/\/www.voetbalnieuws.be\/news\/921060\/transferbom-in-genk-liverpool-klopt-aan-voor-steunpilaar\" rel=\"nofollow noopener\" target=\"_blank\">Liverpool FC is komen aankloppen voor zijn diensten<\/a>. Maar blijkbaar gaat die interesse nog veel verder.<\/p>\n<p>&#13;<\/p>\n<p lang=\"en\" dir=\"ltr\">\ud83d\udd34\ud83e\udd85 EXCL &#8211; <a href=\"https:\/\/www.voetbalnieuws.be\/club\/liverpool-fc\" rel=\"nofollow noopener\" target=\"_blank\">Liverpool FC<\/a> has targeted Lucca Brughmans to replace Giorgi Mamardashvili! <\/p>\n<p>\ud83d\udd35\ud83c\udde7\ud83c\uddea Also on FC Bayern Munich&#8217;s radar, the Reds are convinced by the future potential of the 2.00m-tall Belgian goalkeeper. <\/p>\n<p>\u231b\ufe0f Talks underway. <a href=\"https:\/\/x.com\/hashtag\/transfermarket?src=hash&amp;ref_src=twsrc%5Etfw\" rel=\"nofollow\">#transfermarket<\/a> <a href=\"https:\/\/x.com\/hashtag\/&lt;a href=\" https:=\"\" rel=\"nofollow\">JPL<\/a>?src=hash&amp;ref_src=twsrc%5Etfw&#8221;&gt;#JPL <a href=\"https:\/\/x.com\/hashtag\/LFC?src=hash&amp;ref_src=twsrc%5Etfw\" rel=\"nofollow\">#LFC<\/a> <a href=\"https:\/\/t.co\/EPvLUHue18\" rel=\"nofollow\">pic.twitter.com\/EPvLUHue18<\/a><\/p>\n<p>&#13;<br \/>\n\u2014 Sacha Tavolieri (@sachatavolieri) <a href=\"https:\/\/x.com\/sachatavolieri\/status\/2094080749926326770?ref_src=twsrc%5Etfw\" rel=\"nofollow\">August 30, 2026<\/a><\/p>\n<p>De Engelse journalist Jack Lusby weet dat er heel wat clubs aan zijn mouw trekken. Daarbij zelfs Real Madrid. Transferwatcher Sacha Tavolieri schuift dan weer Bayern M\u00fcnchen naar voren als \u00e9\u00e9n van de gegadigden. Voor Genk komt dat alvast goed uit. Hoe meer clubs ge\u00efnteresseerd, hoe hoger de transfersom kan oplopen.<\/p>\n<p>Gereputeerde keepersopleiding<\/p>\n<p>Dat Brughmans op de lijst staat bij dergelijke grote ploegen is op zich niet eens zo verrassend. De Europese grootmachten hebben uitgebreide scoutingsdepartementen die talenten wereldwijd van dichtbij monitoren. En een doelman van amper 18 jaar oud die al de onbetwiste nummer \u00e9\u00e9n is bij zijn club, is erg uitzonderlijk. Logisch dat zijn naam al snel genoteerd wordt.<\/p>\n<p>Bovendien heeft de keepersopleiding van Genk ook internationaal een uitstekende reputatie. Voor Brughmans&#8217; ontwikkeling lijkt nog minstens \u00e9\u00e9n jaar blijven wel de beste zaak. Als het deze mercato al tot een doorbraak komt, wordt hij normaal gezien ook meteen weer aan Racing verhuurd. Iets wat destijds ook met Mike Penders en Chelsea FC werd afgesproken.<\/p>\n<p>&#13;<\/p>\n<p lang=\"en\" dir=\"ltr\">\ud83d\udd34 Told Lucca Brughmans is on <a href=\"https:\/\/x.com\/hashtag\/LFC?src=hash&amp;ref_src=twsrc%5Etfw\" rel=\"nofollow\">#LFC<\/a> radar but no move certain as of yet. <\/p>\n<p>Multiple clubs interested in the 18-year-old Genk goalkeeper, including from Real Madrid. <\/p>\n<p>Liverpool could negotiate a deal if given encouragement in the coming days.<\/p>\n<p>&#13;<br \/>\n\u2014 Jack Lusby (@LusbyJack) <a href=\"https:\/\/x.com\/LusbyJack\/status\/2094098185417265642?ref_src=twsrc%5Etfw\" rel=\"nofollow\">August 30, 2026<\/a><\/p>\n<p>\t\t\t<script async src=\"https:\/\/platform.twitter.com\/widgets.js\" charset=\"utf-8\"><\/script><\/p>\n","protected":false},"excerpt":{"rendered":"Met de recordverkoop van Konstaninos Karetsas bewees KRC Genk deze zomer nogmaals hoe lucratief de eigen jeugdopleiding kan&hellip;\n","protected":false},"author":2,"featured_media":132595,"comment_status":"","ping_status":"","sticky":false,"template":"","format":"standard","meta":{"footnotes":"","_share_on_mastodon":"0"},"categories":[9],"tags":[190,27,26,25,19,20,23,24,14,15,551,21,22,5905,4512,12,13,2435,16,17,18],"class_list":["post-132594","post","type-post","status-publish","format-standard","has-post-thumbnail","category-hoofdpunten","tag-bayern-munchen","tag-be","tag-belgie","tag-belgium","tag-breaking-news","tag-breakingnews","tag-featured-news","tag-featurednews","tag-headlines","tag-hoofdpunten","tag-krc-genk","tag-latest-news","tag-latestnews","tag-liverpool-fc","tag-lucca-brughmans","tag-news","tag-nieuws","tag-real-madrid","tag-top-stories","tag-topstories","tag-voorpaginanieuws"],"share_on_mastodon":{"url":"https:\/\/pubeurope.com\/@be_nl\/117189405955650000","error":""},"_links":{"self":[{"href":"https:\/\/www.europesays.com\/be-nl\/wp-json\/wp\/v2\/posts\/132594","targetHints":{"allow":["GET"]}}],"collection":[{"href":"https:\/\/www.europesays.com\/be-nl\/wp-json\/wp\/v2\/posts"}],"about":[{"href":"https:\/\/www.europesays.com\/be-nl\/wp-json\/wp\/v2\/types\/post"}],"author":[{"embeddable":true,"href":"https:\/\/www.europesays.com\/be-nl\/wp-json\/wp\/v2\/users\/2"}],"replies":[{"embeddable":true,"href":"https:\/\/www.europesays.com\/be-nl\/wp-json\/wp\/v2\/comments?post=132594"}],"version-history":[{"count":0,"href":"https:\/\/www.europesays.com\/be-nl\/wp-json\/wp\/v2\/posts\/132594\/revisions"}],"wp:featuredmedia":[{"embeddable":true,"href":"https:\/\/www.europesays.com\/be-nl\/wp-json\/wp\/v2\/media\/132595"}],"wp:attachment":[{"href":"https:\/\/www.europesays.com\/be-nl\/wp-json\/wp\/v2\/media?parent=132594"}],"wp:term":[{"taxonomy":"category","embeddable":true,"href":"https:\/\/www.europesays.com\/be-nl\/wp-json\/wp\/v2\/categories?post=132594"},{"taxonomy":"post_tag","embeddable":true,"href":"https:\/\/www.europesays.com\/be-nl\/wp-json\/wp\/v2\/tags?post=132594"}],"curies":[{"name":"wp","href":"https:\/\/api.w.org\/{rel}","templated":true}]}}