{"id":133065,"date":"2026-09-01T04:01:29","date_gmt":"2026-09-01T04:01:29","guid":{"rendered":"https:\/\/www.europesays.com\/be-nl\/133065\/"},"modified":"2026-09-01T04:01:29","modified_gmt":"2026-09-01T04:01:29","slug":"garmin-lanceert-nieuwe-fenix-9-en-fenix-9-pro","status":"publish","type":"post","link":"https:\/\/www.europesays.com\/be-nl\/133065\/","title":{"rendered":"Garmin lanceert nieuwe f\u0113nix 9 en f\u0113nix 9 Pro"},"content":{"rendered":"<p>De f\u0113nix 9 krijgt onder meer een helderder AMOLED-scherm, snellere navigatie en nieuwe stamina-functies waarmee je beter kan inschatten hoe lang je een bepaalde inspanning kan volhouden. Ook kan je verschillende trainingen of activiteiten bundelen tot \u00e9\u00e9n verhaal in Garmin Connect.<\/p>\n<p>Bellen zonder smartphone<\/p>\n<p>De f\u0113nix 9 Pro gaat nog een stap verder. Op geselecteerde modellen kan je dankzij LTE- en satellietconnectiviteit bellen, berichten versturen en een SOS-melding sturen zonder dat je smartphone in de buurt is.<\/p>\n<p>Daarnaast krijgt de Pro een AMOLED-scherm tot 3.000 nits en zijn er modellen op zonne-energie die tot 57 dagen batterijduur kunnen halen.<\/p>\n<p>De f\u0113nix 9 is verkrijgbaar vanaf 999,99 euro. Voor de f\u0113nix 9 Pro betaal je minstens 1.099,99 euro. <a href=\"https:\/\/www.garmin.com\/nl-BE\/p\/2021193\/\" target=\"_blank\" rel=\"noreferrer noopener nofollow\">Check ze via de website van Garmin.<\/a><\/p>\n","protected":false},"excerpt":{"rendered":"De f\u0113nix 9 krijgt onder meer een helderder AMOLED-scherm, snellere navigatie en nieuwe stamina-functies waarmee je beter kan&hellip;\n","protected":false},"author":2,"featured_media":133066,"comment_status":"","ping_status":"","sticky":false,"template":"","format":"standard","meta":{"footnotes":"","_share_on_mastodon":"0"},"categories":[38],"tags":[27,26,25,673,27313,39,41,42,27314,7973,27315,46,40,45,43,44],"class_list":["post-133065","post","type-post","status-publish","format-standard","has-post-thumbnail","category-wetenschap-en-technologie","tag-be","tag-belgie","tag-belgium","tag-nieuwe","tag-pakken","tag-science","tag-science-and-technology","tag-scienceandtechnology","tag-slimmere","tag-smartwatches","tag-sportfuncties","tag-technologie","tag-technology","tag-wetenschap","tag-wetenschap-en-technologie","tag-wetenschaptechnologie"],"share_on_mastodon":{"url":"https:\/\/pubeurope.com\/@be_nl\/117193794331488683","error":""},"_links":{"self":[{"href":"https:\/\/www.europesays.com\/be-nl\/wp-json\/wp\/v2\/posts\/133065","targetHints":{"allow":["GET"]}}],"collection":[{"href":"https:\/\/www.europesays.com\/be-nl\/wp-json\/wp\/v2\/posts"}],"about":[{"href":"https:\/\/www.europesays.com\/be-nl\/wp-json\/wp\/v2\/types\/post"}],"author":[{"embeddable":true,"href":"https:\/\/www.europesays.com\/be-nl\/wp-json\/wp\/v2\/users\/2"}],"replies":[{"embeddable":true,"href":"https:\/\/www.europesays.com\/be-nl\/wp-json\/wp\/v2\/comments?post=133065"}],"version-history":[{"count":0,"href":"https:\/\/www.europesays.com\/be-nl\/wp-json\/wp\/v2\/posts\/133065\/revisions"}],"wp:featuredmedia":[{"embeddable":true,"href":"https:\/\/www.europesays.com\/be-nl\/wp-json\/wp\/v2\/media\/133066"}],"wp:attachment":[{"href":"https:\/\/www.europesays.com\/be-nl\/wp-json\/wp\/v2\/media?parent=133065"}],"wp:term":[{"taxonomy":"category","embeddable":true,"href":"https:\/\/www.europesays.com\/be-nl\/wp-json\/wp\/v2\/categories?post=133065"},{"taxonomy":"post_tag","embeddable":true,"href":"https:\/\/www.europesays.com\/be-nl\/wp-json\/wp\/v2\/tags?post=133065"}],"curies":[{"name":"wp","href":"https:\/\/api.w.org\/{rel}","templated":true}]}}