{"id":133403,"date":"2026-09-01T14:54:13","date_gmt":"2026-09-01T14:54:13","guid":{"rendered":"https:\/\/www.europesays.com\/be-nl\/133403\/"},"modified":"2026-09-01T14:54:13","modified_gmt":"2026-09-01T14:54:13","slug":"anderlecht-onderhandelt-over-domagoj-bradaric","status":"publish","type":"post","link":"https:\/\/www.europesays.com\/be-nl\/133403\/","title":{"rendered":"Anderlecht onderhandelt over Domagoj Bradari\u0107"},"content":{"rendered":"<p>RSC Anderlecht is nog altijd op zoek naar een linksback. Vanuit Itali\u00eb klinkt het dat paars-wit Domagoj Bradari\u0107 probeert vast te leggen.<\/p>\n<p>Domagoj Bradari\u0107 is een 26-jarige Kroaat die momenteel voor <a target=\"_blank\" href=\"https:\/\/www.tuttomercatoweb.com\/serie-b\/hellas-verona-bradaric-partire-trattativa-anderlecht-2268994?utm_source=chatgpt.com\" rel=\"nofollow noopener\">Hellas Verona<\/a> speelt. Volgens TuttoMercatoWeb onderhandelt paars-wit met de Serie B-club om de linksback naar Brussel te halen.<\/p>\n<p>Bradari\u0107 heeft in Itali\u00eb nog een contract tot medio 2028. Zijn marktwaarde wordt momenteel op 1,5 miljoen euro geschat. In het verleden speelde Bradari\u0107 ook voor Hajduk Split, Lille en Salernitana.<\/p>\n<p>Moussa Ndiaye\u00a0staat op het punt om Anderlecht op huurbasis te verlaten. Mede daardoor is Anderlecht op zoek naar een nieuwe linksachter. Ook Olivier Deman zou in beeld zijn bij de Brusselse club.<\/p>\n<p>In aflevering 5 van het nieuwe seizoen van Tijd voor Voetbal bespreekt men de rode kaart voor Club Brugge-aanvaller Carlos Forbs tegen KAA Gent, een Brusselse derby die Union SG weer wint en ziet men een revelatie bij KRC Genk. Dat en nog veel meer in Tijd voor Voetbal.<\/p>\n","protected":false},"excerpt":{"rendered":"RSC Anderlecht is nog altijd op zoek naar een linksback. Vanuit Itali\u00eb klinkt het dat paars-wit Domagoj Bradari\u0107&hellip;\n","protected":false},"author":2,"featured_media":133404,"comment_status":"","ping_status":"","sticky":false,"template":"","format":"standard","meta":{"footnotes":"","_share_on_mastodon":"0"},"categories":[55],"tags":[27,26,25,146,14882,147,58,57,14885],"class_list":["post-133403","post","type-post","status-publish","format-standard","has-post-thumbnail","category-sport","tag-be","tag-belgie","tag-belgium","tag-jupiler-pro-league","tag-nb-anderlecht","tag-rsc-anderlecht","tag-sport","tag-sports","tag-transfernieuws"],"share_on_mastodon":{"url":"https:\/\/pubeurope.com\/@be_nl\/117196361884439867","error":""},"_links":{"self":[{"href":"https:\/\/www.europesays.com\/be-nl\/wp-json\/wp\/v2\/posts\/133403","targetHints":{"allow":["GET"]}}],"collection":[{"href":"https:\/\/www.europesays.com\/be-nl\/wp-json\/wp\/v2\/posts"}],"about":[{"href":"https:\/\/www.europesays.com\/be-nl\/wp-json\/wp\/v2\/types\/post"}],"author":[{"embeddable":true,"href":"https:\/\/www.europesays.com\/be-nl\/wp-json\/wp\/v2\/users\/2"}],"replies":[{"embeddable":true,"href":"https:\/\/www.europesays.com\/be-nl\/wp-json\/wp\/v2\/comments?post=133403"}],"version-history":[{"count":0,"href":"https:\/\/www.europesays.com\/be-nl\/wp-json\/wp\/v2\/posts\/133403\/revisions"}],"wp:featuredmedia":[{"embeddable":true,"href":"https:\/\/www.europesays.com\/be-nl\/wp-json\/wp\/v2\/media\/133404"}],"wp:attachment":[{"href":"https:\/\/www.europesays.com\/be-nl\/wp-json\/wp\/v2\/media?parent=133403"}],"wp:term":[{"taxonomy":"category","embeddable":true,"href":"https:\/\/www.europesays.com\/be-nl\/wp-json\/wp\/v2\/categories?post=133403"},{"taxonomy":"post_tag","embeddable":true,"href":"https:\/\/www.europesays.com\/be-nl\/wp-json\/wp\/v2\/tags?post=133403"}],"curies":[{"name":"wp","href":"https:\/\/api.w.org\/{rel}","templated":true}]}}