{"id":133771,"date":"2026-09-02T00:26:08","date_gmt":"2026-09-02T00:26:08","guid":{"rendered":"https:\/\/www.europesays.com\/be-nl\/133771\/"},"modified":"2026-09-02T00:26:08","modified_gmt":"2026-09-02T00:26:08","slug":"club-brugge-wil-kevin-angulo-huren-van-colombiaanse-america","status":"publish","type":"post","link":"https:\/\/www.europesays.com\/be-nl\/133771\/","title":{"rendered":"Club Brugge wil Kevin Angulo huren van Colombiaanse Am\u00e9rica"},"content":{"rendered":"<p class=\"intro\">Net wanneer de transferactiviteiten bij Club Brugge voorbij leken, duikt vanuit Colombia alsnog een verrassende naam op. Blauw-Zwart zou werk maken van de komst van Kevin Angulo, een amper 18-jarige centrumspits van Am\u00e9rica de Cali.<\/p>\n<p style=\"text-align:start\">Het nieuws wordt naar buiten gebracht door de Colombiaanse voetbaljournalist en commentator Pipe Sierra. Volgens hem staat Angulo op het punt om Colombia achter zich te laten en richting Belgi\u00eb te vliegen. De jonge aanvaller zou zelfs al afscheid hebben genomen van zijn ploegmaats in afwachting van de volgende stappen.<\/p>\n<p style=\"text-align:start\">Voor Club gaat het voorlopig niet om een definitieve transfer. Angulo zou tot het einde van het seizoen op huurbasis naar Jan Breydel komen. Blauw-Zwart zou wel een aankoopoptie laten opnemen, waardoor het nadien zelf kan beslissen of het de samenwerking met de Colombiaan wil voortzetten.<\/p>\n<p style=\"text-align:start\">Met Angulo lijkt Club vooral verder te investeren in jong aanvallend talent. Ondanks zijn leeftijd maakte de spits al minuten op het hoogste niveau in Colombia. Begin augustus liet hij zich nog nadrukkelijk zien door twee keer te scoren tijdens de 7-0-overwinning van Am\u00e9rica de Cali tegen Boyac\u00e1 Chic\u00f3.<\/p>\n<p style=\"text-align:start\">In aflevering 5 van het nieuwe seizoen van Tijd voor Voetbal bespreekt men de rode kaart voor Club Brugge-aanvaller Carlos Forbs tegen KAA Gent, een Brusselse derby die Union SG weer wint en ziet men een revelatie bij KRC Genk. Dat en nog veel meer in Tijd voor Voetbal. <\/p>\n","protected":false},"excerpt":{"rendered":"Net wanneer de transferactiviteiten bij Club Brugge voorbij leken, duikt vanuit Colombia alsnog een verrassende naam op. Blauw-Zwart&hellip;\n","protected":false},"author":2,"featured_media":133772,"comment_status":"","ping_status":"","sticky":false,"template":"","format":"standard","meta":{"footnotes":"","_share_on_mastodon":"0"},"categories":[55],"tags":[27,26,25,191,146,14883,14886,58,57,14885],"class_list":["post-133771","post","type-post","status-publish","format-standard","has-post-thumbnail","category-sport","tag-be","tag-belgie","tag-belgium","tag-club-brugge","tag-jupiler-pro-league","tag-nb-club-brugge","tag-nb-transfernieuws","tag-sport","tag-sports","tag-transfernieuws"],"share_on_mastodon":{"url":"https:\/\/pubeurope.com\/@be_nl\/117198611083490842","error":""},"_links":{"self":[{"href":"https:\/\/www.europesays.com\/be-nl\/wp-json\/wp\/v2\/posts\/133771","targetHints":{"allow":["GET"]}}],"collection":[{"href":"https:\/\/www.europesays.com\/be-nl\/wp-json\/wp\/v2\/posts"}],"about":[{"href":"https:\/\/www.europesays.com\/be-nl\/wp-json\/wp\/v2\/types\/post"}],"author":[{"embeddable":true,"href":"https:\/\/www.europesays.com\/be-nl\/wp-json\/wp\/v2\/users\/2"}],"replies":[{"embeddable":true,"href":"https:\/\/www.europesays.com\/be-nl\/wp-json\/wp\/v2\/comments?post=133771"}],"version-history":[{"count":0,"href":"https:\/\/www.europesays.com\/be-nl\/wp-json\/wp\/v2\/posts\/133771\/revisions"}],"wp:featuredmedia":[{"embeddable":true,"href":"https:\/\/www.europesays.com\/be-nl\/wp-json\/wp\/v2\/media\/133772"}],"wp:attachment":[{"href":"https:\/\/www.europesays.com\/be-nl\/wp-json\/wp\/v2\/media?parent=133771"}],"wp:term":[{"taxonomy":"category","embeddable":true,"href":"https:\/\/www.europesays.com\/be-nl\/wp-json\/wp\/v2\/categories?post=133771"},{"taxonomy":"post_tag","embeddable":true,"href":"https:\/\/www.europesays.com\/be-nl\/wp-json\/wp\/v2\/tags?post=133771"}],"curies":[{"name":"wp","href":"https:\/\/api.w.org\/{rel}","templated":true}]}}