{"id":134236,"date":"2026-09-02T14:08:22","date_gmt":"2026-09-02T14:08:22","guid":{"rendered":"https:\/\/www.europesays.com\/be-nl\/134236\/"},"modified":"2026-09-02T14:08:22","modified_gmt":"2026-09-02T14:08:22","slug":"antwerp-neemt-alvaro-cortes-over-van-fc-barcelona","status":"publish","type":"post","link":"https:\/\/www.europesays.com\/be-nl\/134236\/","title":{"rendered":"Antwerp neemt \u00c1lvaro Cort\u00e9s over van FC Barcelona"},"content":{"rendered":"<p>Royal Antwerp FC heeft toegeslagen op de transfermarkt. The Great Old neemt \u00c1lvaro Cort\u00e9s over van FC Barcelona.<\/p>\n<p>De 21-jarige Cort\u00e9s kwam in 2021 in de jeugdopleiding van Barcelona terecht. Hij sloot eerst aan bij de U19 en speelde vervolgens voor Bar\u00e7a Atl\u00e8tic. Tussendoor werd hij een seizoen uitgeleend aan CF Damm.<\/p>\n<p>In mei van dit jaar maakte Cort\u00e9s zijn debuut voor de hoofdmacht van Barcelona. Tegen Deportivo Alav\u00e9s speelde hij de volledige wedstrijd. Barcelona verloor het uitduel met 1-0.<\/p>\n<p>Nu laat Cort\u00e9s Cataloni\u00eb achter zich om in ons land aan de slag te gaan. De 21-jarige Spanjaard tekende op de Bosuil een contract voor vier seizoenen.<\/p>\n<p>In aflevering 5 van het nieuwe seizoen van Tijd voor Voetbal bespreekt men de rode kaart voor Club Brugge-aanvaller Carlos Forbs tegen KAA Gent, een Brusselse derby die Union SG weer wint en ziet men een revelatie bij KRC Genk. Dat en nog veel meer in Tijd voor Voetbal.<\/p>\n<p><\/p>\n","protected":false},"excerpt":{"rendered":"Royal Antwerp FC heeft toegeslagen op de transfermarkt. The Great Old neemt \u00c1lvaro Cort\u00e9s over van FC Barcelona.&hellip;\n","protected":false},"author":2,"featured_media":134237,"comment_status":"","ping_status":"","sticky":false,"template":"","format":"standard","meta":{"footnotes":"","_share_on_mastodon":"0"},"categories":[55],"tags":[27,26,25,146,14963,14886,228,58,57,14885],"class_list":["post-134236","post","type-post","status-publish","format-standard","has-post-thumbnail","category-sport","tag-be","tag-belgie","tag-belgium","tag-jupiler-pro-league","tag-nb-antwerp","tag-nb-transfernieuws","tag-royal-antwerp-fc","tag-sport","tag-sports","tag-transfernieuws"],"share_on_mastodon":{"url":"https:\/\/pubeurope.com\/@be_nl\/117201843531978950","error":""},"_links":{"self":[{"href":"https:\/\/www.europesays.com\/be-nl\/wp-json\/wp\/v2\/posts\/134236","targetHints":{"allow":["GET"]}}],"collection":[{"href":"https:\/\/www.europesays.com\/be-nl\/wp-json\/wp\/v2\/posts"}],"about":[{"href":"https:\/\/www.europesays.com\/be-nl\/wp-json\/wp\/v2\/types\/post"}],"author":[{"embeddable":true,"href":"https:\/\/www.europesays.com\/be-nl\/wp-json\/wp\/v2\/users\/2"}],"replies":[{"embeddable":true,"href":"https:\/\/www.europesays.com\/be-nl\/wp-json\/wp\/v2\/comments?post=134236"}],"version-history":[{"count":0,"href":"https:\/\/www.europesays.com\/be-nl\/wp-json\/wp\/v2\/posts\/134236\/revisions"}],"wp:featuredmedia":[{"embeddable":true,"href":"https:\/\/www.europesays.com\/be-nl\/wp-json\/wp\/v2\/media\/134237"}],"wp:attachment":[{"href":"https:\/\/www.europesays.com\/be-nl\/wp-json\/wp\/v2\/media?parent=134236"}],"wp:term":[{"taxonomy":"category","embeddable":true,"href":"https:\/\/www.europesays.com\/be-nl\/wp-json\/wp\/v2\/categories?post=134236"},{"taxonomy":"post_tag","embeddable":true,"href":"https:\/\/www.europesays.com\/be-nl\/wp-json\/wp\/v2\/tags?post=134236"}],"curies":[{"name":"wp","href":"https:\/\/api.w.org\/{rel}","templated":true}]}}