{"id":134820,"date":"2026-09-03T07:47:21","date_gmt":"2026-09-03T07:47:21","guid":{"rendered":"https:\/\/www.europesays.com\/be-nl\/134820\/"},"modified":"2026-09-03T07:47:21","modified_gmt":"2026-09-03T07:47:21","slug":"dendoncker-verbaast-vriend-en-vijand-met-nieuwe-club","status":"publish","type":"post","link":"https:\/\/www.europesays.com\/be-nl\/134820\/","title":{"rendered":"&#8216;Dendoncker verbaast vriend en vijand met nieuwe club&#8217;"},"content":{"rendered":"<p class=\"article__intro\" itemprop=\"description\">\n\t\t\t\t\tHij had op dit moment in zijn carri\u00e8re eigenlijk een vaste waarde moeten zijn bij de Rode Duivels, maar de voorbije jaren is Leander Dendoncker helemaal uit beeld verdwenen bij de nationale ploeg. De defensieve middenvelder kende op clubniveau immers enkele rampzalige jaren.\n\t\t\t\t<\/p>\n<p>De laatste van zijn 32 caps pakte de intussen 31-jarige middenvelder drie jaar geleden, in \u00e9\u00e9n van de eerste wedstrijden onder Domenico Tedesco. Daarna werd hij gepasseerd omdat hij bij Aston Villa niet meer aan de bak kwam. Ook uitleenbeurten aan Napoli en <a href=\"https:\/\/www.voetbalnieuws.be\/club\/rsc-anderlecht\" rel=\"nofollow noopener\" target=\"_blank\">Anderlecht<\/a> brachten weinig soelaas.<\/p>\n<p style=\"font-size: 1.1rem; font-weight: normal; margin: 1.5em 0; line-height: 1.6;\">\n\t\t\t\t\t\t\t\t\tLEES OOK:<br \/>\n\t\t\t\t\t\t\t\t\t <a href=\"https:\/\/www.voetbalnieuws.be\/news\/921655\/dendoncker-verrast-iedereen-met-nieuwe-club\" style=\"color: #4CAF50; font-weight: normal; !important; text-decoration: underline;\" rel=\"nofollow noopener\" target=\"_blank\">Dendoncker verrast iedereen met nieuwe club<\/a><\/p>\n<p>Stille zomer voor Dendoncker<\/p>\n<p>Vorig seizoen was Dendoncker aan de slag in LaLiga, maar daar kon hij Real Oviedo niet voor degradatie behoeden. Halfweg het seizoen verloor onze landgenoot er bovendien zijn basisplaats en na februari kwam hij zelfs helemaal niet meer aan spelen toe. Zijn aflopende contract werd dan ook niet verlengd.<\/p>\n<p>Sindsdien bleef het stil rond hem. In juli was er even sprake van interesse uit Itali\u00eb, Spanje, Frankrijk \u00e9n de <a href=\"https:\/\/www.voetbalnieuws.be\/competities\/belgie-jupiler-pro-league\" rel=\"nofollow noopener\" target=\"_blank\">Jupiler Pro League<\/a>, terwijl ook de Amerikaanse MLS genoemd werd als een mogelijke bestemming. Maar concreet werd die belangstelling ogenschijnlijk nooit.<\/p>\n<p>Verrassende <a href=\"https:\/\/www.voetbalnieuws.be\/transfergeruchten\" rel=\"nofollow noopener\" target=\"_blank\">transfer<\/a> op komst<\/p>\n<p>Dendoncker bleef zo de hele zomer wachten op een nieuwe werkgever. Nu lijkt hij die eindelijk te vinden, zij het in een zeer opvallende competitie. Volgens lokale media gaat hij immers aan de slag in Kroati\u00eb. Daar zou hij woensdag officieel voorgesteld worden bij Hajduk Split.<\/p>\n<p>Dat is traditioneel de op \u00e9\u00e9n na grootste club van Kroati\u00eb, maar het staat de laatste jaren helemaal in de schaduw van aartsrivaal Dinamo Zagreb. De laatste titel dateert intussen zelfs al van 2005. Dendoncker zal in Split alvast wel een landgenoot tegenkomen, want ook verdediger Alec Van Hoorenbeeck tekende er deze zomer.<\/p>\n<p>&#13;<\/p>\n<p lang=\"en\" dir=\"ltr\">\ud83d\udea8\u26aa\ufe0f \ud835\udc01\ud835\udc11\ud835\udc04\ud835\udc00\ud835\udc0a\ud835\udc08\ud835\udc0d\ud835\udc06: Leander Dendoncker is set to become a new Hajduk Split player! <\/p>\n<p>The 31-year-old former Aston Villa midfielder is a free agent after leaving Real Oviedo. Dendoncker is expected to fill Hajduk\u2019s problematic No. 6 position.<\/p>\n<p>Official confirmation is expected\u2026 <a href=\"https:\/\/t.co\/l18IF2BZYm\" rel=\"nofollow\">pic.twitter.com\/l18IF2BZYm<\/a><\/p>\n<p>&#13;<br \/>\n\u2014 Croatian Football \uea00 (@CroatiaFooty) <a href=\"https:\/\/x.com\/CroatiaFooty\/status\/2095088818525261902?ref_src=twsrc%5Etfw\" rel=\"nofollow\">September 2, 2026<\/a><\/p>\n<p>\t\t\t<script async src=\"https:\/\/platform.twitter.com\/widgets.js\" charset=\"utf-8\"><\/script><\/p>\n","protected":false},"excerpt":{"rendered":"Hij had op dit moment in zijn carri\u00e8re eigenlijk een vaste waarde moeten zijn bij de Rode Duivels,&hellip;\n","protected":false},"author":2,"featured_media":134821,"comment_status":"","ping_status":"","sticky":false,"template":"","format":"standard","meta":{"footnotes":"","_share_on_mastodon":"0"},"categories":[9],"tags":[27,26,25,19,20,23,24,26930,14,15,21,22,22230,12,13,16,17,18],"class_list":["post-134820","post","type-post","status-publish","format-standard","has-post-thumbnail","category-hoofdpunten","tag-be","tag-belgie","tag-belgium","tag-breaking-news","tag-breakingnews","tag-featured-news","tag-featurednews","tag-hajduk-split","tag-headlines","tag-hoofdpunten","tag-latest-news","tag-latestnews","tag-leander-dendoncker","tag-news","tag-nieuws","tag-top-stories","tag-topstories","tag-voorpaginanieuws"],"share_on_mastodon":{"url":"https:\/\/pubeurope.com\/@be_nl\/117206007340983173","error":""},"_links":{"self":[{"href":"https:\/\/www.europesays.com\/be-nl\/wp-json\/wp\/v2\/posts\/134820","targetHints":{"allow":["GET"]}}],"collection":[{"href":"https:\/\/www.europesays.com\/be-nl\/wp-json\/wp\/v2\/posts"}],"about":[{"href":"https:\/\/www.europesays.com\/be-nl\/wp-json\/wp\/v2\/types\/post"}],"author":[{"embeddable":true,"href":"https:\/\/www.europesays.com\/be-nl\/wp-json\/wp\/v2\/users\/2"}],"replies":[{"embeddable":true,"href":"https:\/\/www.europesays.com\/be-nl\/wp-json\/wp\/v2\/comments?post=134820"}],"version-history":[{"count":0,"href":"https:\/\/www.europesays.com\/be-nl\/wp-json\/wp\/v2\/posts\/134820\/revisions"}],"wp:featuredmedia":[{"embeddable":true,"href":"https:\/\/www.europesays.com\/be-nl\/wp-json\/wp\/v2\/media\/134821"}],"wp:attachment":[{"href":"https:\/\/www.europesays.com\/be-nl\/wp-json\/wp\/v2\/media?parent=134820"}],"wp:term":[{"taxonomy":"category","embeddable":true,"href":"https:\/\/www.europesays.com\/be-nl\/wp-json\/wp\/v2\/categories?post=134820"},{"taxonomy":"post_tag","embeddable":true,"href":"https:\/\/www.europesays.com\/be-nl\/wp-json\/wp\/v2\/tags?post=134820"}],"curies":[{"name":"wp","href":"https:\/\/api.w.org\/{rel}","templated":true}]}}