{"id":135056,"date":"2026-09-03T13:50:25","date_gmt":"2026-09-03T13:50:25","guid":{"rendered":"https:\/\/www.europesays.com\/be-nl\/135056\/"},"modified":"2026-09-03T13:50:25","modified_gmt":"2026-09-03T13:50:25","slug":"volgens-zelensky-zijn-oekraine-en-duitsland-dicht-bij-nieuwe-dronedeal","status":"publish","type":"post","link":"https:\/\/www.europesays.com\/be-nl\/135056\/","title":{"rendered":"Volgens Zelensky zijn Oekra\u00efne en Duitsland dicht bij nieuwe dronedeal"},"content":{"rendered":"<p>                    <img decoding=\"async\" style=\"aspect-ratio:16\/9\" src=\"https:\/\/www.europesays.com\/be-nl\/wp-content\/uploads\/2026\/09\/Volodymyr-Zelensky-Oekraine-Ukraine-2026-3.jpg\" width=\"100%\" loading=\"eager\"\/><\/p>\n<p>                            <a href=\"https:\/\/businessam.be\/author\/redactie\/\" class=\"author-thumbnail\" style=\"border: 2px inset #00000099;\" rel=\"nofollow noopener\" target=\"_blank\"><img loading=\"lazy\" decoding=\"async\" src=\"https:\/\/www.europesays.com\/be-nl\/wp-content\/uploads\/2026\/09\/1788443424_898_cropped-favicon-192x192.png\" width=\"80\" height=\"80\" alt=\"businessam.be\"\/><\/a>\ue05bdoor <a href=\"https:\/\/businessam.be\/author\/redactie\/\" rel=\"nofollow noopener\" target=\"_blank\">businessam.be<\/a><br \/>\ue010gepubliceerd op woensdag 02 september 2026 om 20:31 \u2022 <br \/>\ue00c2 min lezen<\/p>\n<p>    Lees voor<\/p>\n<p>Key takeaways<\/p>\n<p>Oekra\u00efne en Duitsland leggen de laatste hand aan een overeenkomst over de productie van drones en raketten.<\/p>\n<p>Via joint ventures wordt de productie van luchtverdedigingstechnologie\u00ebn en onderscheppingsraketten nu opgeschaald.<\/p>\n<p>Dankzij Duitse financiering krijgt Kiev de beschikking over duizenden gespecialiseerde aanvals- en onderscheppingsdrones.<\/p>\n<p class=\"wp-block-paragraph\">President Volodymyr Zelensky heeft bekendgemaakt dat Oekra\u00efne en Duitsland zich in de laatste fase bevinden van het sluiten van een droneovereenkomst, na besprekingen met bondskanselier Friedrich Merz. <\/p>\n<p>Uitbreiding van militaire samenwerking<\/p>\n<p class=\"wp-block-paragraph\">Dit nieuwe partnerschap bouwt voort op een reeds bestaande basis van militaire samenwerking. Een belangrijk bestaand project betreft een overeenkomst ter waarde van meerdere miljoenen euro\u2019s om Kiev te voorzien van ongeveer 15.000 Strila-onderscheppingsraketten, die specifiek zijn ontworpen om aanvalsdrones van het type Shahed uit te schakelen. <\/p>\n<p class=\"wp-block-paragraph\">Bovendien heeft Duitsland financi\u00eble steun verleend voor de aankoop van 50.000 Shrike-aanvalsdrones van het Oekra\u00efense bedrijf SkyFall, wat een van de meest omvangrijke droneaankopen voor Oekra\u00efne is die door een westerse bondgenoot wordt gefinancierd.<\/p>\n<p>Industri\u00eble synergie\u00a0<\/p>\n<p class=\"wp-block-paragraph\">Ook de industri\u00eble samenwerking wordt ge\u00efntensiveerd, zoals bleek in april toen het Oekra\u00efense bedrijf WIY Drones en het Duitse Quantum Systems een joint venture oprichtten onder de naam Quantum WIY Industries. Dit partnerschap is gericht op het opschalen van de productie van luchtverdedigingstechnologie\u00ebn en interceptordrones.<\/p>\n<p>Toekomstige ontmoetingen <\/p>\n<p class=\"wp-block-paragraph\">In een afzonderlijke update op X merkte Zelensky op dat zijn gesprek met Merz ook ging over toekomstige persoonlijke ontmoetingen en aanvullende Duitse steun met betrekking tot luchtverdedigingssystemen.<\/p>\n<p class=\"wp-block-paragraph\">(at)<\/p>\n<p class=\"wp-block-paragraph\"><a href=\"https:\/\/landing.mailerlite.com\/webforms\/landing\/p4c8w8\" target=\"_blank\" rel=\"nofollow noopener\">Wil je meer defensienieuws ontvangen? Schrijf je in op onze wekelijkse Defensie Insider-nieuwsbrief<\/a><\/p>\n<p class=\"wp-block-paragraph\"><a href=\"https:\/\/news.google.com\/publications\/CAow87yUCw?hl=nl&amp;gl=BE&amp;ceid=BE%3Anl\" target=\"_blank\" rel=\"nofollow noopener\">Volg Business AM ook op Google Nieuws<\/a><\/p>\n<p class=\"wp-block-paragraph\"><a href=\"https:\/\/portal.businessam.be\/plans\/business-am-zomer-aanbieding\/\" target=\"_blank\" rel=\"nofollow noopener\">Wil je toegang tot alle artikelen, geniet tijdelijk van onze promo en abonneer je hier!<\/a><\/p>\n<p><a href=\"https:\/\/www.google.com\/preferences\/source?q=businessam.be\" target=\"_blank\" rel=\"noopener noreferrer nofollow\" class=\"google-preferred-badge\"><br \/>\n    <img decoding=\"async\" src=\"https:\/\/www.europesays.com\/be-nl\/wp-content\/uploads\/2026\/09\/1788443425_495_google_preferred_source_badge_dark_BAM_nl.png\" alt=\"Voeg businessam.be toe als preferred source op Google\" style=\"max-width: 50%; height: auto; border: 0; display: block; margin: 30px 0;\"\/><br \/>\n<\/a><\/p>\n","protected":false},"excerpt":{"rendered":"\ue05bdoor businessam.be\ue010gepubliceerd op woensdag 02 september 2026 om 20:31 \u2022 \ue00c2 min lezen Lees voor Key takeaways Oekra\u00efne&hellip;\n","protected":false},"author":2,"featured_media":135057,"comment_status":"","ping_status":"","sticky":false,"template":"","format":"standard","meta":{"footnotes":"","_share_on_mastodon":"0"},"categories":[11],"tags":[3254,156,15,2154,12,13,244,18,31,28,29,30,1585],"class_list":["post-135056","post","type-post","status-publish","format-standard","has-post-thumbnail","category-wereld","tag-drones","tag-duitsland","tag-hoofdpunten","tag-merz","tag-news","tag-nieuws","tag-oekraine","tag-voorpaginanieuws","tag-wereld","tag-world","tag-world-news","tag-worldnews","tag-zelensky"],"share_on_mastodon":{"url":"https:\/\/pubeurope.com\/@be_nl\/117207435133564326","error":""},"_links":{"self":[{"href":"https:\/\/www.europesays.com\/be-nl\/wp-json\/wp\/v2\/posts\/135056","targetHints":{"allow":["GET"]}}],"collection":[{"href":"https:\/\/www.europesays.com\/be-nl\/wp-json\/wp\/v2\/posts"}],"about":[{"href":"https:\/\/www.europesays.com\/be-nl\/wp-json\/wp\/v2\/types\/post"}],"author":[{"embeddable":true,"href":"https:\/\/www.europesays.com\/be-nl\/wp-json\/wp\/v2\/users\/2"}],"replies":[{"embeddable":true,"href":"https:\/\/www.europesays.com\/be-nl\/wp-json\/wp\/v2\/comments?post=135056"}],"version-history":[{"count":0,"href":"https:\/\/www.europesays.com\/be-nl\/wp-json\/wp\/v2\/posts\/135056\/revisions"}],"wp:featuredmedia":[{"embeddable":true,"href":"https:\/\/www.europesays.com\/be-nl\/wp-json\/wp\/v2\/media\/135057"}],"wp:attachment":[{"href":"https:\/\/www.europesays.com\/be-nl\/wp-json\/wp\/v2\/media?parent=135056"}],"wp:term":[{"taxonomy":"category","embeddable":true,"href":"https:\/\/www.europesays.com\/be-nl\/wp-json\/wp\/v2\/categories?post=135056"},{"taxonomy":"post_tag","embeddable":true,"href":"https:\/\/www.europesays.com\/be-nl\/wp-json\/wp\/v2\/tags?post=135056"}],"curies":[{"name":"wp","href":"https:\/\/api.w.org\/{rel}","templated":true}]}}