{"id":135293,"date":"2026-09-03T18:59:08","date_gmt":"2026-09-03T18:59:08","guid":{"rendered":"https:\/\/www.europesays.com\/be-nl\/135293\/"},"modified":"2026-09-03T18:59:08","modified_gmt":"2026-09-03T18:59:08","slug":"club-fans-fronsen-wenkbrauwen-gent-haalt-slag-thuis-na-rood-cisse","status":"publish","type":"post","link":"https:\/\/www.europesays.com\/be-nl\/135293\/","title":{"rendered":"Club-fans fronsen wenkbrauwen: Gent haalt slag thuis na rood Ciss\u00e9"},"content":{"rendered":"<p class=\"article__intro\" itemprop=\"description\">\n\t\t\t\t\tAA Gent won afgelopen zondag met 2-1 van <a href=\"https:\/\/www.voetbalnieuws.be\/club\/club-brugge-kv\" rel=\"nofollow noopener\" target=\"_blank\">Club Brugge<\/a> na een redelijk onderhoudende wedstrijd. De twee ploegen eindigden wel met een mannetje minder op het veld na een rode kaart aan beide zijden. De strafmaat is echter verschillend.\u00a0\n\t\t\t\t<\/p>\n<p>Club eiste in de zogenaamde &#8216;Slag om Vlaanderen&#8217; het balbezit op, maar cre\u00eberde daar te weinig doelgevaar mee. Gent was op zijn beurt behoorlijk gevaarlijk op de tegenaanval. De thuisploeg kwam ook op voorsprong, waarna Club vrijwel meteen langszij kwam. Na 70 minuten volgde echter een nieuwe bepalende fase. Zo ging het licht even uit bij <a href=\"https:\/\/www.voetbalnieuws.be\/speler\/carlos-forbs\" rel=\"nofollow noopener\" target=\"_blank\">Carlos Forbs<\/a>.\u00a0<\/p>\n<p style=\"font-size: 1.1rem; font-weight: normal; margin: 1.5em 0; line-height: 1.6;\">\n\t\t\t\t\t\t\t\t\tLEES OOK:<br \/>\n\t\t\t\t\t\t\t\t\t <a href=\"https:\/\/www.voetbalnieuws.be\/news\/921054\/grote-zondebok-bij-club-brugge-dat-doe-je-bij-de-u16\" style=\"color: #4CAF50; font-weight: normal; !important; text-decoration: underline;\" rel=\"nofollow noopener\" target=\"_blank\">Grote zondebok bij Club Brugge: &#8220;Dat doe je bij de U16&#8221;<\/a><\/p>\n<p>Rood aan beide zijde<\/p>\n<p>De Portugees incasseerde een venijnige fout van <a href=\"https:\/\/www.voetbalnieuws.be\/speler\/siebe-van-der-heyden\" rel=\"nofollow noopener\" target=\"_blank\">Siebe Van der Heyden<\/a> en ging vervolgens op agressieve wijze verhaal halen. Ref Erik Lambrechts trok meteen rood. Een strenge beslissing die heel wat discussie liet oplaaien. Zeker omdat Gent met een man meer de match naar zich kon toe trekken. Al kregen ook de Buffalo&#8217;s in de absolute slotseconden rood.<\/p>\n<p>Matchwinnaar Ibrahima Ciss\u00e9 ging erg stevig door op <a href=\"https:\/\/www.voetbalnieuws.be\/speler\/joaquin-seys\" rel=\"nofollow noopener\" target=\"_blank\">Joaquin Seys<\/a> en deelde daarbij ook een elleboog uit. Lambrechts twijfelde niet en greep opnieuw naar de rode kaart. Die beslissing deed veel minder stof opwaaien. Grotendeels omdat het geen invloed meer had op de wedstrijd, maar ook omdat het fysieke contact veel zwaarder leek dan de fase bij Forbs.<\/p>\n<p>Allebei \u00e9\u00e9n speeldag effectief<\/p>\n<p>Inmiddels boog ook het bondsparket zich over beide zaken. Forbs kreeg een schorsing opgelegd van \u00e9\u00e9n speeldag effectief en twee voorwaardelijk. <a href=\"https:\/\/www.voetbalnieuws.be\/news\/921372\/club-brugge-aanvaardt-schorsing-forbs-aa-gent-in-beroep\" rel=\"nofollow noopener\" target=\"_blank\"><a href=\"https:\/\/www.voetbalnieuws.be\/club\/club-brugge-kv\" rel=\"nofollow noopener\" target=\"_blank\">Club Brugge<\/a> legde zich neer bij dat sanctievoorstel. Voor Ciss\u00e9 werden aanvankelijk twee wedstrijden effectief en twee voorwaardelijk gevorderd. Gent ging echter wel in beroep en haalt nu zijn slag thuis.<\/p>\n<p>Zo werd de straf teruggebracht naar \u00e9\u00e9n match effectief en slechts \u00e9\u00e9n voorwaardelijk, waardoor Ciss\u00e9 voorlopig enkel het inhaalduel van donderdagavond tegen OH Leuven mist. Op sociale media tonen verschillende Club-fans zich kritisch voor het feit dat Forbs uiteindelijk een iets zwaardere straf krijgt. Al heeft dat dus vooral te maken met de geslaagde beroepsprocedure van Gent.<\/p>\n<p>Vergelijk beide fases:<br \/>\n&#13;<\/p>\n<p lang=\"nl\" dir=\"ltr\">\ud83d\udfe5 | Verdiende <a href=\"https:\/\/www.voetbalnieuws.be\/speler\/carlos-forbs\" rel=\"nofollow noopener\" target=\"_blank\">Carlos Forbs<\/a> volgens jou rood? \ud83d\udca5\ud83e\udd14 <a href=\"https:\/\/x.com\/hashtag\/GNTCLU?src=hash&amp;ref_src=twsrc%5Etfw\" rel=\"nofollow\">#GNTCLU<\/a> <a href=\"https:\/\/t.co\/QKPqKtx7kR\" rel=\"nofollow\">pic.twitter.com\/QKPqKtx7kR<\/a><\/p>\n<p>&#13;<br \/>\n\u2014 DAZN Belgi\u00eb (@DAZN_BENL) <a href=\"https:\/\/x.com\/DAZN_BENL\/status\/2094050229158817967?ref_src=twsrc%5Etfw\" rel=\"nofollow\">August 30, 2026<\/a><\/p>\n<p>&#13;<\/p>\n<p lang=\"nl\" dir=\"ltr\">\ud83d\udfe5 | Ibrahima Ciss\u00e9 pakt op enkele seconden van het einde nog een rode kaart! \u274c <a href=\"https:\/\/x.com\/hashtag\/GNTCLU?src=hash&amp;ref_src=twsrc%5Etfw\" rel=\"nofollow\">#GNTCLU<\/a> <a href=\"https:\/\/t.co\/g4X1VqKmvh\" rel=\"nofollow\">pic.twitter.com\/g4X1VqKmvh<\/a><\/p>\n<p>&#13;<br \/>\n\u2014 DAZN Belgi\u00eb (@DAZN_BENL) <a href=\"https:\/\/x.com\/DAZN_BENL\/status\/2094056912245411846?ref_src=twsrc%5Etfw\" rel=\"nofollow\">August 30, 2026<\/a><\/p>\n<p>\t\t\t<script async src=\"https:\/\/platform.twitter.com\/widgets.js\" charset=\"utf-8\"><\/script><\/p>\n","protected":false},"excerpt":{"rendered":"AA Gent won afgelopen zondag met 2-1 van Club Brugge na een redelijk onderhoudende wedstrijd. De twee ploegen&hellip;\n","protected":false},"author":2,"featured_media":135294,"comment_status":"","ping_status":"","sticky":false,"template":"","format":"standard","meta":{"footnotes":"","_share_on_mastodon":"0"},"categories":[55],"tags":[550,27,26,25,2241,191,17873,146,58,57],"class_list":["post-135293","post","type-post","status-publish","format-standard","has-post-thumbnail","category-sport","tag-aa-gent","tag-be","tag-belgie","tag-belgium","tag-carlos-forbs","tag-club-brugge","tag-ibrahima-cisse","tag-jupiler-pro-league","tag-sport","tag-sports"],"share_on_mastodon":{"url":"https:\/\/pubeurope.com\/@be_nl\/117208649989041321","error":""},"_links":{"self":[{"href":"https:\/\/www.europesays.com\/be-nl\/wp-json\/wp\/v2\/posts\/135293","targetHints":{"allow":["GET"]}}],"collection":[{"href":"https:\/\/www.europesays.com\/be-nl\/wp-json\/wp\/v2\/posts"}],"about":[{"href":"https:\/\/www.europesays.com\/be-nl\/wp-json\/wp\/v2\/types\/post"}],"author":[{"embeddable":true,"href":"https:\/\/www.europesays.com\/be-nl\/wp-json\/wp\/v2\/users\/2"}],"replies":[{"embeddable":true,"href":"https:\/\/www.europesays.com\/be-nl\/wp-json\/wp\/v2\/comments?post=135293"}],"version-history":[{"count":0,"href":"https:\/\/www.europesays.com\/be-nl\/wp-json\/wp\/v2\/posts\/135293\/revisions"}],"wp:featuredmedia":[{"embeddable":true,"href":"https:\/\/www.europesays.com\/be-nl\/wp-json\/wp\/v2\/media\/135294"}],"wp:attachment":[{"href":"https:\/\/www.europesays.com\/be-nl\/wp-json\/wp\/v2\/media?parent=135293"}],"wp:term":[{"taxonomy":"category","embeddable":true,"href":"https:\/\/www.europesays.com\/be-nl\/wp-json\/wp\/v2\/categories?post=135293"},{"taxonomy":"post_tag","embeddable":true,"href":"https:\/\/www.europesays.com\/be-nl\/wp-json\/wp\/v2\/tags?post=135293"}],"curies":[{"name":"wp","href":"https:\/\/api.w.org\/{rel}","templated":true}]}}