{"id":135626,"date":"2026-09-04T06:59:15","date_gmt":"2026-09-04T06:59:15","guid":{"rendered":"https:\/\/www.europesays.com\/be-nl\/135626\/"},"modified":"2026-09-04T06:59:15","modified_gmt":"2026-09-04T06:59:15","slug":"live-12-40-uur-opnieuw-een-kans-voor-wout-van-aert-verraderlijke-heuvelrit-in-vuelta-kan-alle-kanten-op","status":"publish","type":"post","link":"https:\/\/www.europesays.com\/be-nl\/135626\/","title":{"rendered":"LIVE (12.40 uur): Opnieuw een kans voor Wout van Aert? Verraderlijke heuvelrit in Vuelta kan alle kanten op"},"content":{"rendered":"<p>vr 4 september 2026 \u2022 07:18<\/p>\n<p>Vuelta a Espa\u00f1a Etappe 13, Wegwedstrijd, Semi Bergetappe, van Almu\u00f1\u00e9car naar Loja, vandaag<br \/>\nom 12:41<\/p>\n<p>Vuelta a Espa\u00f1a<\/p>\n<p>12:41 Almu\u00f1\u00e9car &#8211; 17:30 Loja<\/p>\n<p>Donderdag dook hij nog mee in de vlucht op puntenjacht, vandaag zullen de ogen van Wout van Aert alweer om een andere reden fonkelen. Onze landgenoot lijkt in de verraderlijke 13e rit van de Vuelta een van de kanshebbers op de dagzege. Glipt hij opnieuw mee in de ontsnapping of rekent hij op een sprint? Je beleeft het hier vanaf 12.40 uur.<\/p>\n<p>Lastig te voorspellen<\/p>\n<p>De 13e rit in deze Vuelta is er eentje die alle kanten op kan. De etappe start met een pittige col van eerste categorie, later doemen nog twee cols van tweede categorie op. Opnieuw een buitenkansje voor de vluchters? Of rekenen sterke beren als Wout van Aert op een sprint met een uitgedunde groep?<\/p>\n<p>Vuelta a Espa\u00f1a<\/p>\n","protected":false},"excerpt":{"rendered":"vr 4 september 2026 \u2022 07:18 Vuelta a Espa\u00f1a Etappe 13, Wegwedstrijd, Semi Bergetappe, van Almu\u00f1\u00e9car naar Loja,&hellip;\n","protected":false},"author":2,"featured_media":135627,"comment_status":"","ping_status":"","sticky":false,"template":"","format":"standard","meta":{"footnotes":"","_share_on_mastodon":"0"},"categories":[9],"tags":[27,26,25,19,20,23,24,14,15,21,22,12,13,16,17,18],"class_list":["post-135626","post","type-post","status-publish","format-standard","has-post-thumbnail","category-hoofdpunten","tag-be","tag-belgie","tag-belgium","tag-breaking-news","tag-breakingnews","tag-featured-news","tag-featurednews","tag-headlines","tag-hoofdpunten","tag-latest-news","tag-latestnews","tag-news","tag-nieuws","tag-top-stories","tag-topstories","tag-voorpaginanieuws"],"share_on_mastodon":{"url":"https:\/\/pubeurope.com\/@be_nl\/117211481120101463","error":""},"_links":{"self":[{"href":"https:\/\/www.europesays.com\/be-nl\/wp-json\/wp\/v2\/posts\/135626","targetHints":{"allow":["GET"]}}],"collection":[{"href":"https:\/\/www.europesays.com\/be-nl\/wp-json\/wp\/v2\/posts"}],"about":[{"href":"https:\/\/www.europesays.com\/be-nl\/wp-json\/wp\/v2\/types\/post"}],"author":[{"embeddable":true,"href":"https:\/\/www.europesays.com\/be-nl\/wp-json\/wp\/v2\/users\/2"}],"replies":[{"embeddable":true,"href":"https:\/\/www.europesays.com\/be-nl\/wp-json\/wp\/v2\/comments?post=135626"}],"version-history":[{"count":0,"href":"https:\/\/www.europesays.com\/be-nl\/wp-json\/wp\/v2\/posts\/135626\/revisions"}],"wp:featuredmedia":[{"embeddable":true,"href":"https:\/\/www.europesays.com\/be-nl\/wp-json\/wp\/v2\/media\/135627"}],"wp:attachment":[{"href":"https:\/\/www.europesays.com\/be-nl\/wp-json\/wp\/v2\/media?parent=135626"}],"wp:term":[{"taxonomy":"category","embeddable":true,"href":"https:\/\/www.europesays.com\/be-nl\/wp-json\/wp\/v2\/categories?post=135626"},{"taxonomy":"post_tag","embeddable":true,"href":"https:\/\/www.europesays.com\/be-nl\/wp-json\/wp\/v2\/tags?post=135626"}],"curies":[{"name":"wp","href":"https:\/\/api.w.org\/{rel}","templated":true}]}}