{"id":135946,"date":"2026-09-04T15:09:12","date_gmt":"2026-09-04T15:09:12","guid":{"rendered":"https:\/\/www.europesays.com\/be-nl\/135946\/"},"modified":"2026-09-04T15:09:12","modified_gmt":"2026-09-04T15:09:12","slug":"sk-beveren-pakt-nog-op-de-valreep-uit-met-international","status":"publish","type":"post","link":"https:\/\/www.europesays.com\/be-nl\/135946\/","title":{"rendered":"SK Beveren pakt nog op de valreep uit met international"},"content":{"rendered":"<p class=\"article__intro\" itemprop=\"description\">\n\t\t\t\t\tSK Beveren werd vorig seizoen ongeslagen kampioen in de Challenger Pro League, maar in de <a href=\"https:\/\/www.voetbalnieuws.be\/competities\/belgie-jupiler-pro-league\" rel=\"nofollow noopener\" target=\"_blank\">Jupiler Pro League<\/a> is het andere koek. De traditieclub heeft op het slot van de zomermercato nog uitgepakt met een knappe <a href=\"https:\/\/www.voetbalnieuws.be\/transfergeruchten\" rel=\"nofollow noopener\" target=\"_blank\">transfer<\/a>.\n\t\t\t\t<\/p>\n<p>SK Beveren heeft de komst van Cheick Oumar Konat\u00e9 bekendgemaakt. De Malinese international wordt overgenomen van het Franse Clermont Foot 63. <a href=\"https:\/\/www.voetbalnieuws.be\/speler\/bob-peeters\" rel=\"nofollow noopener\" target=\"_blank\">Bob Peeters<\/a> was in de wolken met zijn nieuwe aanwinst.<\/p>\n<p style=\"font-size: 1.1rem; font-weight: normal; margin: 1.5em 0; line-height: 1.6;\">\n\t\t\t\t\t\t\t\t\tLEES OOK:<br \/>\n\t\t\t\t\t\t\t\t\t <a href=\"https:\/\/www.voetbalnieuws.be\/news\/921958\/sk-beveren-blijft-gaan-bob-peeters-pakt-weer-uit\" style=\"color: #4CAF50; font-weight: normal; !important; text-decoration: underline;\" rel=\"nofollow noopener\" target=\"_blank\">SK Beveren blijft gaan: Bob Peeters pakt w\u00e9\u00e9r uit<\/a><\/p>\n<p>Duelkracht en explosief<\/p>\n<p>\u2018SK Beveren heeft een akkoord bereikt met Clermont Foot 63 over de definitieve overgang van rechtsachter Cheick Oumar Konat\u00e9. De 22-jarige Malinese international ondertekent op de Freethiel een contract tot medio 2028, met een optie op een extra seizoen. Konat\u00e9 genoot zijn opleiding bij FC Guidars in Bamako en maakte in 2022 de overstap naar Clermont Foot\u2019, zo staat te lezen op de webstek van Beveren.<\/p>\n<p>De rechtsback wordt omschreven als explosief en sterk in de duels. \u2018Daar debuteerde hij op achttienjarige leeftijd in de Ligue 1. Intussen verzamelde hij bijna wedstrijden in het Europese profvoetbal, verspreid over de Ligue 1, Ligue 2 en de Griekse Super League. Met zijn duelkracht, explosiviteit en kwaliteiten in balbezit past Konat\u00e9 perfect in het profiel dat de sportieve cel voor de rechtsachterpositie had uitgetekend.\u2019<\/p>\n<p>General Manager Sports, <a href=\"https:\/\/www.voetbalnieuws.be\/speler\/bob-peeters\" rel=\"nofollow noopener\" target=\"_blank\">Bob Peeters<\/a>, is in de wolken. \u201cKonat\u00e9 is een jonge verdediger die ondanks zijn leeftijd al heel wat wedstrijden op de teller heeft in sterke competities. Hij is snel en verdedigend sterk, met name in de \u00e9\u00e9n- tegen-\u00e9\u00e9n en in zijn agressieve manier van druk zetten. Ook aan de bal beschikt hij over kwaliteiten die voor ons een meerwaarde kunnen betekenen.\u201d<\/p>\n<p>Peeters kijkt uit naar Konat\u00e9. \u201cMet zijn progressieve rushes aan de bal kan hij veel terrein overbruggen en de ploeg vooruit helpen. We zijn tevreden dat we Konat\u00e9 definitief aan ons konden binden, op een positie waar we extra kwaliteit en concurrentie wilden toevoegen. We willen ook uitdrukkelijk Clermont Foot bedanken voor de positieve en constructieve houding tijdens de gesprekken.\u201d<\/p>\n<p>&#13;<\/p>\n<p lang=\"nl\" dir=\"ltr\">\ud835\uddea\ud835\uddd8\ud835\udddf\ud835\uddde\ud835\udde2\ud835\udde0, \ud835\uddd6\ud835\udddb\ud835\uddd8\ud835\udddc\ud835\uddd6\ud835\uddde \ud83d\udfe1\ud83d\udd35 <\/p>\n<p>Cheick Konat\u00e9 is onze nieuwe aanwinst! De 22-jarige Malinese international ondertekent op de Freethiel een contract tot medio 2028, met een optie op een extra seizoen. <\/p>\n<p>Alle info lees je via <a href=\"https:\/\/t.co\/23O68xHTgI\" rel=\"nofollow\">https:\/\/t.co\/23O68xHTgI<\/a> <a href=\"https:\/\/t.co\/guFqt5u3ye\" rel=\"nofollow\">pic.twitter.com\/guFqt5u3ye<\/a><\/p>\n<p>&#13;<br \/>\n\u2014 SK Beveren (@SKBeveren) <a href=\"https:\/\/x.com\/SKBeveren\/status\/2095784399941829023?ref_src=twsrc%5Etfw\" rel=\"nofollow\">September 4, 2026<\/a><\/p>\n<p>\t\t\t<script async src=\"https:\/\/platform.twitter.com\/widgets.js\" charset=\"utf-8\"><\/script><\/p>\n","protected":false},"excerpt":{"rendered":"SK Beveren werd vorig seizoen ongeslagen kampioen in de Challenger Pro League, maar in de Jupiler Pro League&hellip;\n","protected":false},"author":2,"featured_media":135947,"comment_status":"","ping_status":"","sticky":false,"template":"","format":"standard","meta":{"footnotes":"","_share_on_mastodon":"0"},"categories":[55],"tags":[27,26,25,4326,1158,27866,27865,146,4327,58,57],"class_list":["post-135946","post","type-post","status-publish","format-standard","has-post-thumbnail","category-sport","tag-be","tag-belgie","tag-belgium","tag-bob-peeters","tag-challenger-pro-league","tag-cheick-oumar-konat","tag-clermont-foot-63","tag-jupiler-pro-league","tag-sk-beveren","tag-sport","tag-sports"],"share_on_mastodon":{"url":"https:\/\/pubeurope.com\/@be_nl\/117213407668841185","error":""},"_links":{"self":[{"href":"https:\/\/www.europesays.com\/be-nl\/wp-json\/wp\/v2\/posts\/135946","targetHints":{"allow":["GET"]}}],"collection":[{"href":"https:\/\/www.europesays.com\/be-nl\/wp-json\/wp\/v2\/posts"}],"about":[{"href":"https:\/\/www.europesays.com\/be-nl\/wp-json\/wp\/v2\/types\/post"}],"author":[{"embeddable":true,"href":"https:\/\/www.europesays.com\/be-nl\/wp-json\/wp\/v2\/users\/2"}],"replies":[{"embeddable":true,"href":"https:\/\/www.europesays.com\/be-nl\/wp-json\/wp\/v2\/comments?post=135946"}],"version-history":[{"count":0,"href":"https:\/\/www.europesays.com\/be-nl\/wp-json\/wp\/v2\/posts\/135946\/revisions"}],"wp:featuredmedia":[{"embeddable":true,"href":"https:\/\/www.europesays.com\/be-nl\/wp-json\/wp\/v2\/media\/135947"}],"wp:attachment":[{"href":"https:\/\/www.europesays.com\/be-nl\/wp-json\/wp\/v2\/media?parent=135946"}],"wp:term":[{"taxonomy":"category","embeddable":true,"href":"https:\/\/www.europesays.com\/be-nl\/wp-json\/wp\/v2\/categories?post=135946"},{"taxonomy":"post_tag","embeddable":true,"href":"https:\/\/www.europesays.com\/be-nl\/wp-json\/wp\/v2\/tags?post=135946"}],"curies":[{"name":"wp","href":"https:\/\/api.w.org\/{rel}","templated":true}]}}