{"id":58161,"date":"2026-05-07T16:15:15","date_gmt":"2026-05-07T16:15:15","guid":{"rendered":"https:\/\/www.europesays.com\/be-nl\/58161\/"},"modified":"2026-05-07T16:15:15","modified_gmt":"2026-05-07T16:15:15","slug":"borussia-dortmund-verdediger-niklas-sule-stopt-na-dit-seizoen-als-profvoetballer","status":"publish","type":"post","link":"https:\/\/www.europesays.com\/be-nl\/58161\/","title":{"rendered":"Borussia Dortmund-verdediger Niklas S\u00fcle stopt na dit seizoen als profvoetballer"},"content":{"rendered":"<p class=\"intro\">Niklas S\u00fcle stopt als profvoetballer. Na dit seizoen houdt de verdediger van Borussia Dortmund, die pas dertig jaar oud is, het voor gezien. Dat maakt S\u00fcle bekend in de podcast Spielmacher.<\/p>\n<p>Dat S\u00fcle zou gaan vertrekken bij Dortmund, zat er sowieso al aan te komen. De Duitse verdediger beschikte bij BVB over een aflopend contract dat niet verlengd ging worden. De afgelopen weken werd S\u00fcle gelinkt een potenti\u00eble nieuwe clubs, maar daar kan nu allemaal een flinke streep doorheen.<\/p>\n<p>&#8220;Ik wil aankondigen dat ik deze zomer een einde maak aan mijn carri\u00e8re&#8221;, klinkt het bij Spielmacher. S\u00fcle speelde al langer met het idee om te stoppen. De knoop hakte hij door na de wedstrijd tegen TSG Hoffenheim (2-1) nederlaag, waarin hij een knieblessure opliep. &#8220;Ik stond onder de douche en heb tien minuten gehuild.&#8221;<\/p>\n<p>De blessure viel uiteindelijk mee, maar het idee om profvoetballer af te zijn werd bij S\u00fcle opeens h\u00e9\u00e9l sterk &#8220;Ik keek uit naar de tijd erna. Onafhankelijk zijn, op vakantie gaan, tijd doorbrengen met mijn kinderen&#8221;, aldus de 49-voudig international van Duitsland, die het hele seizoen al met de nodige blessures kampte.<\/p>\n<p>&#8220;Ik ga deze tijd erg missen. Hoe comfortabel ik me hier voelde. Op mijn allereerste dag besefte ik al hoe de mensen in Dortmund zijn: open, warm en eerlijk&#8221;, besluit S\u00fcle, die voordat hij bij Dortmund neerstreek ook 171 offici\u00eble wedstrijden voor Bayern M\u00fcnchen speelde. Met die club werd hij vijf keer landskampioen en won hij \u00e9\u00e9n keer de Champions League.<\/p>\n<p>In aflevering 39 van het tweede seizoen van Tijd voor Voetbal bespreekt men de reacties van Union over de wedstrijdleiding, de overwinning van Club Brugge tegen RSC Anderlecht en wie wil de Europe Play-Offs eigenlijk winnen? Dat en nog veel meer in Tijd voor Voetbal.<\/p>\n","protected":false},"excerpt":{"rendered":"Niklas S\u00fcle stopt als profvoetballer. Na dit seizoen houdt de verdediger van Borussia Dortmund, die pas dertig jaar&hellip;\n","protected":false},"author":2,"featured_media":58162,"comment_status":"","ping_status":"","sticky":false,"template":"","format":"standard","meta":{"footnotes":"","_share_on_mastodon":"0"},"categories":[55],"tags":[27,26,25,1899,931,15037,58,57,14885],"class_list":["post-58161","post","type-post","status-publish","format-standard","has-post-thumbnail","category-sport","tag-be","tag-belgie","tag-belgium","tag-borussia-dortmund","tag-bundesliga","tag-niklas-sule","tag-sport","tag-sports","tag-transfernieuws"],"share_on_mastodon":{"url":"https:\/\/pubeurope.com\/@be_nl\/116534190612645280","error":""},"_links":{"self":[{"href":"https:\/\/www.europesays.com\/be-nl\/wp-json\/wp\/v2\/posts\/58161","targetHints":{"allow":["GET"]}}],"collection":[{"href":"https:\/\/www.europesays.com\/be-nl\/wp-json\/wp\/v2\/posts"}],"about":[{"href":"https:\/\/www.europesays.com\/be-nl\/wp-json\/wp\/v2\/types\/post"}],"author":[{"embeddable":true,"href":"https:\/\/www.europesays.com\/be-nl\/wp-json\/wp\/v2\/users\/2"}],"replies":[{"embeddable":true,"href":"https:\/\/www.europesays.com\/be-nl\/wp-json\/wp\/v2\/comments?post=58161"}],"version-history":[{"count":0,"href":"https:\/\/www.europesays.com\/be-nl\/wp-json\/wp\/v2\/posts\/58161\/revisions"}],"wp:featuredmedia":[{"embeddable":true,"href":"https:\/\/www.europesays.com\/be-nl\/wp-json\/wp\/v2\/media\/58162"}],"wp:attachment":[{"href":"https:\/\/www.europesays.com\/be-nl\/wp-json\/wp\/v2\/media?parent=58161"}],"wp:term":[{"taxonomy":"category","embeddable":true,"href":"https:\/\/www.europesays.com\/be-nl\/wp-json\/wp\/v2\/categories?post=58161"},{"taxonomy":"post_tag","embeddable":true,"href":"https:\/\/www.europesays.com\/be-nl\/wp-json\/wp\/v2\/tags?post=58161"}],"curies":[{"name":"wp","href":"https:\/\/api.w.org\/{rel}","templated":true}]}}