{"id":67039,"date":"2026-05-21T20:46:23","date_gmt":"2026-05-21T20:46:23","guid":{"rendered":"https:\/\/www.europesays.com\/be-nl\/67039\/"},"modified":"2026-05-21T20:46:23","modified_gmt":"2026-05-21T20:46:23","slug":"hersennetwerken-na-stress-bij-depressie-en-vroegkinderlijk-trauma-wat-vertellen-ze-ons","status":"publish","type":"post","link":"https:\/\/www.europesays.com\/be-nl\/67039\/","title":{"rendered":"Hersennetwerken na stress bij depressie en vroegkinderlijk trauma: wat vertellen ze ons? &#8211;"},"content":{"rendered":"<p>21 mei 2026 \u2013 Onderzoekers van Amsterdam UMC publiceerden een studie in <a href=\"https:\/\/www.sciencedirect.com\/science\/article\/pii\/S2352289526000391?ssrnid=5875054&amp;dgcid=SSRN_redirect_SD\" target=\"_blank\" rel=\"noopener nofollow\">het wetenschappelijk tijdschrift Neurobiology of Stress<\/a> naar de werking van hersennetwerken onder stress bij mensen met een depressie \u00e9n een geschiedenis van vroegkinderlijk trauma. De bevindingen zijn verrassend \u2014 en roepen belangrijke vragen op voor toekomstig onderzoek, zo meldt het <a href=\"https:\/\/nedkad.nl\/nieuws\/hersennetwerken\/\" target=\"_blank\" rel=\"noopener nofollow\">Nederlands Kenniscentrum Angst, Dwang en Depressie.<\/a>\u00a0<\/p>\n<p>Trauma en depressie: een kwetsbare combinatie<br \/>Vroegkinderlijk trauma \u2014 zoals emotioneel, fysiek of seksueel misbruik of verwaarlozing voor het achttiende levensjaar \u2014 is een van de sterkste bekende risicofactoren voor het ontwikkelen van een depressie. Ongeveer 46% van de volwassenen met een depressie heeft een geschiedenis van vroegkinderlijk trauma. Bij hen verloopt de depressie vaak ernstiger: klachten beginnen vroeger, zijn hardnekkiger en gaan vaker gepaard met angst, slaapproblemen en verhoogd risico op zelfmoordgedachten.<\/p>\n<p>Een mogelijke verklaring is dat trauma tijdens de jeugd blijvende effecten heeft op de ontwikkeling van het stresssysteem in de hersenen. Hierdoor kunnen mensen met depressie \u00e9n vroegkinderlijk trauma anders reageren op stress \u2014 zowel in hun beleving als in de werking van hun hersenen.<\/p>\n<p>Hoe reageert het brein op stress?<br \/>Een gezonde stressreactie bestaat uit twee fasen: een acute fase waarin het brein snel reageert op de stressor, en een herstelfase waarin de hersenen terugkeren naar een rustiger toestand. Verschillende hersennetwerken spelen hierin een rol. Zo is er een netwerk dat betrokken is bij het snel opmerken van belangrijke prikkels, een netwerk voor hogere cognitieve functies zoals plannen en redeneren, en een netwerk dat actief is tijdens zelfgerichte gedachten en dagdromen. Een goed functionerende stressreactie vereist dat deze netwerken op het juiste moment activeren en weer tot rust komen.<\/p>\n<p>Bij mensen met andere psychiatrische aandoeningen, zoals schizofrenie of bipolaire stoornis, is eerder aangetoond dat dit herstelproces verstoord kan zijn. De vraag was: geldt dit ook voor mensen met depressie \u00e9n vroegkinderlijk trauma?<\/p>\n<p>Het onderzoek<br \/>Om dit te onderzoeken ondergingen 66 volwassenen met een depressie \u00e9n vroegkinderlijk trauma, en 33 gezonde vergelijkingspersonen, een gestandaardiseerde stresstaak \u2014 een situatie waarin deelnemers een spreekbeurt moesten houden voor een jury en rekenopgaven moesten oplossen. Voor en na deze taak werden hersenscans gemaakt: \u00e9\u00e9n kort na de stresstaak (circa 15 minuten erna) en \u00e9\u00e9n ruim twee uur later. Op die manier konden de onderzoekers de acute stressreactie \u00e9n het herstel in de hersenen in kaart brengen. Daarnaast vulden deelnemers vragenlijsten in over hun gemoedstoestand en spanningsniveau.<\/p>\n<p>Verrassende bevindingen<br \/>Beide groepen reageerden duidelijk op de stresstaak: spanning en negatieve gevoelens namen toe. De groep met depressie en vroegkinderlijk trauma ervoer daarbij m\u00e9\u00e9r spanning dan de vergelijkingsgroep.<\/p>\n<p>De hersenscans lieten echter iets onverwachts zien: er waren g\u00e9\u00e9n meetbare verschillen in de werking van hersennetwerken tussen de twee scanmomenten \u2014 niet in de groep met depressie en trauma, en niet in de vergelijkingsgroep. Ook tussen de twee groepen onderling werden geen significante verschillen gevonden in hoe de hersennetwerken reageerden op stress.<\/p>\n<p>Wel bleek de algehele verbondenheid binnen de hersennetwerken lager te zijn in de groep met depressie en vroegkinderlijk trauma, ongeacht het moment van meten. Dit suggereert dat er mogelijk wel structurele verschillen zijn in de manier waarop hersenen onderling communiceren bij deze groep \u2014 maar dat die niet specifiek samenhangen met de stressreactie zelf.<\/p>\n<p>Wat betekent dit?<br \/>De onderzoekers concluderen dat de gehanteerde maat voor hersennetwerkactiviteit \u2014 de mate waarin een netwerk een centrale rol speelt in het geheel van hersenactiviteit \u2014 mogelijk niet gevoelig genoeg is om stressgerelateerde kwetsbaarheid bij mensen met depressie en vroegkinderlijk trauma in kaart te brengen. Met andere woorden: de methode mist wellicht subtiele veranderingen die w\u00e9l plaatsvinden.<\/p>\n<p>Tegelijkertijd onderstrepen de bevindingen dat de subjectieve beleving van stress \u2014 hoe gespannen iemand zich voelt \u2014 w\u00e9l verschilt tussen mensen met en zonder depressie en trauma. Die verhoogde stressbeleving is klinisch relevant: behandelaars die werken met mensen met depressie \u00e9n een traumageschiedenis doen er goed aan hier expliciet aandacht aan te besteden.<\/p>\n<p>Wat is er nog nodig?<br \/>De onderzoekers pleiten voor vervolgonderzoek waarbij hersenen niet alleen in rust worden gemeten, maar ook tijdens taken die een beroep doen op emotieregulatie of cognitief functioneren \u2014 juist onder stressomstandigheden. Daarnaast adviseren zij het meten van stresshormonen zoals cortisol, om biologische stressreacties beter in kaart te brengen. Zo kan stap voor stap duidelijker worden via welke mechanismen vroegkinderlijk trauma bijdraagt aan een kwetsbaarder verloop van depressie \u2014 en waar behandeling het beste op kan aangrijpen.<\/p>\n<p>Bron: <a href=\"https:\/\/nedkad.nl\/nieuws\/hersennetwerken\/\" target=\"_blank\" rel=\"noopener nofollow\">nedkad.nl<\/a><\/p>\n<p>\u00a0<\/p>\n<p style=\"font-style:italic; font-size:1.0em;\">Dit bericht is 1 keer gelezen.<\/p>\n","protected":false},"excerpt":{"rendered":"21 mei 2026 \u2013 Onderzoekers van Amsterdam UMC publiceerden een studie in het wetenschappelijk tijdschrift Neurobiology of Stress&hellip;\n","protected":false},"author":2,"featured_media":67040,"comment_status":"","ping_status":"","sticky":false,"template":"","format":"standard","meta":{"footnotes":"","_share_on_mastodon":"0"},"categories":[56],"tags":[27,26,25,60,59,1561,171,770],"class_list":["post-67039","post","type-post","status-publish","format-standard","has-post-thumbnail","category-gezondheid","tag-be","tag-belgie","tag-belgium","tag-gezondheid","tag-health","tag-hersenen","tag-onderzoek","tag-stress"],"share_on_mastodon":{"url":"https:\/\/pubeurope.com\/@be_nl\/116614528200662315","error":""},"_links":{"self":[{"href":"https:\/\/www.europesays.com\/be-nl\/wp-json\/wp\/v2\/posts\/67039","targetHints":{"allow":["GET"]}}],"collection":[{"href":"https:\/\/www.europesays.com\/be-nl\/wp-json\/wp\/v2\/posts"}],"about":[{"href":"https:\/\/www.europesays.com\/be-nl\/wp-json\/wp\/v2\/types\/post"}],"author":[{"embeddable":true,"href":"https:\/\/www.europesays.com\/be-nl\/wp-json\/wp\/v2\/users\/2"}],"replies":[{"embeddable":true,"href":"https:\/\/www.europesays.com\/be-nl\/wp-json\/wp\/v2\/comments?post=67039"}],"version-history":[{"count":0,"href":"https:\/\/www.europesays.com\/be-nl\/wp-json\/wp\/v2\/posts\/67039\/revisions"}],"wp:featuredmedia":[{"embeddable":true,"href":"https:\/\/www.europesays.com\/be-nl\/wp-json\/wp\/v2\/media\/67040"}],"wp:attachment":[{"href":"https:\/\/www.europesays.com\/be-nl\/wp-json\/wp\/v2\/media?parent=67039"}],"wp:term":[{"taxonomy":"category","embeddable":true,"href":"https:\/\/www.europesays.com\/be-nl\/wp-json\/wp\/v2\/categories?post=67039"},{"taxonomy":"post_tag","embeddable":true,"href":"https:\/\/www.europesays.com\/be-nl\/wp-json\/wp\/v2\/tags?post=67039"}],"curies":[{"name":"wp","href":"https:\/\/api.w.org\/{rel}","templated":true}]}}