{"id":78304,"date":"2026-06-07T16:28:16","date_gmt":"2026-06-07T16:28:16","guid":{"rendered":"https:\/\/www.europesays.com\/be-nl\/78304\/"},"modified":"2026-06-07T16:28:16","modified_gmt":"2026-06-07T16:28:16","slug":"jordi-meeus-wint-brussels-cycling-classic-2026-in-spannende-sprint","status":"publish","type":"post","link":"https:\/\/www.europesays.com\/be-nl\/78304\/","title":{"rendered":"Jordi Meeus wint Brussels Cycling Classic 2026 in spannende sprint"},"content":{"rendered":"<p>                                        zondag 7 juni 2026 om 17:05                                    <\/p>\n<p class=\"lead\"> <a href=\"https:\/\/www.wielerflits.nl\/profiel\/jordi-meeus\/\" class=\"wf-content-link\" rel=\"nofollow noopener\" target=\"_blank\">Jordi Meeus<\/a> heeft zondag zijn vierde zege van het seizoen geboekt. De snelle Belg van <a href=\"https:\/\/www.wielerflits.nl\/wielerploegen\/red-bull-bora-hansgrohe-2025\/\" class=\"wf-content-link\" rel=\"nofollow noopener\" target=\"_blank\">Red Bull-BORA-hansgrohe<\/a> bleek in de Brussels Cycling Classic de snelste in een chaotische sprint, voor <a href=\"https:\/\/www.wielerflits.nl\/profiel\/milan-fretin\/\" class=\"wf-content-link\" rel=\"nofollow noopener\" target=\"_blank\">Milan Fretin<\/a> en <a href=\"https:\/\/www.wielerflits.nl\/profiel\/biniam-girmay\/\" class=\"wf-content-link\" rel=\"nofollow noopener\" target=\"_blank\">Biniam Girmay<\/a>. Frits Biesterbos en <a href=\"https:\/\/www.wielerflits.nl\/profiel\/arvid-de-kleijn\/\" class=\"wf-content-link\" rel=\"nofollow noopener\" target=\"_blank\">Arvid de Kleijn<\/a> eindigden ook nog in de top-5.<\/p>\n<p>In de Tour Auvergne Rh\u00f4ne-Alpes beginnen de klimmers aan hun ultieme voorbereiding op de <a href=\"https:\/\/www.wielerflits.nl\/wielerkalender\/tour-de-france-2025\/\" class=\"wf-content-link\" rel=\"nofollow noopener\" target=\"_blank\">Tour de France<\/a>, maar in de Brussels Cycling Classic was het aan klassiekerrenners en sprinters. Zonder de allergrootste namen lag er in deze semiklassieker een kans voor de renners van de \u2019tweede lijn\u2019, al tekenden er met <a href=\"https:\/\/www.wielerflits.nl\/profiel\/jordi-meeus\/\" class=\"wf-content-link\" rel=\"nofollow noopener\" target=\"_blank\">Jordi Meeus<\/a>, <a href=\"https:\/\/www.wielerflits.nl\/profiel\/biniam-girmay\/\" class=\"wf-content-link\" rel=\"nofollow noopener\" target=\"_blank\">Biniam Girmay<\/a>, <a href=\"https:\/\/www.wielerflits.nl\/profiel\/laurence-pithie\/\" class=\"wf-content-link\" rel=\"nofollow noopener\" target=\"_blank\">Laurence Pithie<\/a>, <a href=\"https:\/\/www.wielerflits.nl\/profiel\/milan-fretin\/\" class=\"wf-content-link\" rel=\"nofollow noopener\" target=\"_blank\">Milan Fretin<\/a> en <a href=\"https:\/\/www.wielerflits.nl\/profiel\/soren-waerenskjold\/\" class=\"wf-content-link\" rel=\"nofollow noopener\" target=\"_blank\">S\u00f8ren W\u00e6renskjold<\/a> genoeg interessante namen acte de pr\u00e9sence.<\/p>\n<p>Deze renners konden zich opmaken voor een koers met twee gezichten. Na de start in Brussel volgde een redelijk vlakke aanloopfase, maar daarna zou de wedstrijd losbarsten op een drievoudige lus, met enkele bekende scherprechters: de iconische Muur van Geraardsbergen, de al even bekende Bosberg en de Congoberg. In de daaropvolgende vijftig, vlakkere kilometer richting Brussel konden geloste sprinters nog terugkeren.<\/p>\n<p>Laatste winnaars Brussels Cycling Classic<\/p>\n<p>Vlucht van vijf krijgt dan toch de ruimte\u00a0<br \/>De vorming van een vroege vlucht liet op zich wachten, al kwam dit niet door een gebrek aan strijdlust. Er waren wel degelijk de nodige uitvalspogingen, maar het peloton hield de teugels strak in handen en liet aanvankelijk niemand wegrijden. Het duurde uiteindelijk goed vijftig kilometer, maar uiteindelijk slaagden vijf doorzetters er dan toch in om een mooie voorsprong bijeen te fietsen.<\/p>\n<p><img fetchpriority=\"high\" decoding=\"async\" aria-describedby=\"caption-attachment-1287699\" class=\"wp-image-1287699 size-full\" src=\"https:\/\/www.europesays.com\/be-nl\/wp-content\/uploads\/2026\/06\/G421-e1780835423425.jpg\" alt=\"\" width=\"2000\" height=\"1000\"  \/><\/p>\n<p id=\"caption-attachment-1287699\" class=\"wp-caption-text\">De vlucht van de dag \u2013 foto: Fotopersburo Cor Vos<\/p>\n<p><a href=\"https:\/\/www.wielerflits.nl\/profiel\/casper-pedersen\/\" class=\"wf-content-link\" rel=\"nofollow noopener\" target=\"_blank\">Casper Pedersen<\/a> (<a href=\"https:\/\/www.wielerflits.nl\/wielerploegen\/soudal-quick-step-2025\/\" class=\"wf-content-link\" rel=\"nofollow noopener\" target=\"_blank\">Soudal Quick-Step<\/a>), Titouan Fontaine (<a href=\"https:\/\/www.wielerflits.nl\/wielerploegen\/groupama-fdj-2025\/\" class=\"wf-content-link\" rel=\"nofollow noopener\" target=\"_blank\">Groupama-FDJ<\/a> United), <a href=\"https:\/\/www.wielerflits.nl\/profiel\/sebastien-grignard\/\" class=\"wf-content-link\" rel=\"nofollow noopener\" target=\"_blank\">S\u00e9bastien Grignard<\/a> (Lotto-Intermarch\u00e9), Henrik Pedersen (<a href=\"https:\/\/www.wielerflits.nl\/wielerploegen\/uno-x-mobility-2025\/\" class=\"wf-content-link\" rel=\"nofollow noopener\" target=\"_blank\">Uno-X Mobility<\/a>) en <a href=\"https:\/\/www.wielerflits.nl\/profiel\/marius-mayrhofer\/\" class=\"wf-content-link\" rel=\"nofollow noopener\" target=\"_blank\">Marius Mayrhofer<\/a> (Tudor) begonnen zo met een mooie bonus aan de heuvelzone, met de Muur en Bosberg als terugkerende scherprechters. Deze kasseihellingen lieten ook hun sporen na, want de kopgroep werd gereduceerd tot drie man, met de twee Pedersen\u2019s en Grignard.<\/p>\n<p>Muur en Bosberg zorgen voor schifting\u00a0<br \/>In het peloton werd het kaf ook van het koren gescheiden, want na de nodige versnellingen bleef een groep van een vijftigtal renners over. Dit was echter van korte duur, want Team <a href=\"https:\/\/www.wielerflits.nl\/wielerploegen\/team-flanders-baloise-2025\/\" class=\"wf-content-link\" rel=\"nofollow noopener\" target=\"_blank\">Flanders-Baloise<\/a> slaagde er met vereende krachten in om zijn sprinter en beoogde afmaker Tom Crabb\u00e9 \u2013 die moest passen in de heuvelzone \u2013 terug in koers te brengen. Door deze hergroepering, leken we toch \u2018gewoon\u2019 op weg naar een veredelde massasprint.<\/p>\n<p>Team <a href=\"https:\/\/www.wielerflits.nl\/wielerploegen\/team-flanders-baloise-2025\/\" class=\"wf-content-link\" rel=\"nofollow noopener\" target=\"_blank\">Flanders-Baloise<\/a> zette zich namelijk meteen op kop van het peloton, want om het tot een sprint te laten komen, moesten eerst nog de drie overgebleven vluchters worden ingerekend. De koplopers leken echter wel een vogel voor de spreekwoordelijke kat, want de voorsprong was inmiddels geslonken tot driekwart minuut, en dat met nog 35 kilometer te gaan. De samensmelting kwam er ook, maar van een klassieke aanloop naar de sprint was zeker geen sprake.<\/p>\n<p>Demarrage na demarrage\u00a0<br \/>In de laatste vijftien kilometer zagen we nog een stortvloed aan demarrages, want veel renners zagen een sprint in Brussel klaarblijkelijk niet zitten. Geen enkele coureur slaagde er echter in om een serieuze voorsprong uit te bouwen, want daarvoor lag het tempo in het peloton simpelweg te hoog. <a href=\"https:\/\/www.wielerflits.nl\/profiel\/erik-nordsaeter-resell\/\" class=\"wf-content-link\" rel=\"nofollow noopener\" target=\"_blank\">Erik Nords\u00e6ter Resell<\/a> deed nog wel een dappere poging om de sprinters een loer te draaien, maar ook zijn aanvalspoging strandde in schoonheid.<\/p>\n<p><img loading=\"lazy\" decoding=\"async\" aria-describedby=\"caption-attachment-1287805\" class=\"wp-image-1287805 size-full\" src=\"https:\/\/www.europesays.com\/be-nl\/wp-content\/uploads\/2026\/06\/G434-e1780845668975.jpg\" alt=\"\" width=\"2000\" height=\"1000\"  \/><\/p>\n<p id=\"caption-attachment-1287805\" class=\"wp-caption-text\">Resell deed nog een poging om een sprint te ontlopen \u2013 foto: Fotopersburo Cor Vos<\/p>\n<p>In de resterende kilometers naar de sprint was het een komen en gaan van sprinttreintjes en werd het peloton helaas ook twee keer opgeschrikt door een val. Hierdoor verliep de aanloop naar de spurt ook wat chaotisch. <a href=\"https:\/\/www.wielerflits.nl\/profiel\/danny-van-poppel\/\" class=\"wf-content-link\" rel=\"nofollow noopener\" target=\"_blank\">Danny van Poppel<\/a> zag het gevaar en ging van ver aan. De Nederlands kampioen bleek zo de ideale gangmaker voor zijn ploeggenoot <a href=\"https:\/\/www.wielerflits.nl\/profiel\/jordi-meeus\/\" class=\"wf-content-link\" rel=\"nofollow noopener\" target=\"_blank\">Jordi Meeus<\/a>, die er met enkele machtige lendenrukken uit kwam.<\/p>\n<p dir=\"ltr\" lang=\"fr\">\ud83c\udfc6\ud83d\ude80 \ud835\ude45\ud835\ude4a\ud835\ude4d\ud835\ude3f\ud835\ude44 \ud835\ude48\ud835\ude40\ud835\ude40\ud835\ude50\ud835\ude4e \ud83c\udde7\ud83c\uddea \ud835\ude3f\ud835\ude4a\ud835\ude48\ud835\ude44\ud835\ude49\ud835\ude40 \ud835\ude40\ud835\ude49\ud835\ude3e\ud835\ude4a\ud835\ude4d\ud835\ude40 !!! \ud83d\udc51\ud83d\ude0d\ud83d\udcab<\/p>\n<p>4e victoire de la saison pour le belge de Red Bull-Bora (27 ans) qui remporte la Brussels Cycling Classic, <a href=\"https:\/\/www.wielerflits.nl\/profiel\/milan-fretin\/\" class=\"wf-content-link\" rel=\"nofollow noopener\" target=\"_blank\">Milan Fretin<\/a> \ud83c\udde7\ud83c\uddea finit 2e apr\u00e8s avoir d\u00fb se d\u00e9brouiller seul \ud83d\udc40\ud83e\udd48\u2764\ufe0f\u200d\ud83d\udd25 <a href=\"https:\/\/t.co\/bTE4AeM5yT\" rel=\"nofollow\">pic.twitter.com\/bTE4AeM5yT<\/a><\/p>\n<p>\u2014 Cyclisme Belge \ud83c\udde7\ud83c\uddea (@LeCyclismebelge) <a href=\"https:\/\/x.com\/LeCyclismebelge\/status\/2063640895258280095?ref_src=twsrc%5Etfw\" rel=\"nofollow\">June 7, 2026<\/a><\/p>\n<p>De Belg wist zijn inspanning vervolgens vol te houden tot op de finish, al was het verschil met <a href=\"https:\/\/www.wielerflits.nl\/profiel\/milan-fretin\/\" class=\"wf-content-link\" rel=\"nofollow noopener\" target=\"_blank\">Milan Fretin<\/a> zeer nipt. <a href=\"https:\/\/www.wielerflits.nl\/profiel\/biniam-girmay\/\" class=\"wf-content-link\" rel=\"nofollow noopener\" target=\"_blank\">Biniam Girmay<\/a> moest genoegen nemen met de derde plaats, terwijl Frits Biesterbos en <a href=\"https:\/\/www.wielerflits.nl\/profiel\/arvid-de-kleijn\/\" class=\"wf-content-link\" rel=\"nofollow noopener\" target=\"_blank\">Arvid de Kleijn<\/a> als vierde en vijfde over de streep kwamen.<\/p>\n<p>    <img decoding=\"async\" src=\"https:\/\/cyclingflash.com\/svg\/flags\/BE.svg\" alt=\"BE flag\" class=\"h-full w-full object-contain my-0\" style=\"margin-top:0;margin-bottom:0\" loading=\"lazy\"\/>Brussels Cycling Classic (1.Pro)<\/p>\n<p class=\"text-sm text-gray-500\">Brussel \u2192 Brussel (206.3 km)<\/p>\n<p>                                                                                    <script async src=\"https:\/\/platform.twitter.com\/widgets.js\" charset=\"utf-8\"><\/script><\/p>\n","protected":false},"excerpt":{"rendered":"zondag 7 juni 2026 om 17:05 Jordi Meeus heeft zondag zijn vierde zege van het seizoen geboekt. De&hellip;\n","protected":false},"author":2,"featured_media":78305,"comment_status":"","ping_status":"","sticky":false,"template":"","format":"standard","meta":{"footnotes":"","_share_on_mastodon":"0"},"categories":[9],"tags":[27,26,25,3585,19,20,18628,8101,23,24,14,15,4648,21,22,7922,12,13,1140,16,17,18],"class_list":["post-78304","post","type-post","status-publish","format-standard","has-post-thumbnail","category-hoofdpunten","tag-be","tag-belgie","tag-belgium","tag-biniam-girmay","tag-breaking-news","tag-breakingnews","tag-brussels-cycling-classic","tag-danny-van-poppel","tag-featured-news","tag-featurednews","tag-headlines","tag-hoofdpunten","tag-jordi-meeus","tag-latest-news","tag-latestnews","tag-milan-fretin","tag-news","tag-nieuws","tag-red-bull-bora-hansgrohe","tag-top-stories","tag-topstories","tag-voorpaginanieuws"],"share_on_mastodon":{"url":"https:\/\/pubeurope.com\/@be_nl\/116709772993072966","error":""},"_links":{"self":[{"href":"https:\/\/www.europesays.com\/be-nl\/wp-json\/wp\/v2\/posts\/78304","targetHints":{"allow":["GET"]}}],"collection":[{"href":"https:\/\/www.europesays.com\/be-nl\/wp-json\/wp\/v2\/posts"}],"about":[{"href":"https:\/\/www.europesays.com\/be-nl\/wp-json\/wp\/v2\/types\/post"}],"author":[{"embeddable":true,"href":"https:\/\/www.europesays.com\/be-nl\/wp-json\/wp\/v2\/users\/2"}],"replies":[{"embeddable":true,"href":"https:\/\/www.europesays.com\/be-nl\/wp-json\/wp\/v2\/comments?post=78304"}],"version-history":[{"count":0,"href":"https:\/\/www.europesays.com\/be-nl\/wp-json\/wp\/v2\/posts\/78304\/revisions"}],"wp:featuredmedia":[{"embeddable":true,"href":"https:\/\/www.europesays.com\/be-nl\/wp-json\/wp\/v2\/media\/78305"}],"wp:attachment":[{"href":"https:\/\/www.europesays.com\/be-nl\/wp-json\/wp\/v2\/media?parent=78304"}],"wp:term":[{"taxonomy":"category","embeddable":true,"href":"https:\/\/www.europesays.com\/be-nl\/wp-json\/wp\/v2\/categories?post=78304"},{"taxonomy":"post_tag","embeddable":true,"href":"https:\/\/www.europesays.com\/be-nl\/wp-json\/wp\/v2\/tags?post=78304"}],"curies":[{"name":"wp","href":"https:\/\/api.w.org\/{rel}","templated":true}]}}