{"id":92736,"date":"2026-06-28T17:42:14","date_gmt":"2026-06-28T17:42:14","guid":{"rendered":"https:\/\/www.europesays.com\/be-nl\/92736\/"},"modified":"2026-06-28T17:42:14","modified_gmt":"2026-06-28T17:42:14","slug":"ryan-sels-of-sommer-club-brugge-hakt-keepersknoop-door","status":"publish","type":"post","link":"https:\/\/www.europesays.com\/be-nl\/92736\/","title":{"rendered":"Ryan, Sels of Sommer? &#8216;Club Brugge hakt keepersknoop door&#8217;"},"content":{"rendered":"<p class=\"article__intro\" itemprop=\"description\">\n\t\t\t\t\tOok bij <a href=\"https:\/\/www.voetbalnieuws.be\/club\/club-brugge-kv\" rel=\"nofollow noopener\" target=\"_blank\">Club Brugge<\/a> staat de start van de voorbereiding stilaan voor de deur. Maar de Belgische kampioen is voorlopig nog in afwachting van de nodige versterkingen. Onder meer een nieuwe (top)doelman wordt nog verwacht bij Blauw-Zwart.\n\t\t\t\t<\/p>\n<p>In de zomer van 2019 pakte Club uit met de komst van <a href=\"https:\/\/www.voetbalnieuws.be\/speler\/simon-mignolet\" rel=\"nofollow noopener\" target=\"_blank\">Simon Mignolet<\/a>, die bij Liverpool FC op een zijspoor was beland. En dat bleek een gouden zet. Na jaren van instabiliteit onder de lat, had Blauw-Zwart plots een absolute topkeeper in doel staan. En dat rendeerde zichtbaar voor de West-Vlamingen.<\/p>\n<p>Met Mignolet als vaste nummer \u00e9\u00e9n pakten de Bruggelingen onder meer vijf landstitels en de beker van Belgi\u00eb. Ook tijdens de Europese campagnes deed de Limburger meer dan zijn duit in het zakje. In 2022 werd hij zelfs beloond met de Gouden Schoen en werd hij \u00e9\u00e9n van de weinige doelmannen op de erelijst.<\/p>\n<p style=\"font-size: 1.1rem; font-weight: normal; margin: 1.5em 0; line-height: 1.6;\">\n\t\t\t\t\t\t\t\t\tLEES OOK:<br \/>\n\t\t\t\t\t\t\t\t\t <a href=\"https:\/\/www.voetbalnieuws.be\/news\/909110\/club-brugge-op-zucht-van-stunt-topkeeper-geeft-jawoord\" style=\"color: #4CAF50; font-weight: normal; !important; text-decoration: underline;\" rel=\"nofollow noopener\" target=\"_blank\">&#8216;Club Brugge op zucht van stunt: topkeeper geeft jawoord&#8217;<\/a><\/p>\n<p>Ervaren opvolger gezocht<\/p>\n<p>Maar op zijn 38ste besloot de Limburger zijn keepershandschoenen aan de haak te hangen. <a href=\"https:\/\/www.voetbalnieuws.be\/speler\/nordin-jackers\" rel=\"nofollow noopener\" target=\"_blank\">Nordin Jackers<\/a> kon dan weer te weinig overtuigen dat hij een waardige nummer \u00e9\u00e9n zou zijn, terwijl toptalent Argus Vanden Driessche nog te jong is om nu al over te nemen. En dus zoekt Blauw-Zwart een nieuwe topdoelman.<\/p>\n<p>Daarbij mikt men blijkbaar op een oude profiel met de nodige ervaring in de Europese topcompetitie. Iemand die op korte termijn de onbetwiste nummer \u00e9\u00e9n kan zijn. De voorbije dagen deden daarvoor drie concrete namen de ronde. Zo zouden <a href=\"https:\/\/www.voetbalnieuws.be\/speler\/matz-sels\" rel=\"nofollow noopener\" target=\"_blank\">Matz Sels<\/a>, Mathew Ryan en <a href=\"https:\/\/www.voetbalnieuws.be\/speler\/yann-sommer\" rel=\"nofollow noopener\" target=\"_blank\">Yann Sommer<\/a> bovenaan de lijst staan.<\/p>\n<p>Voorkeur voor Sommer<\/p>\n<p>Die eerste maakte de voorbije seizoenen indruk in de Premier League, is een meervoudig Belgisch international en kent de competitie goed. Dat geldt ook voor Ryan, die uiteraard eerder al succesvol was bij Club. En Sommer was vorig seizoen nog de vaste doelman bij Internazionale, winnaar van de Italiaanse dubbel. Drie jongens die dus de nodige troeven kunnen voorleggen.<\/p>\n<p>Volgens transferwatcher Sacha Tavolieri draagt \u00e9\u00e9n man echter de duidelijke voorkeur bij Club: Sommer. De Zwitser zou momenteel de nummer \u00e9\u00e9n-keuze zijn, maar hij heeft ook andere opties op zak. Vandaar dat Club ook de pites-Sels en -Ryan openhoudt. Een definitieve beslissing viel dus nog niet, maar dat lijkt niet lang meer te gaan duren.<\/p>\n<p>&#13;<\/p>\n<p lang=\"en\" dir=\"ltr\">\ud83c\udde8\ud83c\uddedYann Sommer\u2019s now number 1 option to substitute Simon Mignolet with <a href=\"https:\/\/www.voetbalnieuws.be\/club\/club-brugge-kv\" rel=\"nofollow noopener\" target=\"_blank\">Club Brugge<\/a> but\u2026 the Swiss has other interested offers on the table so Blauw&amp;Zwart keeps dialogue open with both Matz Sels and Matthew Ryan. <\/p>\n<p>\u23f3 More to follow. <a href=\"https:\/\/x.com\/hashtag\/mercato?src=hash&amp;ref_src=twsrc%5Etfw\" rel=\"nofollow\">#mercato<\/a> <a href=\"https:\/\/x.com\/hashtag\/&lt;a href=\" https:=\"\" rel=\"nofollow\">JPL<\/a>?src=hash&amp;ref_src=twsrc%5Etfw&#8221;&gt;#JPL <a href=\"https:\/\/x.com\/hashtag\/Nati?src=hash&amp;ref_src=twsrc%5Etfw\" rel=\"nofollow\">#Nati<\/a> <a href=\"https:\/\/t.co\/FbC2qnIqJ1\" rel=\"nofollow\">pic.twitter.com\/FbC2qnIqJ1<\/a><\/p>\n<p>&#13;<br \/>\n\u2014 Sacha Tavolieri (@sachatavolieri) <a href=\"https:\/\/x.com\/sachatavolieri\/status\/2071225996527931673?ref_src=twsrc%5Etfw\" rel=\"nofollow\">June 28, 2026<\/a><\/p>\n<p>\t\t\t<script async src=\"https:\/\/platform.twitter.com\/widgets.js\" charset=\"utf-8\"><\/script><\/p>\n","protected":false},"excerpt":{"rendered":"Ook bij Club Brugge staat de start van de voorbereiding stilaan voor de deur. Maar de Belgische kampioen&hellip;\n","protected":false},"author":2,"featured_media":92737,"comment_status":"","ping_status":"","sticky":false,"template":"","format":"standard","meta":{"footnotes":"","_share_on_mastodon":"0"},"categories":[55],"tags":[27,26,25,191,146,21089,9081,58,57,20835],"class_list":["post-92736","post","type-post","status-publish","format-standard","has-post-thumbnail","category-sport","tag-be","tag-belgie","tag-belgium","tag-club-brugge","tag-jupiler-pro-league","tag-mathew-ryan","tag-matz-sels","tag-sport","tag-sports","tag-yann-sommer"],"share_on_mastodon":{"url":"https:\/\/pubeurope.com\/@be_nl\/116828972391173842","error":""},"_links":{"self":[{"href":"https:\/\/www.europesays.com\/be-nl\/wp-json\/wp\/v2\/posts\/92736","targetHints":{"allow":["GET"]}}],"collection":[{"href":"https:\/\/www.europesays.com\/be-nl\/wp-json\/wp\/v2\/posts"}],"about":[{"href":"https:\/\/www.europesays.com\/be-nl\/wp-json\/wp\/v2\/types\/post"}],"author":[{"embeddable":true,"href":"https:\/\/www.europesays.com\/be-nl\/wp-json\/wp\/v2\/users\/2"}],"replies":[{"embeddable":true,"href":"https:\/\/www.europesays.com\/be-nl\/wp-json\/wp\/v2\/comments?post=92736"}],"version-history":[{"count":0,"href":"https:\/\/www.europesays.com\/be-nl\/wp-json\/wp\/v2\/posts\/92736\/revisions"}],"wp:featuredmedia":[{"embeddable":true,"href":"https:\/\/www.europesays.com\/be-nl\/wp-json\/wp\/v2\/media\/92737"}],"wp:attachment":[{"href":"https:\/\/www.europesays.com\/be-nl\/wp-json\/wp\/v2\/media?parent=92736"}],"wp:term":[{"taxonomy":"category","embeddable":true,"href":"https:\/\/www.europesays.com\/be-nl\/wp-json\/wp\/v2\/categories?post=92736"},{"taxonomy":"post_tag","embeddable":true,"href":"https:\/\/www.europesays.com\/be-nl\/wp-json\/wp\/v2\/tags?post=92736"}],"curies":[{"name":"wp","href":"https:\/\/api.w.org\/{rel}","templated":true}]}}