{"id":96884,"date":"2026-07-05T06:15:08","date_gmt":"2026-07-05T06:15:08","guid":{"rendered":"https:\/\/www.europesays.com\/be-nl\/96884\/"},"modified":"2026-07-05T06:15:08","modified_gmt":"2026-07-05T06:15:08","slug":"paul-emile-boils-verovert-internationaal-podium-in-venetie","status":"publish","type":"post","link":"https:\/\/www.europesays.com\/be-nl\/96884\/","title":{"rendered":"Paul-Emile Boils verovert internationaal podium in Veneti\u00eb"},"content":{"rendered":"<p>\t\t\t\t\t\t\t\t\t\t\t\t\t\t\t\t\t\t \t\t\t\t\t\t\t\tNINOVE \u2013 Voor kunstenaar Paul-Emile Boils is een lang gekoesterde droom werkelijkheid geworden. Van 19 juni tot 4 juli stelde hij zijn werk tentoon in het\u00a0Palazzo Albrizzi-Capello, in de context van de prestigieuze Bi\u00ebnnale van Veneti\u00eb. Voor de jonge kunstenaar een mijlpaal in zijn artistieke carri\u00e8re.<\/p>\n<p>\u201cMijn artistieke reis begon hier in Ninove, waar ik mijn eerste tekeningen maakte\u201d, vertelt Boils. \u201cVandaag woon ik nog steeds met trots in onze wortelstad. Dat ik nu mijn werk mag tonen in Veneti\u00eb voelt als een droom, die werkelijkheid wordt.\u201d<\/p>\n<p>In maart hield hij zijn eerst solotentoonstelling in het kunstplatform Ruimte \u00e9\u00e9n 9 drie; in mei nam hij deel aan de groepstentoonstelling Casco 2026. Ondanks zijn internationale doorbraak blijft de Paul-Emile sterk verbonden met zijn thuisstad. \u201cNinove heeft mij gevormd en is de plek, waar mijn passie voor kunst is ontstaan en gegroeid. Ik ben dankbaar voor alle steun, die ik door de jaren heen heb gekregen.\u201d<\/p>\n<p>Manier van denken<\/p>\n<p>In zijn werk staat tekenen centraal; niet als einddoel, maar als een voortdurend proces van onderzoeken, observeren en ontdekken. Zijn tekeningen ontstaan vanuit twijfel, herhaling en aandachtige observatie. Ze nodigen de toeschouwer uit om zelf verbanden te leggen, zonder dat \u00e9\u00e9n vaste interpretatie wordt opgelegd.<\/p>\n<p>\u201cElke tekening is geen antwoord, maar een uitnodiging om verder te kijken.\u201d<\/p>\n<p>Zijn tentoonstelling brengt een selectie samen uit een praktijk, die voortdurend in beweging is. De werken onderzoeken hoe mensen waarnemen, beelden interpreteren en betekenis geven aan wat ze zien. Door fragmenten, subtiele veranderingen en visuele echo\u2019s cre\u00ebert Boils een open dialoog tussen kunstenaar, werk en bezoeker.<\/p>\n<p>Grote erkenning<\/p>\n<p>De Bi\u00ebnnale van Venti\u00eb geldt als een van de meest invloedrijke ontmoetingsplaatsen binnen de hedendaagse kunst. Zijn tentoonstelling in de marge ervan betekent een belangrijke internationale erkenning en een bijzonder moment voor de Ninoofse kunstenaar. \u201cIk kijk ernaar uit om deze ervaring met zoveel mogelijk mensen te delen.\u201d<\/p>\n<p>Met zijn tentoonstelling bewijst Paul-Emile Boils, dat een artistiek verhaal met een begin in Ninove, kan uitgroeien tot een internationaal succesverhaal zonder de verbondenheid met de thuisbasis te verliezen.<\/p>\n<p>Info: <a style=\"color: #3366ff;\" href=\"https:\/\/www.instagram.com\/paulemileboils\/\" rel=\"nofollow noopener\" target=\"_blank\">Paul-Emile Boils<\/a> \u2013 <a style=\"color: #3366ff;\" href=\"https:\/\/www.ninofmedia.tv\/vrije-tijd\/cultuur\/paul-emile-boils-verovert-internationaal-podium-in-venetie\/mailto:Paul-Emile.Boils@outlook.com\" rel=\"nofollow noopener\" target=\"_blank\">Paul-Emile.Boils@outlook.com<\/a> \u2013 <a style=\"color: #3366ff;\" href=\"https:\/\/www.labiennale.org\/en\/art\/2026\" rel=\"nofollow noopener\" target=\"_blank\">Bi\u00ebnnale Veneti\u00eb 2026<\/a>.<\/p>\n<p>BDB<\/p>\n<p>\t\t\t\t\t\t\t\t\t\t\t\t\t\t\t\t\t\t\t\t\t\t \t\t\t\t\t\t <script async src=\"\/\/www.instagram.com\/embed.js\"><\/script><\/p>\n","protected":false},"excerpt":{"rendered":"NINOVE \u2013 Voor kunstenaar Paul-Emile Boils is een lang gekoesterde droom werkelijkheid geworden. Van 19 juni tot 4&hellip;\n","protected":false},"author":2,"featured_media":96885,"comment_status":"","ping_status":"","sticky":false,"template":"","format":"standard","meta":{"footnotes":"","_share_on_mastodon":"0"},"categories":[71],"tags":[67,87,85,86,27,26,25,15321,88,66,91,89,90,6831,21721,21722],"class_list":["post-96884","post","type-post","status-publish","format-standard","has-post-thumbnail","category-kunst-en-design","tag-amusement","tag-arts","tag-arts-and-design","tag-artsdesign","tag-be","tag-belgie","tag-belgium","tag-biennale","tag-design","tag-entertainment","tag-kunst","tag-kunst-en-design","tag-kunstdesign","tag-ninove","tag-paul-emile-boils","tag-venetie"],"share_on_mastodon":{"url":"https:\/\/pubeurope.com\/@be_nl\/116865907217672922","error":""},"_links":{"self":[{"href":"https:\/\/www.europesays.com\/be-nl\/wp-json\/wp\/v2\/posts\/96884","targetHints":{"allow":["GET"]}}],"collection":[{"href":"https:\/\/www.europesays.com\/be-nl\/wp-json\/wp\/v2\/posts"}],"about":[{"href":"https:\/\/www.europesays.com\/be-nl\/wp-json\/wp\/v2\/types\/post"}],"author":[{"embeddable":true,"href":"https:\/\/www.europesays.com\/be-nl\/wp-json\/wp\/v2\/users\/2"}],"replies":[{"embeddable":true,"href":"https:\/\/www.europesays.com\/be-nl\/wp-json\/wp\/v2\/comments?post=96884"}],"version-history":[{"count":0,"href":"https:\/\/www.europesays.com\/be-nl\/wp-json\/wp\/v2\/posts\/96884\/revisions"}],"wp:featuredmedia":[{"embeddable":true,"href":"https:\/\/www.europesays.com\/be-nl\/wp-json\/wp\/v2\/media\/96885"}],"wp:attachment":[{"href":"https:\/\/www.europesays.com\/be-nl\/wp-json\/wp\/v2\/media?parent=96884"}],"wp:term":[{"taxonomy":"category","embeddable":true,"href":"https:\/\/www.europesays.com\/be-nl\/wp-json\/wp\/v2\/categories?post=96884"},{"taxonomy":"post_tag","embeddable":true,"href":"https:\/\/www.europesays.com\/be-nl\/wp-json\/wp\/v2\/tags?post=96884"}],"curies":[{"name":"wp","href":"https:\/\/api.w.org\/{rel}","templated":true}]}}