{"id":185715,"date":"2026-08-27T19:24:10","date_gmt":"2026-08-27T19:24:10","guid":{"rendered":"https:\/\/www.europesays.com\/canada\/185715\/"},"modified":"2026-08-27T19:24:10","modified_gmt":"2026-08-27T19:24:10","slug":"global-art-league-exhibition-opens-at-the-montreal-art-center-and-museum","status":"publish","type":"post","link":"https:\/\/www.europesays.com\/canada\/185715\/","title":{"rendered":"Global Art League Exhibition Opens at the Montreal Art Center and Museum"},"content":{"rendered":"\n<p class=\"text text-block paragraph text-left neo-font-paragraph-xl-reg  yf-18d6y07\" style=\"text-decoration: none; font-style: normal; text-transform: none; text-align: inherit; font-variant-numeric: normal;\">MONTREAL, Aug. 27, 2026 \/CNW\/ &#8212; The Montreal Art Center and Museum is preparing to welcome artists, art lovers and members of the public to the Global Art League Exhibition, opening this week in the heart of Griffintown.  <\/p>\n<p>    <a href=\"https:\/\/s.yimg.com\/lo\/mysterio\/api\/716e200cc595f94522d690a9b5d506296d3269ef3efb44a9552cd61cbb523cb2\/lightyear_networkapi\/resizefit_w960%3Bquality_80%3Bformat_webp\/https%3A%2F%2Fmedia.zenfs.com%2Fen%2Fcnw.ca%2F4efe532cbd2c2332c2b8bfc59b5f9fee.jpg\" target=\"_blank\" rel=\"noopener noreferrer nofollow\"><img loading=\"lazy\" decoding=\"async\" src=\"data:image\/gif;base64,R0lGODlhAQABAIAAAAAAAP\/\/\/ywAAAAAAQABAAACAUwAOw==\" alt=\"Montreal Art Center &amp; Museum Logo\" height=\"400\" width=\"300\" class=\"yf-1f8hkhu loader\"\/><\/a> Montreal Art Center &amp; Museum Logo           <\/p>\n<p class=\"text text-block paragraph text-left neo-font-paragraph-xl-reg  yf-18d6y07\" style=\"text-decoration: none; font-style: normal; text-transform: none; text-align: inherit; font-variant-numeric: normal;\">Bringing together a diverse selection of artistic voices, the Global Art League celebrates creativity, artistic expression and the meaningful connections created through visual art. The exhibition offers participating artists an opportunity to present their work within the distinctive setting of the Montreal Art Center and Museum and to engage with a broader cultural community.  <\/p>\n<p class=\"text text-block paragraph text-left neo-font-paragraph-xl-reg  yf-18d6y07\" style=\"text-decoration: none; font-style: normal; text-transform: none; text-align: inherit; font-variant-numeric: normal;\">The Global Art League was created to provide artists with a platform for recognition, exchange and visibility while encouraging dialogue among artists, cultural professionals and the public.  <\/p>\n<p class=\"text text-block paragraph text-left neo-font-paragraph-xl-reg  yf-18d6y07\" style=\"text-decoration: none; font-style: normal; text-transform: none; text-align: inherit; font-variant-numeric: normal;\">The exhibition features 101 selected artists and approximately 115 artworks, with several artists having two or three works accepted into the competition. Although most of the participating artists are based in Canada, the competition is truly international, featuring artists from the United States, Egypt, Belgium, Spain, Mexico and other countries.  <\/p>\n<p class=\"text text-block paragraph text-left neo-font-paragraph-xl-reg  yf-18d6y07\" style=\"text-decoration: none; font-style: normal; text-transform: none; text-align: inherit; font-variant-numeric: normal;\">Many of the artists currently living in Canada also represent diverse cultural backgrounds and nationalities, including Algeria, Morocco, Venezuela, Iran, India and many more. Together, the selected participants reflect a remarkably diverse and international community of artists.  <\/p>\n<p class=\"text text-block paragraph text-left neo-font-paragraph-xl-reg  yf-18d6y07\" style=\"text-decoration: none; font-style: normal; text-transform: none; text-align: inherit; font-variant-numeric: normal;\">Judging Panel  <\/p>\n<p class=\"text text-block paragraph text-left neo-font-paragraph-xl-reg  yf-18d6y07\" style=\"text-decoration: none; font-style: normal; text-transform: none; text-align: inherit; font-variant-numeric: normal;\">The exhibition will include a formal judging component, with distinguished professionals invited to evaluate the works and contribute their expertise. The judging process will recognize artistic merit, originality, visual impact and the individual character of the participating works.  <\/p>\n<p class=\"text text-block paragraph text-left neo-font-paragraph-xl-reg  yf-18d6y07\" style=\"text-decoration: none; font-style: normal; text-transform: none; text-align: inherit; font-variant-numeric: normal;\">The confirmed judges are:  <\/p>\n<p class=\"text text-block paragraph text-left neo-font-paragraph-xl-reg  yf-18d6y07\" style=\"text-decoration: none; font-style: normal; text-transform: none; text-align: inherit; font-variant-numeric: normal;\">Wayne Larsen  <\/p>\n<p class=\"text text-block paragraph text-left neo-font-paragraph-xl-reg  yf-18d6y07\" style=\"text-decoration: none; font-style: normal; text-transform: none; text-align: inherit; font-variant-numeric: normal;\">Wayne Larsen is a Montreal-based artist, writer, editor and educator whose career has encompassed visual art, journalism and Canadian art history. A landscape painter with decades of artistic experience, he is also the author of biographies of prominent Canadian artists A.Y. Jackson and James Wilson Morrice. Larsen has taught journalism at Concordia University and has written extensively about art and the media.  <\/p>\n<p class=\"text text-block paragraph text-left neo-font-paragraph-xl-reg  yf-18d6y07\" style=\"text-decoration: none; font-style: normal; text-transform: none; text-align: inherit; font-variant-numeric: normal;\">Fran\u00e7ois Colbert, C.M.  <\/p>\n<p class=\"text text-block paragraph text-left neo-font-paragraph-xl-reg  yf-18d6y07\" style=\"text-decoration: none; font-style: normal; text-transform: none; text-align: inherit; font-variant-numeric: normal;\">Fran\u00e7ois Colbert is a professor of marketing and a leading authority in arts and cultural management at HEC Montr\u00e9al. He holds the Carmelle and R\u00e9mi Marcoux Chair in Arts Management and has played an important role in developing academic programs devoted to the management of arts and cultural organizations. He is also the founding editor of the\u00a0International Journal of Arts Management. In recognition of his outstanding contribution to the field of arts management, he was appointed a Member of the Order of Canada.  <\/p>\n<p class=\"text text-block paragraph text-left neo-font-paragraph-xl-reg  yf-18d6y07\" style=\"text-decoration: none; font-style: normal; text-transform: none; text-align: inherit; font-variant-numeric: normal;\">A third distinguished art professional will complete the judging panel. Their name and professional biography will be included in the final press release once their participation has been confirmed.  <\/p>\n<p class=\"text text-block paragraph text-left neo-font-paragraph-xl-reg  yf-18d6y07\" style=\"text-decoration: none; font-style: normal; text-transform: none; text-align: inherit; font-variant-numeric: normal;\">Professional information about the confirmed judges is available through the following reference links:  <\/p>\n<p class=\"text text-block paragraph text-left neo-font-paragraph-xl-reg  yf-18d6y07\" style=\"text-decoration: none; font-style: normal; text-transform: none; text-align: inherit; font-variant-numeric: normal;\">Exhibition Dates  <\/p>\n<p class=\"text text-block paragraph text-left neo-font-paragraph-xl-reg  yf-18d6y07\" style=\"text-decoration: none; font-style: normal; text-transform: none; text-align: inherit; font-variant-numeric: normal;\">The Opening Night will take place\u00a0on\u00a0Saturday, August 29, 2026, from 6:00 p.m. to 9:00 p.m.  <\/p>\n<p class=\"text text-block paragraph text-left neo-font-paragraph-xl-reg  yf-18d6y07\" style=\"text-decoration: none; font-style: normal; text-transform: none; text-align: inherit; font-variant-numeric: normal;\">The Closing Night and Awards Ceremony will take place\u00a0on\u00a0Saturday, September 12, 2026, from 6:00 p.m. to 9:00 p.m.  <\/p>\n<p class=\"text text-block paragraph text-left neo-font-paragraph-xl-reg  yf-18d6y07\" style=\"text-decoration: none; font-style: normal; text-transform: none; text-align: inherit; font-variant-numeric: normal;\">Both events will be held at the Montreal Art Center and Museum, located at\u00a01844 William Street in Montreal&#8217;s historic Griffintown district.  <\/p>\n<p class=\"text text-block paragraph text-left neo-font-paragraph-xl-reg  yf-18d6y07\" style=\"text-decoration: none; font-style: normal; text-transform: none; text-align: inherit; font-variant-numeric: normal;\">Visitors will have the opportunity to discover the participating artists, experience approximately 115 artworks in person and take part in two special evenings centred on art, creativity and cultural exchange. The Closing Night and Awards Ceremony will recognize selected artists and celebrate the accomplishments of all participating artists.  <\/p>\n<p class=\"text text-block paragraph text-left neo-font-paragraph-xl-reg  yf-18d6y07\" style=\"text-decoration: none; font-style: normal; text-transform: none; text-align: inherit; font-variant-numeric: normal;\">The Montreal Art Center and Museum continues to develop programming that supports artists while creating opportunities for the public to experience art in an intimate and accessible cultural setting.  <\/p>\n<p class=\"text text-block paragraph text-left neo-font-paragraph-xl-reg  yf-18d6y07\" style=\"text-decoration: none; font-style: normal; text-transform: none; text-align: inherit; font-variant-numeric: normal;\">Event Information  <\/p>\n<p class=\"text text-block paragraph text-left neo-font-paragraph-xl-reg  yf-18d6y07\" style=\"text-decoration: none; font-style: normal; text-transform: none; text-align: inherit; font-variant-numeric: normal;\">Global Art League Exhibition  <\/p>\n<p class=\"text text-block paragraph text-left neo-font-paragraph-xl-reg  yf-18d6y07\" style=\"text-decoration: none; font-style: normal; text-transform: none; text-align: inherit; font-variant-numeric: normal;\">Opening Night:\u00a0Saturday, August 29, 2026, from 6:00 p.m. to 9:00 p.m.<br \/>Closing Night and Awards Ceremony:\u00a0Saturday, September 12, 2026, from 6:00 p.m. to 9:00 p.m.  <\/p>\n<p class=\"text text-block paragraph text-left neo-font-paragraph-xl-reg  yf-18d6y07\" style=\"text-decoration: none; font-style: normal; text-transform: none; text-align: inherit; font-variant-numeric: normal;\">Montreal Art Center and Museum<br \/>1844 William Street<br \/>Montreal, Quebec  <\/p>\n<p>   <a href=\"https:\/\/s.yimg.com\/lo\/mysterio\/api\/f29008081ec70b7a2693f5c3dc4d472127f7a515d8677456ffcdfd2295e2c4ad\/lightyear_networkapi\/resizefit_w960%3Bquality_80%3Bformat_webp\/https%3A%2F%2Fmedia.zenfs.com%2Fen%2Fcnw.ca%2Fd3e3a8ac1b11899d35111332dde5ae53.png\" target=\"_blank\" rel=\"noopener noreferrer nofollow\"><img loading=\"lazy\" decoding=\"async\" src=\"data:image\/gif;base64,R0lGODlhAQABAIAAAAAAAP\/\/\/ywAAAAAAQABAAACAUwAOw==\" alt=\"Cision\" height=\"16\" width=\"16\" class=\"yf-1f8hkhu loader\"\/><\/a> Cision          <\/p>\n<p class=\"text text-block paragraph text-left neo-font-paragraph-xl-reg  yf-18d6y07\" style=\"text-decoration: none; font-style: normal; text-transform: none; text-align: inherit; font-variant-numeric: normal;\"> View original content to download multimedia: <a href=\"http:\/\/www.newswire.ca\/en\/releases\/archive\/August2026\/27\/c2767.html\" data-ylk=\"slk:http%3A%2F%2Fwww.newswire.ca%2Fen%2Freleases%2Farchive%2FAugust2026%2F27%2Fc2767.html;elm:context_link;itc:0;sec:content-canvas;source:content-canvas%20default\" data-yga=\"{&quot;yLinkText&quot;:&quot;http:\/\/www.newswire.ca\/en\/releases\/archive\/August2026\/27\/c2767.html&quot;,&quot;yLinkElement&quot;:&quot;context_link&quot;,&quot;yModuleName&quot;:&quot;content-canvas&quot;,&quot;yTrafficOrigin&quot;:&quot;content-canvas default&quot;}\" target=\"_blank\" rel=\"noopener noreferrer nofollow\">http:\/\/www.newswire.ca\/en\/releases\/archive\/August2026\/27\/c2767.html<\/a>  <\/p>\n","protected":false},"excerpt":{"rendered":"MONTREAL, Aug. 27, 2026 \/CNW\/ &#8212; The Montreal Art Center and Museum is preparing to welcome artists, art&hellip;\n","protected":false},"author":2,"featured_media":185716,"comment_status":"","ping_status":"","sticky":false,"template":"","format":"standard","meta":{"footnotes":""},"categories":[8],"tags":[58516,58517,50,58515],"class_list":["post-185715","post","type-post","status-publish","format-standard","has-post-thumbnail","category-montreal","tag-francois-colbert","tag-global-art","tag-montreal","tag-wayne-larsen"],"_links":{"self":[{"href":"https:\/\/www.europesays.com\/canada\/wp-json\/wp\/v2\/posts\/185715","targetHints":{"allow":["GET"]}}],"collection":[{"href":"https:\/\/www.europesays.com\/canada\/wp-json\/wp\/v2\/posts"}],"about":[{"href":"https:\/\/www.europesays.com\/canada\/wp-json\/wp\/v2\/types\/post"}],"author":[{"embeddable":true,"href":"https:\/\/www.europesays.com\/canada\/wp-json\/wp\/v2\/users\/2"}],"replies":[{"embeddable":true,"href":"https:\/\/www.europesays.com\/canada\/wp-json\/wp\/v2\/comments?post=185715"}],"version-history":[{"count":0,"href":"https:\/\/www.europesays.com\/canada\/wp-json\/wp\/v2\/posts\/185715\/revisions"}],"wp:featuredmedia":[{"embeddable":true,"href":"https:\/\/www.europesays.com\/canada\/wp-json\/wp\/v2\/media\/185716"}],"wp:attachment":[{"href":"https:\/\/www.europesays.com\/canada\/wp-json\/wp\/v2\/media?parent=185715"}],"wp:term":[{"taxonomy":"category","embeddable":true,"href":"https:\/\/www.europesays.com\/canada\/wp-json\/wp\/v2\/categories?post=185715"},{"taxonomy":"post_tag","embeddable":true,"href":"https:\/\/www.europesays.com\/canada\/wp-json\/wp\/v2\/tags?post=185715"}],"curies":[{"name":"wp","href":"https:\/\/api.w.org\/{rel}","templated":true}]}}