{"id":187655,"date":"2026-08-29T11:12:09","date_gmt":"2026-08-29T11:12:09","guid":{"rendered":"https:\/\/www.europesays.com\/canada\/187655\/"},"modified":"2026-08-29T11:12:09","modified_gmt":"2026-08-29T11:12:09","slug":"as-she-launches-her-campaign-quebecs-frechette-hopes-the-carney-formula-will-work-twice","status":"publish","type":"post","link":"https:\/\/www.europesays.com\/canada\/187655\/","title":{"rendered":"As she launches her campaign, Quebec&#8217;s Fr\u00e9chette hopes the Carney formula will work twice"},"content":{"rendered":"<p class=\"mb-4 text-lg md:leading-8 break-words\">OTTAWA \u2014 Coalition Avenir Qu\u00e9bec Leader Christine Fr\u00e9chette launched her province&#8217;s election campaign by talking about the importance for Quebec to transform its economy in the face of the trade war with the U.S. because their old relationship is over.<\/p>\n<p class=\"mb-4 text-lg md:leading-8 break-words\">If that message sounds oddly familiar, it&#8217;s because it is.<\/p>\n<p class=\"mb-4 text-lg md:leading-8 break-words\">That is exactly the message that Prime Minister Mark Carney has been repeating since the 2025 election that saw the Liberal Party of Canada get elected for a fourth mandate against all odds.<\/p>\n<p class=\"mb-4 text-lg md:leading-8 break-words\">On Thursday, a reporter asked Fr\u00e9chette if she was trying to emulate Carney.<\/p>\n<p class=\"mb-4 text-lg md:leading-8 break-words\">&#8220;My name is Christine Fr\u00e9chette \u2014 and it&#8217;ll stay that way,&#8221; she said with a laugh.<\/p>\n<p class=\"mb-4 text-lg md:leading-8 break-words\">Fr\u00e9chette took the reins of the Coalition Avenir Qu\u00e9bec (CAQ) in April, succeeding its founder and longtime leader Fran\u00e7ois Legault. The CAQ was expected to be wiped off the electoral map with the separatist Parti Qu\u00e9b\u00e9cois (PQ) poised to form a majority government.<\/p>\n<p class=\"mb-4 text-lg md:leading-8 break-words\">But Fr\u00e9chette took the bull by the horns, multiplying announcements in the province and adopting a new collaborative tone with Ottawa that led to the conclusion of pending deals with Quebec worth billions for infrastructure and major contracts.<\/p>\n<p class=\"mb-4 text-lg md:leading-8 break-words\">Provincial and federal sources consulted for this story said that Fr\u00e9chette and Carney have a &#8220;transactional&#8221; relationship which has benefitted both sides \u2014 showcasing Fr\u00e9chette as a dealmaker and Carney as practicing &#8220;cooperative federalism.&#8221;<\/p>\n<p class=\"mb-4 text-lg md:leading-8 break-words\">But they argue that Ottawa would be wise to take a step back now that the campaign is underway and let the different parties battle it out for the election on October 5.<\/p>\n<p class=\"mb-4 text-lg md:leading-8 break-words\">&#8220;They shouldn&#8217;t do anything that smells of interfering. Quebec voters will look very unfavourably on the federal government doing anything that hints of picking a winner,&#8221; said Jonathan Kalles, a former Quebec advisor to former prime minister Justin Trudeau.<\/p>\n<p class=\"mb-4 text-lg md:leading-8 break-words\">&#8220;I think people can figure out which side Mark Carney&#8217;s on. At least in terms of who he doesn&#8217;t want to win, I don&#8217;t think he needs to say that. And I think if he does, it would look bad, and it wouldn&#8217;t help whichever other party he, in essence, wants to win.&#8221;<\/p>\n<p class=\"mb-4 text-lg md:leading-8 break-words\">Once Fr\u00e9chette became premier, she travelled to Ottawa to meet with the prime minister \u2014 instead of him coming to Montreal or Quebec City \u2014 and Carney pointed out there were many years-long pending deals between both levels of government.<\/p>\n<p class=\"mb-4 text-lg md:leading-8 break-words\">&#8220;He couldn&#8217;t wrap his mind around why we could not agree on good news,&#8221; said one senior government source.<\/p>\n<p class=\"mb-4 text-lg md:leading-8 break-words\">Kalles, now senior vice president at Vantage, said the personalities and backgrounds of Trudeau and Legault were so different that their talks weren&#8217;t &#8220;always constructive.&#8221;<\/p>\n<p class=\"mb-4 text-lg md:leading-8 break-words\">&#8220;Fr\u00e9chette comes in and she&#8217;s looking to demonstrate that she can get concrete things done. And I think Mark Carney understood that, so he was in a deal mode,&#8221; Kalles said.<\/p>\n<p class=\"mb-4 text-lg md:leading-8 break-words\">The first major announcement came in June when Quebec and Ottawa signed five infrastructure agreements worth nearly $10 billion which would pave the way for major investments in public transit, health care, housing and education over the next decade.<\/p>\n<p class=\"mb-4 text-lg md:leading-8 break-words\">Earlier in August, the federal government also helped Quebec broker a new energy framework with Newfoundland and Labrador that <a data-ylk=\"slk:the PQ promised it would review once in power;elm:context_link;itc:0;sec:content-canvas;\" data-yga=\"{&quot;yLinkElement&quot;:&quot;link&quot;,&quot;yLinkElementType&quot;:&quot;article_link&quot;}\" href=\"https:\/\/nationalpost.com\/news\/politics\/pq-would-renegotiate-churchill-falls-mou-with-1927-injustice-in-mind\" rel=\"noopener noreferrer nofollow\" target=\"_blank\">the PQ promised it would review once in power<\/a> and ask for compensation for Quebec&#8217;s loss of Labrador nearly a century ago.<\/p>\n<p class=\"mb-4 text-lg md:leading-8 break-words\">And only three days before the start of the campaign, Carney was by Fr\u00e9chette&#8217;s side in L\u00e9vis, Quebec, to announce that the federal government will invest $11 billion for Davie Shipyard to build six new icebreakers for the Canadian Coast Guard.<\/p>\n<p class=\"mb-4 text-lg md:leading-8 break-words\">The multiple announcements between both leaders so close to the election did not go unnoticed by reporters, who asked Fr\u00e9chette if Carney is becoming her &#8220;best friend&#8221; for the upcoming campaign and Carney if he would like Fr\u00e9chette to win the election.<\/p>\n<p class=\"mb-4 text-lg md:leading-8 break-words\">Carney took the podium first to say it is his job to work with premiers, unions, business leaders and all Canadians in a spirit of collaboration.<\/p>\n<p class=\"mb-4 text-lg md:leading-8 break-words\">&#8220;That&#8217;s my choice,&#8221; he said in French. &#8220;It&#8217;s the only choice and I am happy that Madame Fr\u00e9chette has the same attitude in terms of working in collaboration to create good jobs and bright futures for people.&#8221;<\/p>\n<p class=\"mb-4 text-lg md:leading-8 break-words\">&#8220;When Madame Fr\u00e9chette became premier, she said, &#8216;Let&#8217;s get to work.&#8217; These are good words for me,&#8221; he added.<\/p>\n<p class=\"mb-4 text-lg md:leading-8 break-words\">In a similar fashion, Fr\u00e9chette said it is her job to work with anyone who wants to advance Quebec&#8217;s interests.<\/p>\n<p class=\"mb-4 text-lg md:leading-8 break-words\">After the announcement, Carney crossed the St. Lawrence River to meet with the leader of the Quebec Liberal Party (QLP) Charles Milliard, for a brief lunch.<\/p>\n<p class=\"mb-4 text-lg md:leading-8 break-words\">It was the first meeting between the two men and sources said they spoke about their vision of how to respond to the trade war. After lunch, Carney took the initiative to go around the patio, with Milliard, to shake hands with customers.<\/p>\n<p class=\"mb-4 text-lg md:leading-8 break-words\">A provincial source said the Liberal Party of Canada has more natural links with the QLP than the CAQ. For instance, two of Carney&#8217;s top advisors \u2014 chief of staff Marc-Andr\u00e9 Blanchard and deputy chief of staff Andr\u00e9e-Lynne Hall\u00e9 \u2014 were involved with the provincial Liberals years back.<\/p>\n<p class=\"mb-4 text-lg md:leading-8 break-words\">Kalles said he didn&#8217;t see Carney&#8217;s meeting with Milliard as an endorsement.<\/p>\n<p class=\"mb-4 text-lg md:leading-8 break-words\">&#8220;I don&#8217;t think we know who&#8217;s going to win this election, so I think it&#8217;s trying to build a relationship \u2014 especially in the current circumstances of an economic crisis and the tariff crisis \u2014 and at least break the ice with any of the potential winners.&#8221;<\/p>\n<p class=\"mb-4 text-lg md:leading-8 break-words\">No such meetings were in the works for PQ Leader Paul St-Pierre Plamondon or other provincial leaders before the start of the campaign, Carney&#8217;s office said.<\/p>\n<p class=\"mb-4 text-lg md:leading-8 break-words\">And Carney will not be making partisan announcements with any of the contenders during the Quebec election either.<\/p>\n<p class=\"mb-4 text-lg md:leading-8 break-words\">If the PQ were to form government in October, a senior government source said the prime minister would treat it no differently than other provinces.<\/p>\n<p class=\"mb-4 text-lg md:leading-8 break-words\">For now, Fr\u00e9chette is the one who seems to be benefitting from the current trade war with the U.S. while St-Pierre Plamondon and Milliard are losing ground.<\/p>\n<p class=\"mb-4 text-lg md:leading-8 break-words\"><a data-ylk=\"slk:A Synopsis-La Presse poll released Friday;elm:context_link;itc:0;sec:content-canvas;\" data-yga=\"{&quot;yLinkElement&quot;:&quot;link&quot;,&quot;yLinkElementType&quot;:&quot;article_link&quot;}\" href=\"https:\/\/www.lapresse.ca\/elections-quebecoises\/2026-08-28\/sondage-synopsis-la-presse\/surprise-la-caq-et-le-pq-au-coude-a-coude.php\" rel=\"noopener noreferrer nofollow\" target=\"_blank\">A Synopsis-La Presse poll released Friday<\/a> showed that the CAQ has soared to 27 per cent of voting intentions in Quebec among decided voters, a statistical tie with the PQ which now stands at 28 per cent. The QLP is in third place at 20 per cent.<\/p>\n<p class=\"mb-4 text-lg md:leading-8 break-words\">In this scenario, the PQ would still form a minority government, but any movement upwards for the CAQ could compromise this scenario for the separatist party.<\/p>\n<p class=\"mb-4 text-lg md:leading-8 break-words\">Jonathan Valois, a former CAQ chief of staff and PQ member of the National Assembly, said the polling shows that Quebecers are striving for more stability amid the trade war, and that as a result, all provincial parties will be forced to readjust their messaging.<\/p>\n<p class=\"mb-4 text-lg md:leading-8 break-words\">&#8220;The campaign is going to be a long one, but it certainly sends very clear signals to political parties regarding the mood of the electorate concerning this American threat,&#8221; he said.<\/p>\n<p class=\"mb-4 text-lg md:leading-8 break-words\">Valois said that while Fr\u00e9chette has benefitted from her close proximity to Carney \u2014 who remains widely popular in Quebec \u2014 she also struck the right tone in demanding more information on the tentative Canada-U.S. deal before talks collapsed last week.<\/p>\n<p class=\"mb-4 text-lg md:leading-8 break-words\">Earlier this week, U.S. Commerce Secretary Howard Lutnick said Carney walking away from a trade agreement and blaming it in part on the lack of protections for the French language because he was trying to prevent the PQ from winning in Quebec.<\/p>\n<p class=\"mb-4 text-lg md:leading-8 break-words\">Valois said that while details around this issue are still fuzzy, Carney defending the protection of the French language from the U.S. is a &#8220;gift from heaven&#8221; for the CAQ.<\/p>\n<p class=\"mb-4 text-lg md:leading-8 break-words\">&#8220;This makes things a bit easier for Christine Fr\u00e9chette, who wanted to show that she is aligned with Mark Carney but also a staunch defender of Quebec&#8217;s distinct character.&#8221;<\/p>\n<p class=\"mb-4 text-lg md:leading-8 break-words\">&#8220;Right now, the stars are aligned for her.&#8221;<\/p>\n<p class=\"mb-4 text-lg md:leading-8 break-words\">National Post<br \/>calevesque@postmedia.com<\/p>\n<p class=\"mb-4 text-lg md:leading-8 break-words\">Our website is the place for the latest breaking news, exclusive scoops, longreads and provocative commentary. Please bookmark <a data-ylk=\"slk:nationalpost.com;elm:context_link;itc:0;sec:content-canvas;\" data-yga=\"{&quot;yLinkElement&quot;:&quot;link&quot;,&quot;yLinkElementType&quot;:&quot;article_link&quot;}\" href=\"https:\/\/www.nationalpost.com\" rel=\"noopener noreferrer nofollow\" target=\"_blank\">nationalpost.com<\/a> and sign up for our newsletters <a data-ylk=\"slk:here;elm:context_link;itc:0;sec:content-canvas;\" data-yga=\"{&quot;yLinkElement&quot;:&quot;link&quot;,&quot;yLinkElementType&quot;:&quot;article_link&quot;}\" href=\"https:\/\/nationalpost.com\/newsletters\/\" rel=\"noopener noreferrer nofollow\" target=\"_blank\">here<\/a>.<\/p>\n","protected":false},"excerpt":{"rendered":"OTTAWA \u2014 Coalition Avenir Qu\u00e9bec Leader Christine Fr\u00e9chette launched her province&#8217;s election campaign by talking about the importance&hellip;\n","protected":false},"author":2,"featured_media":187656,"comment_status":"","ping_status":"","sticky":false,"template":"","format":"standard","meta":{"footnotes":""},"categories":[98],"tags":[36167,735,6770,57463,111,59226,241,6618],"class_list":["post-187655","post","type-post","status-publish","format-standard","has-post-thumbnail","category-mark-carney","tag-caq","tag-carney","tag-christine-frechette","tag-frechette","tag-mark-carney","tag-pq","tag-quebec","tag-quebec-city"],"_links":{"self":[{"href":"https:\/\/www.europesays.com\/canada\/wp-json\/wp\/v2\/posts\/187655","targetHints":{"allow":["GET"]}}],"collection":[{"href":"https:\/\/www.europesays.com\/canada\/wp-json\/wp\/v2\/posts"}],"about":[{"href":"https:\/\/www.europesays.com\/canada\/wp-json\/wp\/v2\/types\/post"}],"author":[{"embeddable":true,"href":"https:\/\/www.europesays.com\/canada\/wp-json\/wp\/v2\/users\/2"}],"replies":[{"embeddable":true,"href":"https:\/\/www.europesays.com\/canada\/wp-json\/wp\/v2\/comments?post=187655"}],"version-history":[{"count":0,"href":"https:\/\/www.europesays.com\/canada\/wp-json\/wp\/v2\/posts\/187655\/revisions"}],"wp:featuredmedia":[{"embeddable":true,"href":"https:\/\/www.europesays.com\/canada\/wp-json\/wp\/v2\/media\/187656"}],"wp:attachment":[{"href":"https:\/\/www.europesays.com\/canada\/wp-json\/wp\/v2\/media?parent=187655"}],"wp:term":[{"taxonomy":"category","embeddable":true,"href":"https:\/\/www.europesays.com\/canada\/wp-json\/wp\/v2\/categories?post=187655"},{"taxonomy":"post_tag","embeddable":true,"href":"https:\/\/www.europesays.com\/canada\/wp-json\/wp\/v2\/tags?post=187655"}],"curies":[{"name":"wp","href":"https:\/\/api.w.org\/{rel}","templated":true}]}}