{"id":191641,"date":"2026-09-01T20:41:14","date_gmt":"2026-09-01T20:41:14","guid":{"rendered":"https:\/\/www.europesays.com\/canada\/191641\/"},"modified":"2026-09-01T20:41:14","modified_gmt":"2026-09-01T20:41:14","slug":"ottawa-extends-successful-program-to-recruit-french-speaking-international-students","status":"publish","type":"post","link":"https:\/\/www.europesays.com\/canada\/191641\/","title":{"rendered":"Ottawa extends successful program to recruit French-speaking international students"},"content":{"rendered":"<p>The federal government is extending a successful pilot project that helps francophone universities outside of Quebec to recruit international students.\u00a0\u00a0<\/p>\n<p>The decision to extend the Francophone Minority Communities Student Pilot (FMCSP) until August\u202f2027 was met with enthusiasm by the <a href=\"https:\/\/acufc.ca\/\" target=\"_blank\" rel=\"noreferrer noopener nofollow\">Association des coll\u00e8ges et universit\u00e9s de la francophonie canadienne<\/a> (ACUFC), which represents francophone and bilingual post-secondary institutions outside of Quebec.\u00a0<\/p>\n<p>In 2024, ACUFC filed a <a href=\"https:\/\/academica.ca\/top-ten\/french-language-institutions-seek-exemption-from-federal-study-permit-cap-file-complaint\/\" target=\"_blank\" rel=\"noreferrer noopener nofollow\">complaint with the Office of the Commissioner of Official Languages<\/a> to contest the federal government\u2019s decision to limit the number of study permits issued to international students. The pilot project counterbalances the study permit cap, by allocating permits specifically to French-speaking institutions in provinces where francophones are in the minority.\u00a0<\/p>\n<p>Recent data provides a picture of the program\u2019s impact.\u00a0<\/p>\n<p>\u201cThe approval rate speaks for itself,\u201d said Martin Normand, President of ACUFC. \u201cAlmost 70 per cent of study permit applications received through the program were approved \u2014 well above the Canadian average. These results show that the program can have a direct impact on a key issue we had identified.\u201d\u00a0<\/p>\n<p>According to IRCC data, <a href=\"https:\/\/www.canada.ca\/en\/immigration-refugees-citizenship\/corporate\/transparency\/committees\/cimm-mar-23-2026\/international-students.html\" target=\"_blank\" rel=\"noreferrer noopener nofollow\">the program\u2019s approval rate in December\u202f2025 was 65 per cent <\/a>\u2014significantly higher than the 2023 approval rates of 34 per cent for students from Africa and the Middle East and 39 per cent for students from the Americas.\u00a0<\/p>\n<p>The pilot project was limited to 2,300\u202fapplications in its first year. IRCC received 780\u202fapplications, of which 71 per cent were approved. The limit was raised to 2,970\u202fapplications in the program\u2019s second year.\u00a0<\/p>\n<p>In an email, IRCC confirmed that, as of April\u202f30, 2026, 515\u202fstudents had arrived in Canada through the pilot program since its 2024\u202flaunch.\u00a0<\/p>\n<p><a href=\"https:\/\/www.affairesuniversitaires.ca\/actualites\/programme-pilote-pour-les-personnes-etudiantes-internationales-un-espoir-pour-les-communautes-francophones-hors-quebec\/\" target=\"_blank\" rel=\"noreferrer noopener nofollow\">READ MORE: Programme pilote pour les personnes \u00e9tudiantes internationales : un espoir pour les communaut\u00e9s francophones hors Qu\u00e9bec<\/a> (French only)\u00a0<\/p>\n<p>Stabilizing international student numbers\u00a0<\/p>\n<p>Although most of the program\u2019s designated institutions have been participating since 2024, others joined the program in its second year. Among them is Universit\u00e9 de\u202fSaint-Boniface (USB) in Manitoba, which is preparing to welcome its first program cohort in September\u202f2026.\u00a0<\/p>\n<p>\u201cEven though we only entered the program in December\u202f2025, the response from prospective students was very encouraging,\u201d said Robert Daudet, director of recruitment and student services at USB. \u201cWe\u2019ve already filled between 80 and 85 per cent of our quota for the year.\u201d\u00a0<\/p>\n<p>\u201cThis initiative won\u2019t double our international student numbers, and that\u2019s not our intention either,\u201d Mr. Daudet clarified. \u201cBut it does help stabilize the number of students coming from abroad and supporting the university more broadly.\u201d\u00a0<\/p>\n<p>A demographic boost for the French language\u00a0<\/p>\n<p>Dr.\u202fNormand noted that admissions quota across the institutions has increased by about 20 per cent over previous incoming international student numbers. During the program\u2019s second year, the majority of ACUFC\u2019s 22 member institutions used almost their entire quota, even in rural and remote regions.\u00a0<\/p>\n<p>When the program was launched in fall\u202f2024, sociologist Jean-Pierre Corbeil hypothesized that participants could bring along family members, amounting to a demographic impact of approximately four people per household.\u00a0\u00a0\u00a0<\/p>\n<p>Almost two years later, early results seem to confirm that theory. \u201cWe didn\u2019t predict how many young families would benefit from the program,\u201d said Dr.\u202fNormand. \u201cIt\u2019s not just one person coming to Canada \u2014 it\u2019s four or five people joining a local community.\u201d He says this phenomenon is partially explained by the project\u2019s eligibility criteria, which attract students who are older than average. As a consequence, more incoming students bring their families.\u00a0<\/p>\n<p>\u201cOur institutions are working hard to demonstrate just how much this program benefits host communities and directly supports Canada\u2019s demographic goals for Francophone immigration,\u201d said Dr.\u202fNormand.\u00a0<\/p>\n<p>An unexpected health crisis\u00a0<\/p>\n<p>A resurgence of the <a href=\"https:\/\/www.cbc.ca\/news\/world\/ebola-drc-explainer-9.7310743\" target=\"_blank\" rel=\"noreferrer noopener nofollow\">Ebola epidemic in the Democratic Republic of the Congo<\/a> (DRC) \u2014home to many prospective international francophone students \u2014 has cast a pall over the 2026 back-to-school season. \u201cIn most institutions, many students who should have started their studies in September are from the DRC,\u201d said Dr.\u202fNormand. \u201cPublic health measures will significantly affect numbers for the program\u2019s second year. Many students from the DRC may not be able to arrive in September as expected.\u201d\u00a0<\/p>\n<p>In response to the Ebola outbreak, <a href=\"https:\/\/www.canada.ca\/en\/public-health\/services\/diseases\/ebola\/border-measures.html\" target=\"_blank\" rel=\"noreferrer noopener nofollow\">Canada has temporarily suspended entry for foreign nationals<\/a> from the DRC, Uganda and South Sudan. The processing of visa applications under FMCSP has also been suspended. IRCC has said that students admitted in the second year of the program who cannot enter Canada due to the border measures can communicate with their university to defer their studies to next year.\u00a0\u00a0<\/p>\n<p>At USB, the outbreak will have only a small impact; Mr.\u202fDaudet anticipates that four or five Congolese students may not arrive in time for the start of the semester. Thanks to the pilot program\u2019s high approval rate, however, he says USB still expects to welcome more international students overall than previously anticipated. However, he was unable to provide an exact number, as IRCC is still processing student permit applications.<\/p>\n","protected":false},"excerpt":{"rendered":"The federal government is extending a successful pilot project that helps francophone universities outside of Quebec to recruit&hellip;\n","protected":false},"author":2,"featured_media":191642,"comment_status":"","ping_status":"","sticky":false,"template":"","format":"standard","meta":{"footnotes":""},"categories":[11],"tags":[12409,10550,61,7452],"class_list":["post-191641","post","type-post","status-publish","format-standard","has-post-thumbnail","category-ottawa","tag-francophone","tag-international-students","tag-ottawa","tag-study-permits"],"_links":{"self":[{"href":"https:\/\/www.europesays.com\/canada\/wp-json\/wp\/v2\/posts\/191641","targetHints":{"allow":["GET"]}}],"collection":[{"href":"https:\/\/www.europesays.com\/canada\/wp-json\/wp\/v2\/posts"}],"about":[{"href":"https:\/\/www.europesays.com\/canada\/wp-json\/wp\/v2\/types\/post"}],"author":[{"embeddable":true,"href":"https:\/\/www.europesays.com\/canada\/wp-json\/wp\/v2\/users\/2"}],"replies":[{"embeddable":true,"href":"https:\/\/www.europesays.com\/canada\/wp-json\/wp\/v2\/comments?post=191641"}],"version-history":[{"count":0,"href":"https:\/\/www.europesays.com\/canada\/wp-json\/wp\/v2\/posts\/191641\/revisions"}],"wp:featuredmedia":[{"embeddable":true,"href":"https:\/\/www.europesays.com\/canada\/wp-json\/wp\/v2\/media\/191642"}],"wp:attachment":[{"href":"https:\/\/www.europesays.com\/canada\/wp-json\/wp\/v2\/media?parent=191641"}],"wp:term":[{"taxonomy":"category","embeddable":true,"href":"https:\/\/www.europesays.com\/canada\/wp-json\/wp\/v2\/categories?post=191641"},{"taxonomy":"post_tag","embeddable":true,"href":"https:\/\/www.europesays.com\/canada\/wp-json\/wp\/v2\/tags?post=191641"}],"curies":[{"name":"wp","href":"https:\/\/api.w.org\/{rel}","templated":true}]}}