{"id":195049,"date":"2026-09-03T21:30:24","date_gmt":"2026-09-03T21:30:24","guid":{"rendered":"https:\/\/www.europesays.com\/canada\/195049\/"},"modified":"2026-09-03T21:30:24","modified_gmt":"2026-09-03T21:30:24","slug":"canada-invited-to-ireland-for-eu-talks-alongside-trumps-trade-envoy-politico","status":"publish","type":"post","link":"https:\/\/www.europesays.com\/canada\/195049\/","title":{"rendered":"Canada invited to Ireland for EU talks alongside Trump\u2019s trade envoy \u2013 POLITICO"},"content":{"rendered":"<p>Sidhu has been charged with expanding Canada\u2019s trade with Europe and other countries beyond the U.S., leaving the task of managing relations with Washington to Canada-U.S. Trade Minister Dominic LeBlanc.<\/p>\n<p>Sidhu\u2019s expected role is the latest sign that ties between Brussels and Ottawa are deepening. <a href=\"https:\/\/www.politico.eu\/article\/canada-mark-carney-to-attend-eus-state-of-the-union-ursula-von-der-leyen\/\" rel=\"nofollow noopener\" target=\"_blank\">Canadian Prime Minister Mark Carney<\/a> is due in Strasbourg Sept. 16-17 to attend European Commission President Ursula von der Leyen\u2019s landmark State of the Union speech. He will also address the European Parliament.\u00a0<\/p>\n<p>Maro\u0161 \u0160ef\u010dovi\u010d, the EU\u2019s trade chief, <a href=\"https:\/\/pro.politico.eu\/news\/223584\" target=\"_blank\" rel=\"nofollow noopener\">also spoke with<\/a> his Canadian counterpart earlier this week as the two sides look to reach a deal on digital trade. \u201cCanada, for us, is a clear example that this [free-trade agreement] works, if it is well negotiated, that it is good for both partners,\u201d he said.<\/p>\n<p>The informal meeting of EU trade ministers is being organized by the Irish presidency of the Council of the EU and will take place in Dublin Oct. 22-23. It is expected to cover the bloc\u2019s trade relations with \u201cmajor partners,\u201d <a href=\"https:\/\/irish-presidency.consilium.europa.eu\/en\/events\/informal-meeting-of-trade-ministers-fac-trade\/\" target=\"_blank\" rel=\"nofollow noopener\">according to the agenda<\/a>.<\/p>\n<p>Camille Gijs and Max Griera reported from Brussels. Zi-Ann Lum reported from Toronto. Stefanie Bolzen reported from Washington.<\/p>\n","protected":false},"excerpt":{"rendered":"Sidhu has been charged with expanding Canada\u2019s trade with Europe and other countries beyond the U.S., leaving the&hellip;\n","protected":false},"author":2,"featured_media":195050,"comment_status":"","ping_status":"","sticky":false,"template":"","format":"standard","meta":{"footnotes":""},"categories":[2],"tags":[17,111,387,509,58163,401,30,512],"class_list":["post-195049","post","type-post","status-publish","format-standard","has-post-thumbnail","category-canada","tag-canada","tag-mark-carney","tag-maros-sefcovic","tag-negotiations","tag-state-of-the-union","tag-trade","tag-united-states","tag-ursula-von-der-leyen"],"_links":{"self":[{"href":"https:\/\/www.europesays.com\/canada\/wp-json\/wp\/v2\/posts\/195049","targetHints":{"allow":["GET"]}}],"collection":[{"href":"https:\/\/www.europesays.com\/canada\/wp-json\/wp\/v2\/posts"}],"about":[{"href":"https:\/\/www.europesays.com\/canada\/wp-json\/wp\/v2\/types\/post"}],"author":[{"embeddable":true,"href":"https:\/\/www.europesays.com\/canada\/wp-json\/wp\/v2\/users\/2"}],"replies":[{"embeddable":true,"href":"https:\/\/www.europesays.com\/canada\/wp-json\/wp\/v2\/comments?post=195049"}],"version-history":[{"count":0,"href":"https:\/\/www.europesays.com\/canada\/wp-json\/wp\/v2\/posts\/195049\/revisions"}],"wp:featuredmedia":[{"embeddable":true,"href":"https:\/\/www.europesays.com\/canada\/wp-json\/wp\/v2\/media\/195050"}],"wp:attachment":[{"href":"https:\/\/www.europesays.com\/canada\/wp-json\/wp\/v2\/media?parent=195049"}],"wp:term":[{"taxonomy":"category","embeddable":true,"href":"https:\/\/www.europesays.com\/canada\/wp-json\/wp\/v2\/categories?post=195049"},{"taxonomy":"post_tag","embeddable":true,"href":"https:\/\/www.europesays.com\/canada\/wp-json\/wp\/v2\/tags?post=195049"}],"curies":[{"name":"wp","href":"https:\/\/api.w.org\/{rel}","templated":true}]}}