{"id":195763,"date":"2026-09-04T08:26:19","date_gmt":"2026-09-04T08:26:19","guid":{"rendered":"https:\/\/www.europesays.com\/canada\/195763\/"},"modified":"2026-09-04T08:26:19","modified_gmt":"2026-09-04T08:26:19","slug":"quebec-election-called-amid-intensifying-canada-us-trade-war","status":"publish","type":"post","link":"https:\/\/www.europesays.com\/canada\/195763\/","title":{"rendered":"Quebec election called amid intensifying Canada-US trade war"},"content":{"rendered":"<p><img decoding=\"async\" class=\"db relative center\" loading=\"lazy\" src=\"https:\/\/www.europesays.com\/canada\/wp-content\/uploads\/2026\/09\/d2174009-dbd6-47ec-8810-ed5272297c54.jpeg\" style=\"max-height:100%\"\/>Quebec Premier and CAQ leader Christine Fr\u00e9chette. In an attempt to distance her government from the unpopular tenure of CAQ founder Fran\u00e7ois Legault, Frechette has renamed the CAQ the \u00c9quipe Christine Fr\u00e9chette\u2013Coalition Avenir Quebec  [Photo: Christine Fr\u00e9chette\/Facebook]<\/p>\n<p>Quebec Premier and Coalition Avenir Qu\u00e9bec (CAQ) leader Christine Fr\u00e9chette last week officially launched the provincial election slated for Monday, October 5. Opinion polls show widespread popular anger over dilapidated public services and a severe shortage of affordable housing, as well as great volatility in voting intentions.<\/p>\n<p>Voters are expected to elect representatives from five parties to Quebec\u2019s National Assembly. But with none of them currently enjoying more than 30 percent support, there is a distinct possibility the election will result in a minority government.<\/p>\n<p>The election comes amid an intensifying Canada-US trade war. After trade talks collapsed August 21, US President Donald Trump carried through on his threat to impose 50 percent tariffs on more than $US 20 billion worth of Canadian goods. Asserting that Canada was now \u201cat war,\u201d Prime Minister Mark Carney responded by announcing equivalent \u201cdollar for dollar\u201d tariffs on American products, prompting Washington to announce that tariffs of Canadian-assembled cars and trucks will rise to 50 percent at the beginning of January 2027. \u00a0\u00a0\u00a0<\/p>\n<p>This economic war is only one front in an expanding global war. Faced with an historic crisis\u2014exemplified by a record national debt of $40 trillion\u2014the American ruling class is seeking to redivide the world by force in order to assert control over markets, resources, production networks and strategic chokepoints. NATO\u2019s war against Russia in Ukraine, the US-Israeli conflict against Iran and the genocide of the Palestinians are battlegrounds in a developing global conflagration whose principal target is China.<\/p>\n<p>A second-rank imperialist power that historically profited from its ties to the British Empire and then from its post-1940 close military-security and economic partnership with Washington, Canada finds itself plunged into the heart of this emerging third world war. Hard hit by Trump\u2019s tariffs, the Canadian bourgeoisie does not oppose the would-be American dictator on principle, but only because his \u201cAmerica First\u201d program cuts across its own predatory interests. Like Canada and for the same reasons, European imperialism is engaged in a massive campaign of aggression to escalate the war on Russia and rearmament.<\/p>\n<p>Under the cover of Canadian nationalism and using Trump as a pretext, the Liberal governments of Justin Trudeau and then Mark Carney have shifted official politics far to the right. They have massively hiked military spending, pledging to spend more than $150 billion on defence by 2035. They have provided huge tax cuts and subsidies to big business and the financial elite, and launched a frontal assault on the right to strike.<\/p>\n<p>It is the working class that will pay for the orgy of military spending through the imposition of austerity policies and the dismantling of workers\u2019 democratic and social rights.<\/p>\n<p>These fundamental issues\u2014the descent into world war, savage austerity at both the federal and provincial levels, the destruction of jobs and wages, the rising cost of living, the shortage of affordable housing\u2014will be buried during the Quebec election campaign under a deluge of reactionary Quebec and Canadian nationalist appeals.<\/p>\n<p><a class=\"db avenir f6 lh-title pa1 br2 tc mw6 mw7-l bg-black-05 mt3 center\" href=\"https:\/\/www.wsws.org\/en\/special\/pages\/freebogdan.html\" rel=\"nofollow noopener\" target=\"_blank\"><img decoding=\"async\" class=\"dn db-m\" src=\"https:\/\/www.europesays.com\/canada\/wp-content\/uploads\/2026\/09\/1788510379_637_00320551-90b5-4662-8c01-4280f38c1388.png\"\/><img decoding=\"async\" class=\"db dn-m\" src=\"https:\/\/www.europesays.com\/canada\/wp-content\/uploads\/2026\/09\/1788510379_85_cb81af3e-be1f-4024-9a36-d55b1536218b.png\"\/><\/a><\/p>\n<p>Despite the resignation of CAQ founder Fran\u00e7ois Legault last January and his replacement by Fr\u00e9chette, the CAQ government remains deeply unpopular. Since 2018, it has waged a veritable class war against workers: cutting real wages, dismantling and privatizing public services, prioritizing profits over human lives at the height of the COVID-19 pandemic, and mounting ever-greater attacks on the right to strike\u2014notably through Bill 14, which allows the labour minister to arbitrarily end any strike under the pretext of protecting the \u201cwell-being of the population.\u201d<\/p>\n<p>To divide the working class and deflect the anger provoked by its austerity policies, the CAQ has whipped up Quebec nationalism and anti-immigrant chauvinism, particularly in its anti-Muslim variant. It adopted discriminatory laws on \u201cstate secularism\u201d and the \u201cprotection\u201d of the French language.<\/p>\n<p>Four other parties are vying to form the next government. Leading in the polls since last year, the Parti Qu\u00e9b\u00e9cois (PQ) is considered by many observers to be the favourite to win the October 5 election\u2014even with only a third of the popular vote.<\/p>\n<p>Abandoned by workers after the massive social spending cuts of the Parizeau\/Bouchard\/Landry years (1994\u20132003), the PQ has rebuilt itself under Paul St-Pierre Plamondon around an explicitly chauvinist Quebec nationalism and a virulent xenophobia, scapegoating immigrants for glaring social problems. In 2026, St-Pierre Plamondon gave <a href=\"https:\/\/www.wsws.org\/en\/articles\/2026\/05\/23\/mert-m23.html\" rel=\"nofollow noopener\" target=\"_blank\">an hour-long interview<\/a> to Rebel News, a far-right media outlet linked to the MAGA movement and European fascists. In that interview, as elsewhere, St-Pierre Plamondon promoted a Quebec variant of the fascist \u201cGreat Replacement\u201d theory, claiming that Ottawa seeks to \u201cdrown\u201d the francophone Quebec \u201cnation\u201d under a flood of anglophone immigrants.<\/p>\n<p>After nearly disappearing in 2022, the PQ was revived not by a popular movement, but by sections of the ruling class, its allies in the corporate media\u2014notably the Journal de Montr\u00e9al, owned by billionaire Pierre Karl P\u00e9ladeau\u2014and the trade union bureaucracy.<\/p>\n<p>Having long since abandoned any progressive pretensions, the PQ now promotes Quebec independence as a historic opportunity to take an axe to social spending under the pretext of ending federal-provincial program \u201cduplication\u201d and drastically reducing bureaucracy and the number of public servants.<\/p>\n<p>It is campaigning for independence on an explicitly far-right basis: a 20 percent tax cut for \u201cQuebec\u201d businesses, privatization of public services, massive reductions in immigration, the creation of a Quebec army to be funded by the equivalent of 5 percent of Quebec\u2019s GDP, and participation in NATO and NORAD. Representing sections of the Quebec bourgeoisie seeking a direct deal with Washington, St-Pierre Plamondon has carefully avoided criticizing Trump over the tariffs.<\/p>\n<p>The PQ\u2019s program aims at the creation of a third imperialist state in North America, designed to divide Quebec workers, along ethnolinguistic lines, from their brothers and sisters in the rest of Canada and the Americas.<\/p>\n<p>Qu\u00e9bec Solidaire (QS), another pro-independence party, represents the Quebec pseudo-left. Pro-capitalist, it expresses the aspirations of privileged layers of the upper middle class. Although it has no chance of forming the government, QS will play an important role in providing a \u201cprogressive\u201d veneer to Quebec nationalism and channeling workers\u2019 opposition behind the overtly pro-big business parties, particularly the PQ, with which it is prepared to ally. QS has pledged to support the \u201cYes\u201d camp led by the PQ if the latter keeps its promise to hold a third referendum on Quebec independence before 2030.<\/p>\n<p>Questions about this article? Ask Socialism AI<\/p>\n<p>While occasionally criticizing St-Pierre Plamondon\u2019s most blatant anti-immigrant scapegoating, QS legitimizes his chauvinism by presenting the \u201cdebate\u201d over immigration as \u201chealthy and peaceful\u201d and by claiming that the PQ \u201cis not intolerant\u201d and should not be compared to Trump or France\u2019s Le Pen.<\/p>\n<p>Historically, the Quebec Liberal Party (PLQ) has been the party most openly associated with big business. The last time it held power, between 2014 and 2018 under Philippe Couillard, the PLQ imposed sweeping social spending cuts in one of the worst waves of austerity in Quebec\u2019s history.<\/p>\n<p>In a sign of the scale of the rightward shift in Quebec politics, the PLQ, led by former Federation of Chambers of Commerce CEO Charles Milliard, presents itself as a party of the moderate \u201ccentre,\u201d more liberal on immigration and less inclined to chauvinism. Yet it was the PLQ that first proposed, in its Bill 62, to deny public services to anyone with a \u201ccovered face,\u201d thereby inspiring the CAQ\u2019s infamous Bill 21. Opposed to independence, the PLQ mobilizes Canadian nationalism and opposition to Trump\u2019s tariffs to rally workers behind the federal state and \u201ctheir\u201d bourgeoisie.<\/p>\n<p>The Conservative Party of Quebec (PCQ), led by \u00c9ric Duhaime, advances a thoroughly reactionary program and competes with the CAQ for the support of the hard-right electorate opposed to the PQ\u2019s separatism. Duhaime vehemently opposed COVID-19 public health measures and supported the far-right \u201cFreedom Convoy\u201d that menacingly occupied downtown Ottawa for three weeks in early 2022. The PCQ advocates massive cuts to social spending, accelerated deregulation, increased privatization of health care and education, and \u201crecord\u201d tax cuts for corporations and the rich. Despite its weak popular support outside Quebec City and the Beauce region, it enjoys extensive media coverage, because a section of the ruling class wants to use its ultra-reactionary program to push all of Quebec politics even further right.<\/p>\n<p>Quebec workers have no interest in supporting any of these parties on October 5: all of them have in store austerity, cuts to wages and jobs, the dismantling of public services, deepening social inequality, inaction on climate change, and attacks on social and democratic rights.<\/p>\n<p>Only the development of an independent political movement of the working class, in a break with the parties of big business and the pro-capitalist unions, can enable workers to defend their true class interests.<\/p>\n<p>The role of the union bureaucracy is to systematically isolate and sabotage the growing struggles of workers\u2014such as those waged recently in the Quebec public sector, by postal workers, or by Air Canada flight attendants\u2014and to bring them politically back under the sway of Quebec nationalism and into the fold of the PQ.<\/p>\n<p>In a move that demonstrates once again how far the bureaucracy is prepared to go to tie the working class to the PQ, FTQ (Quebec Federation of Labour) President Magali Picard participated in the PQ\u2019s policy convention earlier this year. <a href=\"https:\/\/www.wsws.org\/en\/articles\/2026\/03\/01\/kybb-m01.html\" rel=\"nofollow noopener\" target=\"_blank\">There she endorsed <\/a>the \u201cpro-worker\u201d posturing of this pro-austerity and pro-imperialist party\u2014demagogy reminiscent of that of federal Conservative leader Pierre Poilievre or the fascist Donald Trump, who drawing on Hitler\u2019s playbook is trying to establish a presidential dictatorship.<\/p>\n<p>In opposition to the reactionary nationalism of the union bureaucracy in Quebec and in English Canada (where it waves The Maple Leaf and gives full-throated support to Carney\u2019s Team Canada), all sections of the Canadian working class\u2014francophone, anglophone and immigrant\u2014must unite and join with their class brothers and sisters in the United States and overseas in a struggle for power and for the socialist reorganization of society.<\/p>\n<p>The World Socialist Web Site is the voice of the working class and the leadership of the international socialist movement. We rely entirely on the support of our readers. Please donate today!<\/p>\n","protected":false},"excerpt":{"rendered":"Quebec Premier and CAQ leader Christine Fr\u00e9chette. In an attempt to distance her government from the unpopular tenure&hellip;\n","protected":false},"author":2,"featured_media":195764,"comment_status":"","ping_status":"","sticky":false,"template":"","format":"standard","meta":{"footnotes":""},"categories":[2],"tags":[61369,61363,4606,17,61368,36167,58851,6770,1112,61360,61361,61365,61366,111,38828,55121,61359,61362,130,42348,10855,12468,5971,61364,45640,61367],"class_list":["post-195763","post","type-post","status-publish","format-standard","has-post-thumbnail","category-canada","tag-anti-immigrant-chauvinism","tag-austerity","tag-bill-21","tag-canada","tag-canadian-imperialism","tag-caq","tag-charles-milliard","tag-christine-frechette","tag-coalition-avenir-quebec","tag-conservative-party-of-quebec","tag-eric-duhaime","tag-ftq","tag-magali-picard","tag-mark-carney","tag-parti-quebecois","tag-paul-st-pierre-plamondon","tag-quebec-election-2026","tag-quebec-independence-referendum","tag-quebec-liberal-party","tag-quebec-nationalism","tag-quebec-solidaire","tag-socialism","tag-trump-tariffs","tag-union-bureaucracy","tag-us-canada-trade-war","tag-working-class"],"_links":{"self":[{"href":"https:\/\/www.europesays.com\/canada\/wp-json\/wp\/v2\/posts\/195763","targetHints":{"allow":["GET"]}}],"collection":[{"href":"https:\/\/www.europesays.com\/canada\/wp-json\/wp\/v2\/posts"}],"about":[{"href":"https:\/\/www.europesays.com\/canada\/wp-json\/wp\/v2\/types\/post"}],"author":[{"embeddable":true,"href":"https:\/\/www.europesays.com\/canada\/wp-json\/wp\/v2\/users\/2"}],"replies":[{"embeddable":true,"href":"https:\/\/www.europesays.com\/canada\/wp-json\/wp\/v2\/comments?post=195763"}],"version-history":[{"count":0,"href":"https:\/\/www.europesays.com\/canada\/wp-json\/wp\/v2\/posts\/195763\/revisions"}],"wp:featuredmedia":[{"embeddable":true,"href":"https:\/\/www.europesays.com\/canada\/wp-json\/wp\/v2\/media\/195764"}],"wp:attachment":[{"href":"https:\/\/www.europesays.com\/canada\/wp-json\/wp\/v2\/media?parent=195763"}],"wp:term":[{"taxonomy":"category","embeddable":true,"href":"https:\/\/www.europesays.com\/canada\/wp-json\/wp\/v2\/categories?post=195763"},{"taxonomy":"post_tag","embeddable":true,"href":"https:\/\/www.europesays.com\/canada\/wp-json\/wp\/v2\/tags?post=195763"}],"curies":[{"name":"wp","href":"https:\/\/api.w.org\/{rel}","templated":true}]}}