{"id":197651,"date":"2026-09-05T21:44:17","date_gmt":"2026-09-05T21:44:17","guid":{"rendered":"https:\/\/www.europesays.com\/canada\/197651\/"},"modified":"2026-09-05T21:44:17","modified_gmt":"2026-09-05T21:44:17","slug":"quebec-parties-target-health-care-affordability-as-election-nears-winnipeg-free-press","status":"publish","type":"post","link":"https:\/\/www.europesays.com\/canada\/197651\/","title":{"rendered":"Quebec parties target health care, affordability as election nears \u2013 Winnipeg Free Press"},"content":{"rendered":"<p>MONTREAL \u2013 With one month to go before Quebec\u2019s provincial election, parties on Saturday pitched voters on health care, government spending and daycare, while their leaders also debated the prospect of another referendum on Quebec independence.<\/p>\n<p>CAQ Leader Christine Fr\u00e9chette promised to expand access to reduced-fee daycare, while accusing Parti Qu\u00e9b\u00e9cois Leader Paul St-Pierre Plamondon of hiding his commitment to hold a referendum.<\/p>\n<p>Speaking at a news conference Saturday morning in Lorraine, north of Montreal, Fr\u00e9chette claimed St-Pierre Plamondon avoided the word \u201creferendum\u201d at a major PQ campaign rally in Quebec City the previous night.<\/p>\n<p>\t\t\t\t\t\t\t\t\t<a href=\"https:\/\/www.europesays.com\/canada\/wp-content\/uploads\/2026\/09\/6a9c505eb5660c54080319ecjpeg.jpg\" data-pswp- data-pswp-width=\"3500\" data-pswp-height=\"2443\"><br \/>\n\t\t\t\t\t\t\t\t\t\t<img decoding=\"async\" src=\"https:\/\/www.europesays.com\/canada\/wp-content\/uploads\/2026\/09\/6a9c505eb5660c54080319ecjpeg.jpg\" alt=\"Coalition Avenir Qu\u00e9bec Leader Christine Frechette arrives for a daycare announcement alongside candidate Mario Laframboise, right, during an election campaign stop in Lorraine, Que., on Saturday, Sept. 5, 2026. Quebec votes in a provincial election on Oct. 5, 2026. THE CANADIAN PRESS\/Graham Hughes\"\/><br \/>\n\t\t\t\t\t\t\t\t\t<\/a><br \/>\n\t\t\t\t\t\t\t\t\tCoalition Avenir Qu\u00e9bec Leader Christine Frechette arrives for a daycare announcement alongside candidate Mario Laframboise, right, during an election campaign stop in Lorraine, Que., on Saturday, Sept. 5, 2026. Quebec votes in a provincial election on Oct. 5, 2026. THE CANADIAN PRESS\/Graham Hughes<\/p>\n<p>\u201cYesterday, he gathered his supporters. Not once did he use the word referendum,\u201d she said. \u201cThat\u2019s hiding things from Quebecers.\u201d<\/p>\n<p>Fr\u00e9chette also argued this is the worst time to hold a rerendum, pointing to the trade conflict with the United States, and she also accused her rivals of not talking enough about U.S. President Donald Trump\u2019s tariffs.<\/p>\n<p>\u201cWe\u2019re in an economic war with our main trading partner, and for the other parties, it\u2019s as though it were a minor news story,\u201d she said.<\/p>\n<p>However, St-Pierre Plamondon rejected Fr\u00e9chette\u2019s accusation he was avoiding referendum talk, saying he uses \u201cpopular consultation\u201d and \u201creferendum\u201d interchangeably.<\/p>\n<p>\u201cI\u2019ve used the word at times. I use popular consultation, referendum,\u201d he told reporters in Quebec City. \u201cPopular consultation and referendum mean exactly the same thing.\u201d<\/p>\n<p>Fr\u00e9chette on Saturday also pledged 25,000 additional reduced-fee daycare spaces at a cost of $750 million over four years. But only 5,000 would be entirely new spaces.<\/p>\n<p>Of the 25,000, 15,000 were part of previous commitments, while another 5,000 would come from converting existing unsubsidized spaces into subsidized ones.<\/p>\n<p>The CAQ would also offer newly qualified daycare workers a $10,000 bonus if they commit to working for at least two years in a subsidized daycare or early childhood centre.<\/p>\n<p>Liberal Leader Charles Milliard accused Fr\u00e9chette of playing with the numbers during a campaign stop in L\u00e9vis, across the St. Lawrence River from Quebec City.\u00a0<\/p>\n<p>\u201cThis isn\u2019t 25,000 new spaces being announced this morning. It\u2019s a maximum of 5,000 spaces,\u201d he told reporters.<\/p>\n<p>The Parti Qu\u00e9b\u00e9cois, meanwhile, proposed a series of measures aimed at accountability at the highest levels of government, including freezing the salaries of legislature members, cabinet ministers and heads of Crown corporations until Quebec returns to a balanced budget, which the party expects in 2028-29.<\/p>\n<p>The PQ would also require candidates selected to lead Crown corporations to appear before a legislative committee, set performance targets for their CEOs and review executive bonuses.<\/p>\n<p>\u201cWe can\u2019t ask the public and broader public sectors to go on a certain diet while we don\u2019t set an example ourselves,\u201d St-Pierre Plamondon said.<\/p>\n<p>At a campaign stop in Chicoutimi, about 200 kilometres north of Quebec City, Qu\u00e9bec solidaire co-spokesperson Ruba Ghazal proposed 400 primary-care access points inspired by Quebec\u2019s CLSC community health centre model, at an estimated cost of $1.8 billion a year.<\/p>\n<p>The party would open 200 during a first mandate and another 200 during a second. Ghazal said the centres would make it easier for Quebecers to enter the health system and help relieve pressure on emergency rooms.<\/p>\n<p>Conservative Leader \u00c9ric Duhaime, meanwhile, unveiled his party\u2019s digital plan in Inverness, about 100 kilometres southwest of Quebec City, aimed at making nearly all Quebec government services available online.<\/p>\n<p>His party says the plan would save $3.45 billion in administrative costs over five years. It also calls for reducing regulatory requirements by 30 per cent over four years and using artificial intelligence in government operations with human oversight.<\/p>\n<p>\u201cThe Quebec government has to enter the 21st century, and quickly,\u201d Duhaime said.<\/p>\n<p>This report by The Canadian Press was first published Sept. 5, 2026.<\/p>\n","protected":false},"excerpt":{"rendered":"MONTREAL \u2013 With one month to go before Quebec\u2019s provincial election, parties on Saturday pitched voters on health&hellip;\n","protected":false},"author":2,"featured_media":197652,"comment_status":"","ping_status":"","sticky":false,"template":"","format":"standard","meta":{"footnotes":""},"categories":[12],"tags":[84],"class_list":["post-197651","post","type-post","status-publish","format-standard","has-post-thumbnail","category-winnipeg","tag-winnipeg"],"_links":{"self":[{"href":"https:\/\/www.europesays.com\/canada\/wp-json\/wp\/v2\/posts\/197651","targetHints":{"allow":["GET"]}}],"collection":[{"href":"https:\/\/www.europesays.com\/canada\/wp-json\/wp\/v2\/posts"}],"about":[{"href":"https:\/\/www.europesays.com\/canada\/wp-json\/wp\/v2\/types\/post"}],"author":[{"embeddable":true,"href":"https:\/\/www.europesays.com\/canada\/wp-json\/wp\/v2\/users\/2"}],"replies":[{"embeddable":true,"href":"https:\/\/www.europesays.com\/canada\/wp-json\/wp\/v2\/comments?post=197651"}],"version-history":[{"count":0,"href":"https:\/\/www.europesays.com\/canada\/wp-json\/wp\/v2\/posts\/197651\/revisions"}],"wp:featuredmedia":[{"embeddable":true,"href":"https:\/\/www.europesays.com\/canada\/wp-json\/wp\/v2\/media\/197652"}],"wp:attachment":[{"href":"https:\/\/www.europesays.com\/canada\/wp-json\/wp\/v2\/media?parent=197651"}],"wp:term":[{"taxonomy":"category","embeddable":true,"href":"https:\/\/www.europesays.com\/canada\/wp-json\/wp\/v2\/categories?post=197651"},{"taxonomy":"post_tag","embeddable":true,"href":"https:\/\/www.europesays.com\/canada\/wp-json\/wp\/v2\/tags?post=197651"}],"curies":[{"name":"wp","href":"https:\/\/api.w.org\/{rel}","templated":true}]}}