{"id":197869,"date":"2026-09-06T05:28:38","date_gmt":"2026-09-06T05:28:38","guid":{"rendered":"https:\/\/www.europesays.com\/canada\/197869\/"},"modified":"2026-09-06T05:28:38","modified_gmt":"2026-09-06T05:28:38","slug":"st-vincent-pauline-obituaries","status":"publish","type":"post","link":"https:\/\/www.europesays.com\/canada\/197869\/","title":{"rendered":"ST. VINCENT PAULINE &#8211; Obituaries"},"content":{"rendered":"<p class=\"textsize\">Adjust Text Size: <a href=\"#\/\" id=\"incfont\">A+<\/a> <a href=\"#\/\" id=\"decfont\">A-<\/a><\/p>\n<p class=\"heading\" style=\"text-align: center; padding-top: 5px;\">PAULINE ST. VINCENT<\/p>\n<p class=\"heading2 hideIfNoContent\" data-content=\"January 9, 1955 - August 30, 2026\" style=\"text-align: center;\">January 9, 1955 &#8211; August 30, 2026<\/p>\n<p class=\"body\">Pauline was born in Cochenour, Ontario and deceased in Winnipeg, Manitoba where she resided most of her life.<br \/>She leaves behind her son Eric who has been the joy of her life. She also leaves behind her siblings: Jack (Kathy &#8211; deceased 11\/25), Laurette, Agn\u00e8s (Gil), Georges (Bev), Doris (Germain) and Lorraine (Dave); her nieces and nephews: Kevin (Tracey), Danette (Chris), Mike, Dylan (Bridgette), Jennifer (Kyle), Ang\u00e8le (Kevin), Shea (Jessica), Danielle (Dan), R\u00e9jean (Kristie), Br\u00e9anne, Sean, as well as her great-nieces and nephews. She was predeceased by her parents, Edouard and Ir\u00e8ne (nee Sarrasin) St. Vincent.<br \/>We would like to extend our gratitude to the Victoria Hospital Cancer Care unit and Dr. Scott Hurton along with the St. Boniface Hospital and Riverview Health Centre Staff. A big thank you to Wheels of Hope and their many volunteers.<br \/>There will be no formal service. A private interment will be planned at a future date. If you wish to donate please consider Wheels of Hope through CancerCare or a charity of your choice.<\/p>\n<p class=\"ending hideIfNoContent\" data-content=\"Glen Lawn Funeral Home&lt;br \/&gt;204-982-7550\" style=\"text-align: center; padding-top: 10px; padding-bottom: 2px;\">Glen Lawn Funeral Home<br \/>204-982-7550<\/p>\n<p> <img decoding=\"async\" alt=\"\" src=\"https:\/\/www.europesays.com\/canada\/wp-content\/uploads\/2026\/09\/Arbor_Memorial.jpg\" style=\"max-width: 75%; max-height: 85px; margin: 3px;\"\/><br \/>Tribute Link: www.glenlawn.ca<\/p>\n<p class=\"italic\">As published in Winnipeg Free Press on Sep 05, 2026<\/p>\n","protected":false},"excerpt":{"rendered":"Adjust Text Size: A+ A- PAULINE ST. VINCENT January 9, 1955 &#8211; August 30, 2026 Pauline was born&hellip;\n","protected":false},"author":2,"featured_media":197870,"comment_status":"","ping_status":"","sticky":false,"template":"","format":"standard","meta":{"footnotes":""},"categories":[12],"tags":[629,628,240,626,625,84,627],"class_list":["post-197869","post","type-post","status-publish","format-standard","has-post-thumbnail","category-winnipeg","tag-deaths","tag-in-memorium","tag-manitoba","tag-obituaries","tag-passages","tag-winnipeg","tag-winnipeg-free-press"],"_links":{"self":[{"href":"https:\/\/www.europesays.com\/canada\/wp-json\/wp\/v2\/posts\/197869","targetHints":{"allow":["GET"]}}],"collection":[{"href":"https:\/\/www.europesays.com\/canada\/wp-json\/wp\/v2\/posts"}],"about":[{"href":"https:\/\/www.europesays.com\/canada\/wp-json\/wp\/v2\/types\/post"}],"author":[{"embeddable":true,"href":"https:\/\/www.europesays.com\/canada\/wp-json\/wp\/v2\/users\/2"}],"replies":[{"embeddable":true,"href":"https:\/\/www.europesays.com\/canada\/wp-json\/wp\/v2\/comments?post=197869"}],"version-history":[{"count":0,"href":"https:\/\/www.europesays.com\/canada\/wp-json\/wp\/v2\/posts\/197869\/revisions"}],"wp:featuredmedia":[{"embeddable":true,"href":"https:\/\/www.europesays.com\/canada\/wp-json\/wp\/v2\/media\/197870"}],"wp:attachment":[{"href":"https:\/\/www.europesays.com\/canada\/wp-json\/wp\/v2\/media?parent=197869"}],"wp:term":[{"taxonomy":"category","embeddable":true,"href":"https:\/\/www.europesays.com\/canada\/wp-json\/wp\/v2\/categories?post=197869"},{"taxonomy":"post_tag","embeddable":true,"href":"https:\/\/www.europesays.com\/canada\/wp-json\/wp\/v2\/tags?post=197869"}],"curies":[{"name":"wp","href":"https:\/\/api.w.org\/{rel}","templated":true}]}}