{"id":121503,"date":"2026-05-12T23:21:20","date_gmt":"2026-05-12T23:21:20","guid":{"rendered":"https:\/\/www.europesays.com\/ch-de\/121503\/"},"modified":"2026-05-12T23:21:20","modified_gmt":"2026-05-12T23:21:20","slug":"die-haie-sind-zurueck-kulmbacher-kultband-feiert-emotionales-jubilaeum-kulmbach","status":"publish","type":"post","link":"https:\/\/www.europesays.com\/ch-de\/121503\/","title":{"rendered":"Die \u201eHaie\u201c sind zur\u00fcck: Kulmbacher Kultband feiert emotionales Jubil\u00e4um &#8211; Kulmbach"},"content":{"rendered":"<p> Hereinspaziert! Die T\u00fcr zum Proberaum \u00f6ffnet sich. Musiker, die sich schon eine Ewigkeit nicht mehr gesehen haben, umarmen sich, klopfen sich freundschaftlich auf die Schuler und sch\u00fctteln sich die H\u00e4nde. Es herrscht ein gro\u00dfes Hallo. Postkarten werden herumgereicht. Auf ihnen ist einen Banane mit der R\u00fcckenflosse eines Hais zu sehen. Bei eingefleischten Fans der Kulmbacher Musikszene macht es sofort Klick: Hier kann es sich nur um die Kulmbacher <a href=\"https:\/\/www.frankenpost.de\/thema\/Band\" title=\"Band\" class=\"art_thema\" rel=\"nofollow noopener\" target=\"_blank\">Band<\/a> \u201eShark\u201c handeln, die von ihren Fans liebevoll \u201eDie Haie\u201c genannt wird.<\/p>\n","protected":false},"excerpt":{"rendered":"Hereinspaziert! Die T\u00fcr zum Proberaum \u00f6ffnet sich. Musiker, die sich schon eine Ewigkeit nicht mehr gesehen haben, umarmen&hellip;\n","protected":false},"author":2,"featured_media":121504,"comment_status":"","ping_status":"","sticky":false,"template":"","format":"standard","meta":{"footnotes":"","_share_on_mastodon":"0"},"categories":[20],"tags":[710,46,68,711,30922,85,86,5301,2713,30923,45,44,21335,69],"class_list":["post-121503","post","type-post","status-publish","format-standard","has-post-thumbnail","category-musik","tag-band","tag-ch","tag-entertainment","tag-konzert","tag-kulmbach","tag-music","tag-musik","tag-punk","tag-rock","tag-rocker","tag-schweiz","tag-switzerland","tag-thema-kultur","tag-unterhaltung"],"share_on_mastodon":{"url":"https:\/\/pubeurope.com\/@ch_de\/116564169939028175","error":""},"_links":{"self":[{"href":"https:\/\/www.europesays.com\/ch-de\/wp-json\/wp\/v2\/posts\/121503","targetHints":{"allow":["GET"]}}],"collection":[{"href":"https:\/\/www.europesays.com\/ch-de\/wp-json\/wp\/v2\/posts"}],"about":[{"href":"https:\/\/www.europesays.com\/ch-de\/wp-json\/wp\/v2\/types\/post"}],"author":[{"embeddable":true,"href":"https:\/\/www.europesays.com\/ch-de\/wp-json\/wp\/v2\/users\/2"}],"replies":[{"embeddable":true,"href":"https:\/\/www.europesays.com\/ch-de\/wp-json\/wp\/v2\/comments?post=121503"}],"version-history":[{"count":0,"href":"https:\/\/www.europesays.com\/ch-de\/wp-json\/wp\/v2\/posts\/121503\/revisions"}],"wp:featuredmedia":[{"embeddable":true,"href":"https:\/\/www.europesays.com\/ch-de\/wp-json\/wp\/v2\/media\/121504"}],"wp:attachment":[{"href":"https:\/\/www.europesays.com\/ch-de\/wp-json\/wp\/v2\/media?parent=121503"}],"wp:term":[{"taxonomy":"category","embeddable":true,"href":"https:\/\/www.europesays.com\/ch-de\/wp-json\/wp\/v2\/categories?post=121503"},{"taxonomy":"post_tag","embeddable":true,"href":"https:\/\/www.europesays.com\/ch-de\/wp-json\/wp\/v2\/tags?post=121503"}],"curies":[{"name":"wp","href":"https:\/\/api.w.org\/{rel}","templated":true}]}}