{"id":172786,"date":"2026-06-17T22:25:28","date_gmt":"2026-06-17T22:25:28","guid":{"rendered":"https:\/\/www.europesays.com\/ch-de\/172786\/"},"modified":"2026-06-17T22:25:28","modified_gmt":"2026-06-17T22:25:28","slug":"zuerich-scheiben-am-us-konsulat-eingeschlagen","status":"publish","type":"post","link":"https:\/\/www.europesays.com\/ch-de\/172786\/","title":{"rendered":"Z\u00fcrich \u2013 Scheiben am US-Konsulat eingeschlagen"},"content":{"rendered":"<p>Nach Sachbesch\u00e4digungen am Amerikanischen Konsulat in Z\u00fcrich hat die Stadtpolizei drei mutmasslich beteiligte Personen festgenommen. Bei der Aktion wurden unter anderem Scheiben eingeschlagen und Sprayereien angebracht.<\/p>\n<p>Kurz vor 19.45 Uhr ging bei der Stadtpolizei Z\u00fcrich die Meldung ein, dass mehrere Personen vor dem Amerikanischen Konsulat aufgetaucht seien, Parolen skandiert h\u00e4tten und es zu <a href=\"https:\/\/polizeiticker.ch\/thema\/vandalismus\" rel=\"nofollow noopener\" target=\"_blank\">Sachbesch\u00e4digungen<\/a> am Konsulat gekommen sei. Vor Ort trafen die Polizisten auf eingeschlagene Scheiben sowie <a href=\"https:\/\/polizeiticker.ch\/thema\/sprayerei\" rel=\"nofollow noopener\" target=\"_blank\">Sprayereien<\/a>.<\/p>\n<p>Im Rahmen einer Nahbereichsfahndung konnten die Einsatzkr\u00e4fte drei mutmasslich involvierte Personen anhalten und kontrollieren.<\/p>\n<p>Die zwei Schweizerinnen im Alter von 20 Jahren sowie ein 18-j\u00e4hriger Schweizer wurden vor\u00fcbergehend festgenommen. Der angerichtete Sachschaden bel\u00e4uft sich auf mehrere tausend Franken.<\/p>\n<p>Quelle der Polizeinachricht: <a href=\"https:\/\/polizeiticker.ch\/thema\/stadtpolizei-zurich\" rel=\"nofollow noopener\" target=\"_blank\">Stapo ZH<\/a><\/p>\n","protected":false},"excerpt":{"rendered":"Nach Sachbesch\u00e4digungen am Amerikanischen Konsulat in Z\u00fcrich hat die Stadtpolizei drei mutmasslich beteiligte Personen festgenommen. Bei der Aktion&hellip;\n","protected":false},"author":2,"featured_media":172787,"comment_status":"","ping_status":"","sticky":false,"template":"","format":"standard","meta":{"footnotes":"","_share_on_mastodon":"0"},"categories":[25],"tags":[45,39846,2603,3158,104],"class_list":["post-172786","post","type-post","status-publish","format-standard","has-post-thumbnail","category-zuerich","tag-schweiz","tag-sprayerei","tag-stadtpolizei-zuerich","tag-vandalismus","tag-zuerich"],"share_on_mastodon":{"url":"https:\/\/pubeurope.com\/@ch_de\/116767793416354731","error":""},"_links":{"self":[{"href":"https:\/\/www.europesays.com\/ch-de\/wp-json\/wp\/v2\/posts\/172786","targetHints":{"allow":["GET"]}}],"collection":[{"href":"https:\/\/www.europesays.com\/ch-de\/wp-json\/wp\/v2\/posts"}],"about":[{"href":"https:\/\/www.europesays.com\/ch-de\/wp-json\/wp\/v2\/types\/post"}],"author":[{"embeddable":true,"href":"https:\/\/www.europesays.com\/ch-de\/wp-json\/wp\/v2\/users\/2"}],"replies":[{"embeddable":true,"href":"https:\/\/www.europesays.com\/ch-de\/wp-json\/wp\/v2\/comments?post=172786"}],"version-history":[{"count":0,"href":"https:\/\/www.europesays.com\/ch-de\/wp-json\/wp\/v2\/posts\/172786\/revisions"}],"wp:featuredmedia":[{"embeddable":true,"href":"https:\/\/www.europesays.com\/ch-de\/wp-json\/wp\/v2\/media\/172787"}],"wp:attachment":[{"href":"https:\/\/www.europesays.com\/ch-de\/wp-json\/wp\/v2\/media?parent=172786"}],"wp:term":[{"taxonomy":"category","embeddable":true,"href":"https:\/\/www.europesays.com\/ch-de\/wp-json\/wp\/v2\/categories?post=172786"},{"taxonomy":"post_tag","embeddable":true,"href":"https:\/\/www.europesays.com\/ch-de\/wp-json\/wp\/v2\/tags?post=172786"}],"curies":[{"name":"wp","href":"https:\/\/api.w.org\/{rel}","templated":true}]}}