{"id":248844,"date":"2026-08-13T07:00:13","date_gmt":"2026-08-13T07:00:13","guid":{"rendered":"https:\/\/www.europesays.com\/ch-de\/248844\/"},"modified":"2026-08-13T07:00:13","modified_gmt":"2026-08-13T07:00:13","slug":"tobias-doeppelhan-kulmbachs-mann-fuer-die-promis-kulmbach","status":"publish","type":"post","link":"https:\/\/www.europesays.com\/ch-de\/248844\/","title":{"rendered":"Tobias D\u00f6ppelhan: Kulmbachs Mann f\u00fcr die Promis &#8211; Kulmbach"},"content":{"rendered":"<p>Wie f\u00fchlt sich die oberfr\u00e4nkische Provinz f\u00fcr jemanden an, der sich in der Welt der Prominenten auskennt, bestens vernetzt mit Unternehmen und Agenturen ist, mit Entscheidern auf Du und Du steht und lange auf dem schillernden Hamburger Parkett gelebt hat? Vor acht Jahren ist Tobias D\u00f6ppelhan nach <a href=\"https:\/\/www.frankenpost.de\/thema\/Kulmbach\" title=\"Kulmbach\" class=\"art_thema\" rel=\"nofollow noopener\" target=\"_blank\">Kulmbach<\/a> gezogen. Nach der Geburt des gemeinsamen Sohne habe seine Frau Sehnsucht nach ihrer Geburtsstadt bekommen, erz\u00e4hlt der 52-j\u00e4hrige Vermarktungsprofi.<\/p>\n","protected":false},"excerpt":{"rendered":"Wie f\u00fchlt sich die oberfr\u00e4nkische Provinz f\u00fcr jemanden an, der sich in der Welt der Prominenten auskennt, bestens&hellip;\n","protected":false},"author":2,"featured_media":248845,"comment_status":"","ping_status":"","sticky":false,"template":"","format":"standard","meta":{"footnotes":"","_share_on_mastodon":"0"},"categories":[24],"tags":[101,46,68,33553,30922,102,327,45,44,53634,53635,69],"class_list":["post-248844","post","type-post","status-publish","format-standard","has-post-thumbnail","category-prominente","tag-celebrities","tag-ch","tag-entertainment","tag-felix-neureuther","tag-kulmbach","tag-prominente","tag-promis","tag-schweiz","tag-switzerland","tag-themaleute","tag-tobias-doeppelhan","tag-unterhaltung"],"share_on_mastodon":{"url":"https:\/\/pubeurope.com\/@ch_de\/117086906899173849","error":""},"_links":{"self":[{"href":"https:\/\/www.europesays.com\/ch-de\/wp-json\/wp\/v2\/posts\/248844","targetHints":{"allow":["GET"]}}],"collection":[{"href":"https:\/\/www.europesays.com\/ch-de\/wp-json\/wp\/v2\/posts"}],"about":[{"href":"https:\/\/www.europesays.com\/ch-de\/wp-json\/wp\/v2\/types\/post"}],"author":[{"embeddable":true,"href":"https:\/\/www.europesays.com\/ch-de\/wp-json\/wp\/v2\/users\/2"}],"replies":[{"embeddable":true,"href":"https:\/\/www.europesays.com\/ch-de\/wp-json\/wp\/v2\/comments?post=248844"}],"version-history":[{"count":0,"href":"https:\/\/www.europesays.com\/ch-de\/wp-json\/wp\/v2\/posts\/248844\/revisions"}],"wp:featuredmedia":[{"embeddable":true,"href":"https:\/\/www.europesays.com\/ch-de\/wp-json\/wp\/v2\/media\/248845"}],"wp:attachment":[{"href":"https:\/\/www.europesays.com\/ch-de\/wp-json\/wp\/v2\/media?parent=248844"}],"wp:term":[{"taxonomy":"category","embeddable":true,"href":"https:\/\/www.europesays.com\/ch-de\/wp-json\/wp\/v2\/categories?post=248844"},{"taxonomy":"post_tag","embeddable":true,"href":"https:\/\/www.europesays.com\/ch-de\/wp-json\/wp\/v2\/tags?post=248844"}],"curies":[{"name":"wp","href":"https:\/\/api.w.org\/{rel}","templated":true}]}}